{"id":127467,"date":"2025-09-20T13:05:20","date_gmt":"2025-09-20T13:05:20","guid":{"rendered":"https:\/\/www.europesays.com\/es\/127467\/"},"modified":"2025-09-20T13:05:20","modified_gmt":"2025-09-20T13:05:20","slug":"janire-garcia-libreria-liber-2000-una-segunda-vida-para-esta-libreria-refugio-friki-y-centro-de-reunion","status":"publish","type":"post","link":"https:\/\/www.europesays.com\/es\/127467\/","title":{"rendered":"Janire Garc\u00eda, Librer\u00eda Liber 2000: una segunda vida para esta librer\u00eda, &#8216;refugio friki&#8217; y centro de reuni\u00f3n"},"content":{"rendered":"<p class=\"v-mdl-ath__p v-mdl-ath__p--2\">\nLaura A. Izaguirre\n<\/p>\n<p class=\"v-mdl-ath__p v-mdl-ath__p--3\">\nCon la colaboraci\u00f3n del departamento de Turismo, Comercio y Consumo del Gobierno vasco\n<\/p>\n<p class=\"v-mdl-ath__p v-mdl-ath__p--6\">\nS\u00e1bado, 20 de septiembre 2025, 01:07<\/p>\n<p>| Actualizado 10:00h.<\/p>\n<p class=\"v-p\">Hay comercios que se convierten en peque\u00f1os refugios, tanto para quienes los regentan como para sus clientes. La Librer\u00eda Liber 2000 lo fue para Janire Garc\u00eda en un momento vital complicado. \u00abSoy contable y llevaba 10 a\u00f1os trabajando en una asesor\u00eda, hasta que mi salud mental y f\u00edsica empez\u00f3 a resentirse y vi que necesitaba un cambio\u00bb, recuerda. Lectora empedernida, \u00abla ilusi\u00f3n de mi vida siempre hab\u00eda sido tener una librer\u00eda, as\u00ed que empec\u00e9 a preguntar, a mirar locales y a tantear la inversi\u00f3n que se necesitaba\u00bb, confiesa. <\/p>\n<p class=\"v-p\">Pero entonces, como pasa muchas veces en la vida, entr\u00f3 en juego la casualidad. \u00abLa propietaria de mi librer\u00eda de confianza es amiga, y al comentarle mi idea me anim\u00f3 much\u00edsimo. Un d\u00eda me mand\u00f3 un mensaje: &#8216;Janire, vente para ac\u00e1 que ya tienes librer\u00eda&#8217;\u00bb. La persona que regentaba hasta entonces Liber 2000 en Portugalete se jubilaba y buscaba a alguien que cogiera el testigo. \u00abEn el momento en que supe qu\u00e9 establecimiento era dije: &#8216;Tengo que hacerme con ella s\u00ed o s\u00ed&#8217;\u00bb.<\/p>\n<p class=\"v-p\">Lo dem\u00e1s es historia y con el apoyo de la C\u00e1mara de Comercio y del programa &#8216;Berriz Enpresa&#8217; del Gobierno vasco dirigido a facilitar el relevo generacional en el comercio comenz\u00f3 a andar un camino \u00abque medit\u00e9 mucho\u00bb. Fue un proceso \u00abmuy intenso\u00bb, pero \u00abme asesoraron en todo\u00bb, desde los pasos que ten\u00eda que dar para empezar hasta diferentes temas relacionados con la gesti\u00f3n. \u00abM\u00e1s cosas no he podido preguntarles, y han sido un gran apoyo\u00bb, admite. Ellos y la persona que le traspas\u00f3 el negocio, con quien estuvo durante todo 2023 aprendiendo, codo con codo.<\/p>\n<p class=\"v-p\">Pese a todo, la incertidumbre de quien da el paso del emprendimiento es inevitable, m\u00e1s a\u00fan en un negocio como este y en una \u00e9poca en la que priman las pantallas. \u00abYo me dec\u00eda: &#8216;A m\u00ed me gusta leer y hacerlo en papel, pero&#8230; \u00bfla librer\u00eda funcionar\u00e1?, \u00bfvendr\u00e1 la gente o todo el mundo se compra ebook o los descarga?&#8217;. Y la verdad es que me ha sorprendido gratamente porque empec\u00e9 en 2024 y este a\u00f1o ya he notado que se venden m\u00e1s libros y la gente me dice que prefiere leer en papel\u00bb, se congratula.<\/p>\n<p>\u00abMuch\u00edsimo trabajo\u00bb<\/p>\n<p class=\"v-p\">De hecho, en este a\u00f1o y medio Janire puede presumir de tener much\u00edsimo trabajo. \u00abCuando cog\u00ed la librer\u00eda me dec\u00edan &#8216;\u00a1Ay, qu\u00e9 bien, te vas a pasar el d\u00eda leyendo!&#8217;, y es cuando menos lo estoy haciendo de toda mi vida; vamos, que he pasado de leer 30 libros al a\u00f1o a unos 10. No me dan las horas, pero mi balance es muy positivo porque adem\u00e1s de estar mucho m\u00e1s relajada a nivel de salud, me gusta much\u00edsimo lo que hago, la gente est\u00e1 respondiendo bien al cambio y me estoy haciendo una clientela fiel\u00bb, hace balance.<\/p>\n<p class=\"v-p\">Janire afronta as\u00ed un presente en el que admite que \u00abme gustar\u00eda acabar de coger el punto a la gesti\u00f3n\u00bb y un futuro que se vislumbra prometedor. Adem\u00e1s de libros, en Liber 2000 hay material escolar, papeler\u00eda y juegos de mesa. Pero lo que hace especial a esta librer\u00eda portugaluja es su apuesta por lo diferente. \u00abQuiero crear una secci\u00f3n importante de c\u00f3mics y novela gr\u00e1fica, y traer literatura independiente de editoriales m\u00e1s peque\u00f1as y desconocidas que tienen libros que valen mucho la pena para que la gente descubra novelas nuevas y apostar por el &#8216;friquismo&#8217;, la fantas\u00eda, la ciencia ficci\u00f3n&#8230;\u00bb, augura Janire. Y no s\u00f3lo eso sino que \u00abme gustar\u00eda exprimir la librer\u00eda al m\u00e1ximo y convertirla en un centro en el que se re\u00fana la gente a hablar de libros, a hacer presentaciones, clubs de lectura, talleres&#8230;\u00bb, concluye.<\/p>\n<p>Comenta<\/p>\n<p>Reporta un error<\/p>\n","protected":false},"excerpt":{"rendered":"Laura A. Izaguirre Con la colaboraci\u00f3n del departamento de Turismo, Comercio y Consumo del Gobierno vasco S\u00e1bado, 20&hellip;\n","protected":false},"author":2,"featured_media":127468,"comment_status":"","ping_status":"","sticky":false,"template":"","format":"standard","meta":{"footnotes":""},"categories":[172],"tags":[224,245,146,147,25,24,7717,11532,225,12319,7458,3745,23,2606],"class_list":{"0":"post-127467","1":"post","2":"type-post","3":"status-publish","4":"format-standard","5":"has-post-thumbnail","7":"category-libros","8":"tag-books","9":"tag-centro","10":"tag-entertainment","11":"tag-entretenimiento","12":"tag-es","13":"tag-espana","14":"tag-friki","15":"tag-libreria","16":"tag-libros","17":"tag-refugio","18":"tag-reunion","19":"tag-segunda","20":"tag-spain","21":"tag-vida"},"share_on_mastodon":{"url":"","error":""},"_links":{"self":[{"href":"https:\/\/www.europesays.com\/es\/wp-json\/wp\/v2\/posts\/127467","targetHints":{"allow":["GET"]}}],"collection":[{"href":"https:\/\/www.europesays.com\/es\/wp-json\/wp\/v2\/posts"}],"about":[{"href":"https:\/\/www.europesays.com\/es\/wp-json\/wp\/v2\/types\/post"}],"author":[{"embeddable":true,"href":"https:\/\/www.europesays.com\/es\/wp-json\/wp\/v2\/users\/2"}],"replies":[{"embeddable":true,"href":"https:\/\/www.europesays.com\/es\/wp-json\/wp\/v2\/comments?post=127467"}],"version-history":[{"count":0,"href":"https:\/\/www.europesays.com\/es\/wp-json\/wp\/v2\/posts\/127467\/revisions"}],"wp:featuredmedia":[{"embeddable":true,"href":"https:\/\/www.europesays.com\/es\/wp-json\/wp\/v2\/media\/127468"}],"wp:attachment":[{"href":"https:\/\/www.europesays.com\/es\/wp-json\/wp\/v2\/media?parent=127467"}],"wp:term":[{"taxonomy":"category","embeddable":true,"href":"https:\/\/www.europesays.com\/es\/wp-json\/wp\/v2\/categories?post=127467"},{"taxonomy":"post_tag","embeddable":true,"href":"https:\/\/www.europesays.com\/es\/wp-json\/wp\/v2\/tags?post=127467"}],"curies":[{"name":"wp","href":"https:\/\/api.w.org\/{rel}","templated":true}]}}