{"id":127469,"date":"2025-09-20T13:06:24","date_gmt":"2025-09-20T13:06:24","guid":{"rendered":"https:\/\/www.europesays.com\/es\/127469\/"},"modified":"2025-09-20T13:06:24","modified_gmt":"2025-09-20T13:06:24","slug":"el-concurso-de-talentos-encumbra-a-paula-menendez","status":"publish","type":"post","link":"https:\/\/www.europesays.com\/es\/127469\/","title":{"rendered":"El Concurso de Talentos encumbra a Paula Men\u00e9ndez"},"content":{"rendered":"<p><a class=\"v-mdl-ath__fig-a\" href=\"https:\/\/www.elcomercio.es\/autor\/cristina-del-rio-255.html\" title=\"Cristina Del R\u00edo\" rel=\"nofollow noopener\" target=\"_blank\"><br \/>\n<img decoding=\"async\" class=\"v-mdl-ath__img\" src=\"https:\/\/www.europesays.com\/es\/wp-content\/uploads\/2025\/09\/autor-255-foto-4.jpeg\" alt=\"Cristina Del R\u00edo\"\/><br \/>\n<\/a><\/p>\n<p class=\"v-mdl-ath__p v-mdl-ath__p--6\">\nS\u00e1bado, 20 de septiembre 2025, 02:00<\/p>\n<p class=\"v-p\">Cuando la gijonesa Paula Men\u00e9ndez subi\u00f3 al escenario de la sala de conferencias de la Casa de la Cultura con sus pantalones negros encerados y su camiseta de &#8216;Warcry&#8217;, su indumentaria invitaba a pensar que iba a dejar al p\u00fablico pegado a la silla con una canci\u00f3n &#8216;heavy metal&#8217; mientras azotaba su melena hacia delante y detr\u00e1s. Craso error. Se disputaba el Concurso de Talentos del Festival DiversAvil\u00e9s y sali\u00f3 a darlo todo con una canci\u00f3n \u00abmarchosa y para que bail\u00e9is todos\u00bb. Y as\u00ed, al ritmo de &#8216;Cuando t\u00fa vas&#8217;, de Chenoa, no s\u00f3lo conquist\u00f3 al auditorio sino a un jurado que sud\u00f3 tinta para afinar las puntuaciones y elegir a un justo ganador. Ganadora, en este caso. Paula Men\u00e9ndez gan\u00f3 dos entradas para un partido del Sporting de Gij\u00f3n en El Molin\u00f3n, tras el cual podr\u00e1 bajar al vestuario y charlar con los jugadores. <\/p>\n<p class=\"v-p\">El Concurso de Talentos, celebrado en el marco del Festival DiversAvil\u00e9s, llen\u00f3 ayer de algarab\u00eda y diversi\u00f3n la sala de conferencias de la Casa de la Cultura. Con participantes de Gij\u00f3n y del centro Don Orione, de Posada de Llanes, los cantantes dieron el do de pecho para hacerse con uno de los tres premios que se concedieron. Consistieron en una foca realizada en la Escuela de Cer\u00e1mica de Avil\u00e9s, una taza de desayuno y un bollo de Avil\u00e9s. <\/p>\n<p class=\"v-p\">Rompi\u00f3 el hielo, en la gala presentada por Berni y por Laura Ortiz, Sandra Fuentecilla con la canci\u00f3n del &#8216;Toro enamorado de la luna&#8217;, aunque fueron Vanesa de la Torre y Carmen Bustamante las que, con su interpretaci\u00f3n de Pimpinela, terminaron de meter en calor al p\u00fablico. Y eso que no lo tuvieron f\u00e1cil porque unos problemas iniciales con el sonido interrumpieron su interpretaci\u00f3n, contratiempo al que se sobrepusieron con creces. Derrocharon dramatismo y, como lleg\u00f3 a decir la presentadora, \u00abpor momentos estaba pensando si subir a separaros\u00bb. \u00ab\u00a1Vaya remangu!\u00bb, apostill\u00f3. <\/p>\n<p class=\"v-p\">Nadia, de Gij\u00f3n, interpret\u00f3 &#8216;Qu\u00e9date conmigo&#8217;, de Pastora Soler, una canci\u00f3n mel\u00f3dica que logr\u00f3 templar unos \u00e1nimos que volvieron a subir con &#8216;Y yo sigo aqu\u00ed&#8217;, de Paulina Rubio, en la voz de Gabriela, que le quiso dedicar el tema a su novio Candi. La confesi\u00f3n fue recibida con pasi\u00f3n por todos, incluidos los presentadores que se tuvieron que contener para no hacer preguntas indiscretas. <\/p>\n<p class=\"v-p\">Completaron el elenco de artistas Francisco Cascales, que cant\u00f3 &#8216;Elche, sol y palmeras&#8217; y Jes\u00fas y Alba que escogieron &#8216;Viento del Norte&#8217;, de Nando Ag\u00fceros.<\/p>\n<p class=\"v-p\">Finalmente, el jurado formado por Anabel Barrio, la directora de la Factor\u00eda Cultural, el director de teatro Jos\u00e9 Busto y por la psic\u00f3loga Inma Ruiz Lezama, escogieron como ganadora a Paula Men\u00e9ndez. <\/p>\n<p class=\"v-p\">DiversAvil\u00e9s, el festival que celebra una cultura accesible e inclusiva, continu\u00f3 por la tarde con talleres de djs impartido por Berni Caverni y de zumba de la mano de Gaby Zin en la Factor\u00eda Cultural, que tambi\u00e9n fue el escenario de la actuaci\u00f3n de los dj Pascal Kleiman y Sandy Love. Adem\u00e1s, el Grupo Filat\u00e9lico Avilesino instal\u00f3 la estafeta postal en la que se puso en circulaci\u00f3n el sello, matasellos y tarjeta Tu Sello conmemorativos de DiversAvil\u00e9s, algo que tuvo lugar en la Casa Municipal de Cultura. <\/p>\n<p class=\"v-p\">Hoy, s\u00e1bado, continuar\u00e1n las actividades y se celebrar\u00e1 un pase de modelos, a las 17 horas, en la Casa de Cultura; una actuaci\u00f3n de percusi\u00f3n y freestyle, en la Factor\u00eda Cultural, de 19 a 21 horas; y, a las 20 horas, Freestyle People, tambi\u00e9n en la Factor\u00eda Cultural.<\/p>\n<p>Comenta<\/p>\n<p>Reporta un error<\/p>\n","protected":false},"excerpt":{"rendered":"S\u00e1bado, 20 de septiembre 2025, 02:00 Cuando la gijonesa Paula Men\u00e9ndez subi\u00f3 al escenario de la sala de&hellip;\n","protected":false},"author":2,"featured_media":127470,"comment_status":"","ping_status":"","sticky":false,"template":"","format":"standard","meta":{"footnotes":""},"categories":[171],"tags":[4023,41278,146,147,25,24,41279,8464,23,5938,214],"class_list":{"0":"post-127469","1":"post","2":"type-post","3":"status-publish","4":"format-standard","5":"has-post-thumbnail","7":"category-tv","8":"tag-concurso","9":"tag-encumbra","10":"tag-entertainment","11":"tag-entretenimiento","12":"tag-es","13":"tag-espana","14":"tag-menendez","15":"tag-paula","16":"tag-spain","17":"tag-talentos","18":"tag-tv"},"share_on_mastodon":{"url":"","error":""},"_links":{"self":[{"href":"https:\/\/www.europesays.com\/es\/wp-json\/wp\/v2\/posts\/127469","targetHints":{"allow":["GET"]}}],"collection":[{"href":"https:\/\/www.europesays.com\/es\/wp-json\/wp\/v2\/posts"}],"about":[{"href":"https:\/\/www.europesays.com\/es\/wp-json\/wp\/v2\/types\/post"}],"author":[{"embeddable":true,"href":"https:\/\/www.europesays.com\/es\/wp-json\/wp\/v2\/users\/2"}],"replies":[{"embeddable":true,"href":"https:\/\/www.europesays.com\/es\/wp-json\/wp\/v2\/comments?post=127469"}],"version-history":[{"count":0,"href":"https:\/\/www.europesays.com\/es\/wp-json\/wp\/v2\/posts\/127469\/revisions"}],"wp:featuredmedia":[{"embeddable":true,"href":"https:\/\/www.europesays.com\/es\/wp-json\/wp\/v2\/media\/127470"}],"wp:attachment":[{"href":"https:\/\/www.europesays.com\/es\/wp-json\/wp\/v2\/media?parent=127469"}],"wp:term":[{"taxonomy":"category","embeddable":true,"href":"https:\/\/www.europesays.com\/es\/wp-json\/wp\/v2\/categories?post=127469"},{"taxonomy":"post_tag","embeddable":true,"href":"https:\/\/www.europesays.com\/es\/wp-json\/wp\/v2\/tags?post=127469"}],"curies":[{"name":"wp","href":"https:\/\/api.w.org\/{rel}","templated":true}]}}