{"id":127475,"date":"2025-09-20T13:10:10","date_gmt":"2025-09-20T13:10:10","guid":{"rendered":"https:\/\/www.europesays.com\/es\/127475\/"},"modified":"2025-09-20T13:10:10","modified_gmt":"2025-09-20T13:10:10","slug":"por-que-se-producen-temblores-en-el-parpado-y-tics-en-los-ojos-y-como-podemos-evitarlos","status":"publish","type":"post","link":"https:\/\/www.europesays.com\/es\/127475\/","title":{"rendered":"Por qu\u00e9 se producen temblores en el p\u00e1rpado y tics en los ojos y c\u00f3mo podemos evitarlos"},"content":{"rendered":"\n<p style=\"margin-top: -1.5rem; color: var(--ov-red); font-style: italic;\">Actualizado hace 7 minutos<\/p>\n<p> Septiembre es el mes de la<strong> vuelta a la rutina<\/strong> con el fin de las vacaciones de verano, la reincorporaci\u00f3n al <strong>trabajo <\/strong>y el inicio del <strong>curso escolar<\/strong><strong>,<\/strong> aspectos que lo convierten en <strong>una de las fechas m\u00e1s <\/strong><strong>estresantes <\/strong><strong>de todo el a\u00f1o<\/strong>. <\/p>\n<p> Debido a este c\u00famulo de cambios <strong>tras el relax estival<\/strong>, muchas personas sufren <strong>estr\u00e9s <\/strong>y sus s\u00edntomas asociados como son <strong>tristeza, fatiga o problemas de sue\u00f1o<\/strong>, as\u00ed como<strong> problemas de visi\u00f3n<\/strong>. <\/p>\n<p> Entre las <strong>manifestaciones <\/strong>m\u00e1s comunes del estr\u00e9s en la <strong>salud visual<\/strong> est\u00e1n los <strong>temblores en el p\u00e1rpado<\/strong>, conocidos como temblores palpebrales, <strong>tics en los ojos<\/strong>, as\u00ed como <strong>la inflamaci\u00f3n ocular, el aura visual o la visi\u00f3n borrosa<\/strong>. Por todo ello, los oftalm\u00f3logos de Cl\u00ednica Baviera ofrecen una serie de <strong>consejos para prevenir las consecuencias del estr\u00e9s en los ojos<\/strong>.<\/p>\n<p> <img decoding=\"async\" width=\"2000\" height=\"1333\" class=\"img-fluid ar-2000x1333 lazyload lazyload-image\" loading=\"lazy\" src=\"https:\/\/www.europesays.com\/es\/wp-content\/uploads\/2025\/09\/99249104-a5ae-4dc4-8c6a-3dc330bfd2c7_source-aspect.jpg\" alt=\"Un hombre coloca su mano bajo el ojo al sentir el inc\u00f3modo latido.\" title=\"\" data-media_id=\"385211\" data-wb_ready=\"1\"\/> <\/p>\n<p class=\"news-article__multimedia-caption\"> Un hombre coloca su mano bajo el ojo al sentir el inc\u00f3modo latido. <\/p>\n<p> Por qu\u00e9 se producen<\/p>\n<p> <strong>Los temblores en los ojos <\/strong>suelen ser los <strong>s\u00edntomas m\u00e1s comunes de estr\u00e9s <\/strong>que afectan a la visi\u00f3n. \u201cLos tics faciales, como el temblor en el ojo, son <strong>espasmos repetitivos<\/strong> que aparecen en un peque\u00f1o <strong>m\u00fasculo<\/strong>, el m\u00fasculo de M\u00fcller, uno de los <strong>que sirve para elevar el p\u00e1rpado<\/strong>, por lo que no afecta al movimiento del ojo en s\u00ed\u00bb, explica el doctor Fernando Llovet, oftalm\u00f3logo cofundador de Cl\u00ednica Baviera. <\/p>\n<p> El experto a\u00f1ade que \u00absu funcionamiento est\u00e1<strong> controlado por el sistema nervioso simp\u00e1tico, act\u00faa de forma involuntaria<\/strong> y se puede activar en situaciones de <strong>estr\u00e9s <\/strong>en las que <strong>liberamos mucha adrenalina<\/strong>. Las situaciones de <strong>cansancio extremo<\/strong>, por la <strong>falta de horas de sue\u00f1o<\/strong>, o el<strong> exceso de trabajo<\/strong> y<strong> uso de pantallas<\/strong>, tambi\u00e9n pueden desencadenarlos\u201d. Al ser temporales, no requieren de un <strong>tratamiento espec\u00edfico<\/strong>.<\/p>\n<p>Visi\u00f3n borrosa<\/p>\n<p> El estr\u00e9s tambi\u00e9n puede causar problemas de visi\u00f3n borrosa por una <strong>inflamaci\u00f3n ocular llamada maculopat\u00eda serosa central,<\/strong> que incluso puede derivar en una <strong>p\u00e9rdida de visi\u00f3n repentina<\/strong>. \u201cEn estos casos s\u00ed es necesario<strong> acudir a un oftalm\u00f3logo<\/strong> para que pueda determinar el <strong>mejor tratamiento a seguir<\/strong>, sobre todo si se sufre una p\u00e9rdida repentina de la visi\u00f3n que puede ser<strong> s\u00edntoma de otras afecciones<\/strong>, como un desprendimiento de retina\u201d, sostiene el doctor Llovet.<\/p>\n<p> <img decoding=\"async\" width=\"2000\" height=\"1334\" class=\"img-fluid ar-1000x667 lazyload lazyload-image\" loading=\"lazy\" src=\"https:\/\/www.europesays.com\/es\/wp-content\/uploads\/2025\/09\/16c16363-5839-47d8-ab8a-6050330a9043_source-aspect.jpg\" alt=\"Una oftalm\u00f3loga revisa la vista a una paciente.\" title=\"\" data-media_id=\"385212\" data-wb_ready=\"1\"\/> <\/p>\n<p class=\"news-article__multimedia-caption\"> Una oftalm\u00f3loga revisa la vista a una paciente. <\/p>\n<p> Alteraciones visuales<\/p>\n<p> Adem\u00e1s, como consecuencia del estr\u00e9s tambi\u00e9n pueden ser comunes algunas alteraciones visuales como <strong>haces de luz en forma de zigzag, puntos ciegos, destellos, sensibilidad a la luz<\/strong>, entre otros, conocidos como <strong>episodios de aura visual por estr\u00e9s<\/strong>. \u201cPor lo general, duran pocos minutos, pero <strong>derivan en dolor de cabeza<\/strong> o migra\u00f1a que puede durar desde varias horas a varios d\u00edas y en este caso s\u00ed necesitamos que sea controlado\u201d, afirma el doctor Llovet.<\/p>\n<p>Prevenci\u00f3n<\/p>\n<p> Aunque las situaciones de estr\u00e9s, sobre todo si son prolongadas en el tiempo, deber\u00edan ser abordadas por diferentes especialistas puesto que afectan a diversas \u00e1reas de la salud, s\u00ed que es cierto que hay una serie de<strong> medidas generales<\/strong> que pueden llevarse a cabo<strong> para prevenirlas<\/strong>.\u00a0Por ello, los oftalm\u00f3logos de Cl\u00ednica Baviera, conscientes de que cualquier persona puede sufrir en cualquier momento afecciones en los ojos derivadas del estr\u00e9s, aconsejan:<\/p>\n<p> &#8211; <strong>Evitar <\/strong>el consumo de <strong>sustancias excitantes<\/strong> como cafe\u00edna, tabaco, alcohol, etc. <\/p>\n<p> &#8211; Hacer <strong>deporte, pasear, escuchar m\u00fasica<\/strong> y cualquier <strong>actividad <\/strong>que resulte<strong> relajante y placentera<\/strong>.<\/p>\n<p> &#8211; Realizar un <strong>buen descanso<\/strong>, durmiendo entre 7 y 8 horas al d\u00eda.<\/p>\n<p> &#8211;<strong> Evitar el exceso de trabajo<\/strong>, aprendiendo a delegar, y las situaciones de agotamiento f\u00edsico o mental.<\/p>\n<p> &#8211; Identificar la <strong>causa del estr\u00e9s<\/strong> e intentar evitarla.<\/p>\n<p> &#8211; Practicar <strong>t\u00e9cnicas de relajaci\u00f3n<\/strong>, ejercicios de respiraci\u00f3n y meditaci\u00f3n.<\/p>\n<p> &#8211; <strong>Acudir a un oftalm\u00f3logo<\/strong> en caso de que los s\u00edntomas sean m\u00e1s duraderos.<\/p>\n<p> &#8211; <strong>Mantener el ojo bien hidratado<\/strong>, sobre todo los p\u00e1rpados, la c\u00f3rnea y la conjuntiva.<\/p>\n<p> &#8211; Cuidar la alimentaci\u00f3n con una <strong>dieta equilibrada<\/strong> que garantice un buen funcionamiento de los sistemas circulatorio y nervioso.<\/p>\n<p> Si eres consciente de sufrir en tus <strong>ojos <\/strong>alg\u00fan <strong>s\u00edntoma de estr\u00e9s<\/strong>, presta atenci\u00f3n a los <strong>consejos <\/strong>de los expertos que contribuir\u00e1n a <strong>mejorar tu salud visual<\/strong>.<\/p>\n","protected":false},"excerpt":{"rendered":"Actualizado hace 7 minutos Septiembre es el mes de la vuelta a la rutina con el fin de&hellip;\n","protected":false},"author":2,"featured_media":127476,"comment_status":"","ping_status":"","sticky":false,"template":"","format":"standard","meta":{"footnotes":""},"categories":[92],"tags":[25,24,165,166,23],"class_list":{"0":"post-127475","1":"post","2":"type-post","3":"status-publish","4":"format-standard","5":"has-post-thumbnail","7":"category-salud","8":"tag-es","9":"tag-espana","10":"tag-health","11":"tag-salud","12":"tag-spain"},"share_on_mastodon":{"url":"","error":""},"_links":{"self":[{"href":"https:\/\/www.europesays.com\/es\/wp-json\/wp\/v2\/posts\/127475","targetHints":{"allow":["GET"]}}],"collection":[{"href":"https:\/\/www.europesays.com\/es\/wp-json\/wp\/v2\/posts"}],"about":[{"href":"https:\/\/www.europesays.com\/es\/wp-json\/wp\/v2\/types\/post"}],"author":[{"embeddable":true,"href":"https:\/\/www.europesays.com\/es\/wp-json\/wp\/v2\/users\/2"}],"replies":[{"embeddable":true,"href":"https:\/\/www.europesays.com\/es\/wp-json\/wp\/v2\/comments?post=127475"}],"version-history":[{"count":0,"href":"https:\/\/www.europesays.com\/es\/wp-json\/wp\/v2\/posts\/127475\/revisions"}],"wp:featuredmedia":[{"embeddable":true,"href":"https:\/\/www.europesays.com\/es\/wp-json\/wp\/v2\/media\/127476"}],"wp:attachment":[{"href":"https:\/\/www.europesays.com\/es\/wp-json\/wp\/v2\/media?parent=127475"}],"wp:term":[{"taxonomy":"category","embeddable":true,"href":"https:\/\/www.europesays.com\/es\/wp-json\/wp\/v2\/categories?post=127475"},{"taxonomy":"post_tag","embeddable":true,"href":"https:\/\/www.europesays.com\/es\/wp-json\/wp\/v2\/tags?post=127475"}],"curies":[{"name":"wp","href":"https:\/\/api.w.org\/{rel}","templated":true}]}}