{"id":127479,"date":"2025-09-20T13:12:08","date_gmt":"2025-09-20T13:12:08","guid":{"rendered":"https:\/\/www.europesays.com\/es\/127479\/"},"modified":"2025-09-20T13:12:08","modified_gmt":"2025-09-20T13:12:08","slug":"la-proxima-tecnologia-portatil-importante-seran-las-gafas","status":"publish","type":"post","link":"https:\/\/www.europesays.com\/es\/127479\/","title":{"rendered":"la pr\u00f3xima tecnolog\u00eda port\u00e1til importante ser\u00e1n las gafas"},"content":{"rendered":"<p>Las grandes compa\u00f1\u00edas tecnol\u00f3gicas no pueden centrar todos sus esfuerzos en un \u00fanico campo, por mucho que \u00e9ste prometa, como puede ocurrir con la inteligencia artificial. Es por ello que los esfuerzos de firmas como Meta <b>se diversifican tratando de ampliar horizontes<\/b>: aplicaciones y plataformas, realidad virtual, aprendizaje autom\u00e1tico, <a title=\"infraestructuras\" href=\"https:\/\/www.larazon.es\/tecnologia-consumo\/superclusters-tamano-manhattan-faraonico-proyecto-mark-zuckerberg-alcanzar-superinteligencia_20250719687a4c976e1ec26d313486f6.html\" target=\"_blank\" rel=\"nofollow noopener\">infraestructuras<\/a> y por supuesto wearables.<\/p>\n<p>En esa l\u00ednea, Meta present\u00f3 el pasado mi\u00e9rcoles las <a title=\"nuevas gafas Meta Ray-Ban Display AI\" href=\"https:\/\/www.larazon.es\/tecnologia-consumo\/nuevas-meta-rayban-display-asi-son-nuevas-gafas-pantalla-integrada_2025091868cbbe101b05386b629ff365.html\" target=\"_blank\" rel=\"nofollow noopener\">nuevas gafas Meta Ray-Ban Display AI<\/a>, con un precio de 799 d\u00f3lares. Un dispositivo que, pese a los <b>problemas de uso sufridos durante la presentaci\u00f3n,<\/b> cuentan con la plena confianza de Chris Cox, Director de Producto de la compa\u00f1\u00eda con sede en Menlo Park- Tal es su fe que el propio Cox afirm\u00f3 que las gafas inteligentes ser\u00e1n \u00abla pr\u00f3xima tecnolog\u00eda port\u00e1til importante\u00bb.<\/p>\n<p>El \u00e9xito de modelos previos y la competencia en el horizonte<\/p>\n<p>Este dispositivo busca redefinir la interacci\u00f3n humana con la tecnolog\u00eda, integr\u00e1ndola de manera m\u00e1s natural en la vida diaria y Cox explic\u00f3 durante su <a title=\"entrevista con Julia Boorstin de CNBC\" href=\"https:\/\/www.cnbc.com\/2025\/09\/18\/meta-ray-ban-glasses-chris-cox.html\" target=\"_blank\" rel=\"nofollow noopener\">entrevista con Julia Boorstin de CNBC<\/a> que la interacci\u00f3n con estos dispositivos ser\u00e1 \u00abm\u00e1s natural\u00bb en esta segunda generaci\u00f3n. Los usuarios, tal como apunt\u00f3 el director de producto de Meta, <b>hablar\u00e1n con ellas, ver\u00e1n a trav\u00e9s de ellas y utilizar\u00e1n gestos similares a los que empleamos en la comunicaci\u00f3n interpersonal<\/b>.<\/p>\n<p>El objetivo es que estas interfaces evolucionen hacia una mayor fluidez, consolidando las gafas como la pr\u00f3xima tecnolog\u00eda ponible que se haga un hueco entre los objetos imprescindibles del d\u00eda a d\u00eda:<\/p>\n<blockquote class=\"blockquote\">\n<p class=\"blockquote__quote\">\u201cHablamos con ellos, observaremos con ellos, usaremos gestos de la misma manera que interactuamos entre nosotros para interactuar con nuestras computadoras. Las interfaces ser\u00e1n m\u00e1s naturales, por lo que creemos firmemente que la pr\u00f3xima tecnolog\u00eda port\u00e1til realmente importante ser\u00e1n las gafas\u201d<\/p>\n<\/blockquote>\n<p>Adem\u00e1s, las nuevas gafas Meta Ray-Ban Display incorporan una <b>peque\u00f1a pantalla integrada<\/b><b>en la lente<\/b>, controlada mediante movimientos de la mano a trav\u00e9s de una pulsera neural. Los usuarios podr\u00e1n grabar v\u00eddeos y enviar mensajes usando la voz o realizando gestos de escritura sobre su rodilla.<\/p>\n<p>Meta <b>ha priorizado las capacidades de mensajer\u00eda<\/b>, consider\u00e1ndolas una funci\u00f3n clave que los usuarios desean realizar de forma m\u00e1s fluida. Sin embargo, durante una demostraci\u00f3n, el CEO Mark Zuckerberg no logr\u00f3 contestar una videollamada debido a un fallo en el bot\u00f3n de aceptaci\u00f3n de la pantalla.<\/p>\n<p>La apuesta de Meta por las gafas inteligentes no es nueva y se apoya en <strong>resultados prometedores de colaboraciones anteriores<\/strong>. La segunda generaci\u00f3n de las gafas Meta Ray-Ban, lanzadas en 2023 en colaboraci\u00f3n con EssilorLuxottica, ha vendido dos millones de unidades desde su debut. Este notable rendimiento se ha traducido en un incremento de ingresos.<\/p>\n<p>Por otro lado, EssilorLuxottica inform\u00f3 en su reporte de resultados del segundo trimestre que los ingresos procedentes de las gafas Ray-Ban Meta se triplicaron durante la primera mitad del a\u00f1o en comparaci\u00f3n con el periodo anterior. El \u00e9xito de estos dispositivos, junto con el de las gafas Oakley Meta Performance AI, lanzadas en junio, contribuy\u00f3 a que la compa\u00f1\u00eda alcanzara <strong>ventas totales de 7.200 millones de euros<\/strong> (8.500 millones de d\u00f3lares) en el segundo trimestre.<\/p>\n<p>A pesar de este impulso, la viabilidad a largo plazo de la estrategia de Meta con las gafas inteligentes enfrenta una <strong>competencia cada vez m\u00e1s intensa<\/strong>. Google anunci\u00f3 en mayo una alianza de 150 millones de d\u00f3lares con Warby Parker para desarrollar sus propias gafas de inteligencia artificial. Asimismo, Apple estar\u00eda trabajando en sus propios dispositivos de gafas inteligentes, con una posible fecha de lanzamiento prevista para finales del pr\u00f3ximo a\u00f1o, lo que reafirma la idea de Chris Cox de que las gafas inteligentes pueden ser el gadget del futuro.<\/p>\n","protected":false},"excerpt":{"rendered":"Las grandes compa\u00f1\u00edas tecnol\u00f3gicas no pueden centrar todos sus esfuerzos en un \u00fanico campo, por mucho que \u00e9ste&hellip;\n","protected":false},"author":2,"featured_media":127480,"comment_status":"","ping_status":"","sticky":false,"template":"","format":"standard","meta":{"footnotes":""},"categories":[81],"tags":[119,123,124,25,24,117,121,122,23,118,120],"class_list":{"0":"post-127479","1":"post","2":"type-post","3":"status-publish","4":"format-standard","5":"has-post-thumbnail","7":"category-ciencia-y-tecnologia","8":"tag-ciencia","9":"tag-ciencia-y-tecnologia","10":"tag-cienciaytecnologia","11":"tag-es","12":"tag-espana","13":"tag-science","14":"tag-science-and-technology","15":"tag-scienceandtechnology","16":"tag-spain","17":"tag-technology","18":"tag-tecnologia"},"share_on_mastodon":{"url":"","error":""},"_links":{"self":[{"href":"https:\/\/www.europesays.com\/es\/wp-json\/wp\/v2\/posts\/127479","targetHints":{"allow":["GET"]}}],"collection":[{"href":"https:\/\/www.europesays.com\/es\/wp-json\/wp\/v2\/posts"}],"about":[{"href":"https:\/\/www.europesays.com\/es\/wp-json\/wp\/v2\/types\/post"}],"author":[{"embeddable":true,"href":"https:\/\/www.europesays.com\/es\/wp-json\/wp\/v2\/users\/2"}],"replies":[{"embeddable":true,"href":"https:\/\/www.europesays.com\/es\/wp-json\/wp\/v2\/comments?post=127479"}],"version-history":[{"count":0,"href":"https:\/\/www.europesays.com\/es\/wp-json\/wp\/v2\/posts\/127479\/revisions"}],"wp:featuredmedia":[{"embeddable":true,"href":"https:\/\/www.europesays.com\/es\/wp-json\/wp\/v2\/media\/127480"}],"wp:attachment":[{"href":"https:\/\/www.europesays.com\/es\/wp-json\/wp\/v2\/media?parent=127479"}],"wp:term":[{"taxonomy":"category","embeddable":true,"href":"https:\/\/www.europesays.com\/es\/wp-json\/wp\/v2\/categories?post=127479"},{"taxonomy":"post_tag","embeddable":true,"href":"https:\/\/www.europesays.com\/es\/wp-json\/wp\/v2\/tags?post=127479"}],"curies":[{"name":"wp","href":"https:\/\/api.w.org\/{rel}","templated":true}]}}