{"id":127488,"date":"2025-09-20T13:17:07","date_gmt":"2025-09-20T13:17:07","guid":{"rendered":"https:\/\/www.europesays.com\/es\/127488\/"},"modified":"2025-09-20T13:17:07","modified_gmt":"2025-09-20T13:17:07","slug":"el-bada-huesca-se-estrena-en-casa-ante-el-villa-de-aranda-con-la-intencion-de-sumar-su-primer-triunfo-nuestro-deporte","status":"publish","type":"post","link":"https:\/\/www.europesays.com\/es\/127488\/","title":{"rendered":"El Bada Huesca se estrena en casa ante el Villa de Aranda con la intenci\u00f3n de sumar su primer triunfo | Nuestro deporte"},"content":{"rendered":"<p>El <strong>Bada Huesca<\/strong> afronta este s\u00e1bado en el Palacio de los Deportes su primer compromiso liguero como local en la <strong>Liga Asobal<\/strong>. El equipo oscense se\u00a0enfrenta\u00a0al <strong>Villa de Aranda <\/strong>a las 20:30 horas, con la necesidad de resarcirse tras <a href=\"https:\/\/www.cartv.es\/aragondeporte\/nuestro-deporte\/el-bada-huesca-cae-en-su-primer-partido-de-la-temporada-35-25-24578\" target=\"_blank\" rel=\"nofollow noopener\"><strong>una dura derrota en la cancha del Valladolid<\/strong><\/a> en el estreno liguero. El t\u00e9cnico <strong>Jos\u00e9 Nolasco<\/strong> ha se\u00f1alado que el equipo debe corregir errores y mostrar otra actitud, aprovechando el empuje de la afici\u00f3n y el terreno de casa como factores determinantes. El encuentro se podr\u00e1 seguir <a href=\"https:\/\/www.cartv.es\/aragondeporte\/directo\" target=\"_blank\" rel=\"nofollow noopener\"><strong>en directo en el streaming de Arag\u00f3n Deporte<\/strong><\/a>.<\/p>\n<p>El Bada Huesca alcanza esta cita con la plantilla muy mermada, ya que algunas ausencias son de larga duraci\u00f3n: <strong>Meris Bosnjak <\/strong>ser\u00e1 operado pr\u00f3ximamente, <strong>Charly P\u00e9rez <\/strong>no estar\u00e1 disponible por problemas en el s\u00f3leo\u00a0y jugadores como <strong>Carlos Molina, Alfonso Rodr\u00edguez o Bruno Garc\u00eda <\/strong>tampoco podr\u00e1n jugar por problemas f\u00edsicos. Adem\u00e1s el club est\u00e1 pendiente del transfer de <strong>Yoel Cuni<\/strong>, reci\u00e9n fichado, para que pueda reforzar al equipo en esta cita. El<strong> Villa de Aranda\u00a0<\/strong>llega con dos puntos tras ganar en su debut.<\/p>\n<p>Si quieres estar al d\u00eda de toda la actualidad deportiva, s\u00edguenos en redes sociales: <a href=\"https:\/\/www.instagram.com\/aragondeporte\/\" target=\"_blank\" rel=\"noindex nofollow noopener\">Instagram<\/a>, <a href=\"https:\/\/www.facebook.com\/aragondeporte\/\" target=\"_blank\" rel=\"noindex nofollow noopener\">Facebook<\/a>, <a href=\"https:\/\/x.com\/ardeportes\" target=\"_blank\" rel=\"noindex nofollow\">X<\/a> y tambi\u00e9n en el canal de <a href=\"https:\/\/whatsapp.com\/channel\/0029Vb8JrUy6rsQrHNE2y41l\" target=\"_blank\" rel=\"noindex nofollow noopener\">WhatsApp<\/a>.<\/p>\n<p>            <script async src=\"\/\/www.instagram.com\/embed.js\"><\/script><\/p>\n","protected":false},"excerpt":{"rendered":"El Bada Huesca afronta este s\u00e1bado en el Palacio de los Deportes su primer compromiso liguero como local&hellip;\n","protected":false},"author":2,"featured_media":127489,"comment_status":"","ping_status":"","sticky":false,"template":"","format":"standard","meta":{"footnotes":""},"categories":[278],"tags":[4499,4502,376,4501,4110,634,168,25,24,375,4500,1448,23,167,214],"class_list":{"0":"post-127488","1":"post","2":"type-post","3":"status-publish","4":"format-standard","5":"has-post-thumbnail","7":"category-balonmano","8":"tag-aragon","9":"tag-aragonesa","10":"tag-balonmano","11":"tag-cartv","12":"tag-corporacion","13":"tag-deporte","14":"tag-deportes","15":"tag-es","16":"tag-espana","17":"tag-handball","18":"tag-publica","19":"tag-radio","20":"tag-spain","21":"tag-sports","22":"tag-tv"},"share_on_mastodon":{"url":"","error":""},"_links":{"self":[{"href":"https:\/\/www.europesays.com\/es\/wp-json\/wp\/v2\/posts\/127488","targetHints":{"allow":["GET"]}}],"collection":[{"href":"https:\/\/www.europesays.com\/es\/wp-json\/wp\/v2\/posts"}],"about":[{"href":"https:\/\/www.europesays.com\/es\/wp-json\/wp\/v2\/types\/post"}],"author":[{"embeddable":true,"href":"https:\/\/www.europesays.com\/es\/wp-json\/wp\/v2\/users\/2"}],"replies":[{"embeddable":true,"href":"https:\/\/www.europesays.com\/es\/wp-json\/wp\/v2\/comments?post=127488"}],"version-history":[{"count":0,"href":"https:\/\/www.europesays.com\/es\/wp-json\/wp\/v2\/posts\/127488\/revisions"}],"wp:featuredmedia":[{"embeddable":true,"href":"https:\/\/www.europesays.com\/es\/wp-json\/wp\/v2\/media\/127489"}],"wp:attachment":[{"href":"https:\/\/www.europesays.com\/es\/wp-json\/wp\/v2\/media?parent=127488"}],"wp:term":[{"taxonomy":"category","embeddable":true,"href":"https:\/\/www.europesays.com\/es\/wp-json\/wp\/v2\/categories?post=127488"},{"taxonomy":"post_tag","embeddable":true,"href":"https:\/\/www.europesays.com\/es\/wp-json\/wp\/v2\/tags?post=127488"}],"curies":[{"name":"wp","href":"https:\/\/api.w.org\/{rel}","templated":true}]}}