{"id":127496,"date":"2025-09-20T13:25:07","date_gmt":"2025-09-20T13:25:07","guid":{"rendered":"https:\/\/www.europesays.com\/es\/127496\/"},"modified":"2025-09-20T13:25:07","modified_gmt":"2025-09-20T13:25:07","slug":"el-jugador-que-hace-dos-anos-le-costo-100-kilos-al-chelsea-y-ahora-se-pasa-al-atletismo","status":"publish","type":"post","link":"https:\/\/www.europesays.com\/es\/127496\/","title":{"rendered":"El jugador que hace dos a\u00f1os le cost\u00f3 100 &#8216;kilos&#8217; al Chelsea y ahora se pasa \u00a1al atletismo!"},"content":{"rendered":"<p data-gtm-element-container=\"modulo-texto-link\" class=\"paragraph\">Fue en el mercado invernal de 2023 cuando el <strong>Chelsea <\/strong>fichaba a\u00a0<strong>Mykhailo Mudryk<\/strong> por 100 millones de euros. Una absoluta salvajada para un jovenc\u00edsimo jugador que apenas empezaba a destacar en el Shakhtar Donetsk de Ucrania. Aunque lo por llegaba la pasada primavera, cuando dio<strong> positivo en un control antidoping.\u00a0<\/strong><\/p>\n<p data-gtm-element-container=\"modulo-texto-link\" class=\"paragraph\">De forma inmediata, el delantero era<strong> sancionado con dos a\u00f1os <\/strong>y el conjunto londinense no dudaba un segundo en <strong>rescindirle su contrat<\/strong>o. Sobre todo porque apenas estaba contando para el t\u00e9cnico, Enzo Maresca, en esos momentos. Esto le dej\u00f3 sin Conference League y sin Mundial de clubes. Pero, lejos de venirse abajo, Mudryk ha sabido reinventarse lejos de los terrenos de juego.<\/p>\n<p>                <img loading=\"lazy\" decoding=\"async\" data-full-src=\"https:\/\/www.mundodeportivo.com\/uploads\/2023\/10\/02\/651b2f83c9bf3.jpeg\" alt=\"Horizontal\" width=\"449\" height=\"299\" src=\"https:\/\/www.europesays.com\/es\/wp-content\/uploads\/2025\/09\/651b2f83c9bf3.r_d.2215-1552.jpeg\" class=\"lazy\"\/><\/p>\n<p class=\"caption-title \">Mykhailo Mudryk en el Chelsea<\/p>\n<p>                    Kin Cheung \/ LaPresse<\/p>\n<p data-gtm-element-container=\"modulo-texto-link\" class=\"paragraph\">As\u00ed lo desvela este s\u00e1bado el diario &#8216;MARCA&#8217;, que cuenta que \u00abse encuentra<strong> entren\u00e1ndose con el equipo nacional de velocidad,<\/strong> bajo la tutela de antiguos atletas ol\u00edmpicos\u00bb. Nada de extra\u00f1ar teniendo en cuenta que era (y es) <strong>capaz de alcanzar los 37 km\/h<\/strong> en el rect\u00e1ngulo. \u00abEn un pa\u00eds con una gran tradici\u00f3n en atletismo, el potencial f\u00edsico de Mudryk no pas\u00f3 desapercibido\u00bb, a\u00f1aden desde el citado medio.\u00a0<\/p>\n<p>    Lee tambi\u00e9n<\/p>\n<p data-gtm-element-container=\"modulo-texto-link\" class=\"paragraph\">As\u00ed que qui\u00e9n sabe si su futuro est\u00e1 ah\u00ed. Tan solo tiene <strong>24 a\u00f1os<\/strong> actualmente, as\u00ed que no ser\u00eda en absoluto descabellado. Habr\u00e1 que seguir sus pasos a partir de ahora.\u00a0<\/p>\n","protected":false},"excerpt":{"rendered":"Fue en el mercado invernal de 2023 cuando el Chelsea fichaba a\u00a0Mykhailo Mudryk por 100 millones de euros.&hellip;\n","protected":false},"author":2,"featured_media":127497,"comment_status":"","ping_status":"","sticky":false,"template":"","format":"standard","meta":{"footnotes":""},"categories":[268],"tags":[168,25,24,280,282,281,23,167],"class_list":{"0":"post-127496","1":"post","2":"type-post","3":"status-publish","4":"format-standard","5":"has-post-thumbnail","7":"category-futbol","8":"tag-deportes","9":"tag-es","10":"tag-espana","11":"tag-football","12":"tag-futbol","13":"tag-soccer","14":"tag-spain","15":"tag-sports"},"share_on_mastodon":{"url":"","error":""},"_links":{"self":[{"href":"https:\/\/www.europesays.com\/es\/wp-json\/wp\/v2\/posts\/127496","targetHints":{"allow":["GET"]}}],"collection":[{"href":"https:\/\/www.europesays.com\/es\/wp-json\/wp\/v2\/posts"}],"about":[{"href":"https:\/\/www.europesays.com\/es\/wp-json\/wp\/v2\/types\/post"}],"author":[{"embeddable":true,"href":"https:\/\/www.europesays.com\/es\/wp-json\/wp\/v2\/users\/2"}],"replies":[{"embeddable":true,"href":"https:\/\/www.europesays.com\/es\/wp-json\/wp\/v2\/comments?post=127496"}],"version-history":[{"count":0,"href":"https:\/\/www.europesays.com\/es\/wp-json\/wp\/v2\/posts\/127496\/revisions"}],"wp:featuredmedia":[{"embeddable":true,"href":"https:\/\/www.europesays.com\/es\/wp-json\/wp\/v2\/media\/127497"}],"wp:attachment":[{"href":"https:\/\/www.europesays.com\/es\/wp-json\/wp\/v2\/media?parent=127496"}],"wp:term":[{"taxonomy":"category","embeddable":true,"href":"https:\/\/www.europesays.com\/es\/wp-json\/wp\/v2\/categories?post=127496"},{"taxonomy":"post_tag","embeddable":true,"href":"https:\/\/www.europesays.com\/es\/wp-json\/wp\/v2\/tags?post=127496"}],"curies":[{"name":"wp","href":"https:\/\/api.w.org\/{rel}","templated":true}]}}