{"id":127498,"date":"2025-09-20T13:26:09","date_gmt":"2025-09-20T13:26:09","guid":{"rendered":"https:\/\/www.europesays.com\/es\/127498\/"},"modified":"2025-09-20T13:26:09","modified_gmt":"2025-09-20T13:26:09","slug":"antonio-de-la-torre-aparece-con-un-pin-en-el-festival-de-san-sebastian-que-visto-lo-visto-a-alguno-no-le-sentara-nada-bien","status":"publish","type":"post","link":"https:\/\/www.europesays.com\/es\/127498\/","title":{"rendered":"Antonio de la Torre aparece con un pin en el Festival de San Sebasti\u00e1n que, visto lo visto, a alguno no le sentar\u00e1 nada bien"},"content":{"rendered":"<p>El actor malague\u00f1o Antonio de la Torre, caracterizado por hablar siempre con una claridad absoluta sobre algunos temas de actualidad, ha llegado al Festival de San Sebasti\u00e1n con un pin que, visto lo visto, <a href=\"https:\/\/www.huffingtonpost.es\/virales\/pocos-han-dedicado-terminos-tajantes-ayuso-sobre-vuelta-hecho-jordi-evole.html\" rel=\"nofollow noopener\" target=\"_blank\">a alguno no le gustar\u00e1 nada<\/a>.<\/p>\n<p>Junto al cineasta Alberto Rodr\u00edguez y la actriz\u00a0B\u00e1rbara Lennie, han presentado<b> la nueva pel\u00edcula que protagoniza, Los Tigres<\/b>, con la que competir\u00e1n por la deseada Concha de Oro.<\/p>\n<p>Pero ha llamado mucho la atenci\u00f3n el pin que tanto Antonio de la Torre, como el cineasta y la int\u00e9rprete madrile\u00f1a han llevado en su presentaci\u00f3n ante los medios de comunicaci\u00f3n.<\/p>\n<p>Se trata de un pin con el fondo de<b> una sand\u00eda,\u00a0un s\u00edmbolo pol\u00edtico en apoyo a Palestina porque sus colores, rojo, negro, blanco y verde<\/b>, coinciden de lleno con los de la bandera palestina. Pero no a ese s\u00edmbolo le acompa\u00f1an otras dos palabras: \u00ab<b>Genozidioa stop (detener el genocidio)<\/b>\u00ab.<\/p>\n<p><img decoding=\"async\" loading=\"lazy\" src=\"https:\/\/img2.huffingtonpost.es\/files\/image_720\/uploads\/2025\/09\/20\/el-pin-de-antonio-de-la-torre-en-el-festival-de-san-sebastian.jpeg\" width=\"720\" height=\"0\"  data-full-src=\"https:\/\/www.europesays.com\/es\/wp-content\/uploads\/2025\/09\/el-pin-de-antonio-de-la-torre-en-el-festival-de-san-sebastian.jpeg\" \/><\/p>\n<p>            \u00a0<\/p>\n<p>        El pin de Antonio de la Torre en el Festival de San Sebasti\u00e1n.GTRES<\/p>\n<p>El cineasta Alberto Rodr\u00edguez ha asegurado en una entrevista en Europa Press\u00a0que es\u00a0\u00abverg\u00fcenza\u00bb que ocurra el \u00abgenocidio de Gaza\u00bb y no haya manifestaciones en contra de una \u00ab<b>matanza indiscriminada<\/b>\u00bb que \u00abdebi\u00f3 acabarse hace much\u00edsimo tiempo\u00bb.<\/p>\n<p>\u00abEstoy deseando que se produzca un <a href=\"https:\/\/www.huffingtonpost.es\/politica\/el-gobierno-espana-aprueba-manera-urgente-embargo-armas-israel.html\" rel=\"nofollow noopener\" target=\"_blank\">embargo de armas a Israel<\/a>. <b>Est\u00e1 siendo una cacer\u00eda y al final todos somos c\u00f3mplices<\/b>. Me parece bien cualquier medida que se tome para presionar, desde la opini\u00f3n de un vecino, la bandera en el balc\u00f3n o la retirada de Espa\u00f1a de Eurovisi\u00f3n\u00bb, ha justificado.<\/p>\n<p>Alberto Rodr\u00edguez tambi\u00e9n ha mostrado su malestar porque la ONU haya \u00abllegado tarde\u00bb al afirmar que Israel est\u00e1 cometiendo un genocidio en Gaza. \u00abCasi siempre llegan tarde o ni siquiera se producen. Todo est\u00e1 llegando tarde.<b> Esto debi\u00f3 acabarse hace much\u00edsimo tiempo<\/b>\u00ab, ha insistido.<\/p>\n<p>Respecto al rodaje, Antonio de la Torre ha puesto en valor el trabajo de los buzos industriales.\u00a0\u00ab<b>Es una profesi\u00f3n que es un disparate, peor que la mina<\/b>. Actuar debajo del agua es tela marinera. He intentado vampirizar la realidad\u00bb, ha desvelado.<\/p>\n","protected":false},"excerpt":{"rendered":"El actor malague\u00f1o Antonio de la Torre, caracterizado por hablar siempre con una claridad absoluta sobre algunos temas&hellip;\n","protected":false},"author":2,"featured_media":127499,"comment_status":"","ping_status":"","sticky":false,"template":"","format":"standard","meta":{"footnotes":""},"categories":[174],"tags":[1014,26604,255,146,147,25,24,256,28752,23],"class_list":{"0":"post-127498","1":"post","2":"type-post","3":"status-publish","4":"format-standard","5":"has-post-thumbnail","7":"category-famosos","8":"tag-actores","9":"tag-antonio-de-la-torre","10":"tag-celebrities","11":"tag-entertainment","12":"tag-entretenimiento","13":"tag-es","14":"tag-espana","15":"tag-famosos","16":"tag-festival-de-cine-de-san-sebastian","17":"tag-spain"},"share_on_mastodon":{"url":"","error":""},"_links":{"self":[{"href":"https:\/\/www.europesays.com\/es\/wp-json\/wp\/v2\/posts\/127498","targetHints":{"allow":["GET"]}}],"collection":[{"href":"https:\/\/www.europesays.com\/es\/wp-json\/wp\/v2\/posts"}],"about":[{"href":"https:\/\/www.europesays.com\/es\/wp-json\/wp\/v2\/types\/post"}],"author":[{"embeddable":true,"href":"https:\/\/www.europesays.com\/es\/wp-json\/wp\/v2\/users\/2"}],"replies":[{"embeddable":true,"href":"https:\/\/www.europesays.com\/es\/wp-json\/wp\/v2\/comments?post=127498"}],"version-history":[{"count":0,"href":"https:\/\/www.europesays.com\/es\/wp-json\/wp\/v2\/posts\/127498\/revisions"}],"wp:featuredmedia":[{"embeddable":true,"href":"https:\/\/www.europesays.com\/es\/wp-json\/wp\/v2\/media\/127499"}],"wp:attachment":[{"href":"https:\/\/www.europesays.com\/es\/wp-json\/wp\/v2\/media?parent=127498"}],"wp:term":[{"taxonomy":"category","embeddable":true,"href":"https:\/\/www.europesays.com\/es\/wp-json\/wp\/v2\/categories?post=127498"},{"taxonomy":"post_tag","embeddable":true,"href":"https:\/\/www.europesays.com\/es\/wp-json\/wp\/v2\/tags?post=127498"}],"curies":[{"name":"wp","href":"https:\/\/api.w.org\/{rel}","templated":true}]}}