{"id":127500,"date":"2025-09-20T13:28:18","date_gmt":"2025-09-20T13:28:18","guid":{"rendered":"https:\/\/www.europesays.com\/es\/127500\/"},"modified":"2025-09-20T13:28:18","modified_gmt":"2025-09-20T13:28:18","slug":"aventura-imaginacion-y-lectura-arranca-el-primer-festival-literario-de-aventura-en-el-cenart","status":"publish","type":"post","link":"https:\/\/www.europesays.com\/es\/127500\/","title":{"rendered":"Aventura, imaginaci\u00f3n y lectura: arranca el primer festival literario de aventura en el Cenart"},"content":{"rendered":"<p>El Primer Festival Internacional del Libro de Aventura lleg\u00f3 al Cenart para llenar sus pasillos de lectura, teatro y creatividad. Con Culiac\u00e1n como ciudad invitada y m\u00e1s de 40 editoriales presentes, ni\u00f1as, ni\u00f1os y j\u00f3venes pudieron disfrutar de libros, c\u00f3mics, teatro y actividades que celebran la imaginaci\u00f3n en todas sus formas.<\/p>\n<p style=\"text-align: center\"><strong>\u00a0Laura Velarde<\/strong><\/p>\n<p><strong>El Centro Nacional de las Artes (Cenart) se llen\u00f3 de letras, m\u00fasica y narraciones<\/strong> con la inauguraci\u00f3n del <strong>Primer Festival Internacional del Libro de Aventura<\/strong>, un encuentro que celebra la lectura en todas sus formas y para todas las edades. Como parte de la programaci\u00f3n, <strong>m\u00e1s de 40 editoriales participan y Culiac\u00e1n fue presentada como ciudad invitada de honor<\/strong>.<\/p>\n<p>\u00a0<\/p>\n<p>La ceremonia inaugural reuni\u00f3 a Paco Ignacio Taibo II, director del Fondo de Cultura Econ\u00f3mica; Alonso Mill\u00e1n, director de Canal 22; Paloma Saiz Tejero, fundadora de Para Leer en Libertad; Juan de Dios G\u00e1mez Mend\u00edvil, presidente municipal de Culiac\u00e1n; y Vicente Jurado L\u00f3pez, director del Cenart.<\/p>\n<p>\u00a0<\/p>\n<blockquote>\n<p>\u201cBuscando un lema para este festival, anduve d\u00e1ndole vueltas. Y encontr\u00e9 una frase del del periodista y narrador polaco Richard Kapu\u015bci\u0144ski que dec\u00eda que la revoluci\u00f3n es una aventura del coraz\u00f3n. Y trata un poco de darle vueltas a la frase para vincular la la palabra aventura. El fondo de cultura ten\u00eda una zona de exclusi\u00f3n.<\/p>\n<p>\u00a0<\/p>\n<p>Dec\u00eda, \u201cEsto no, esto no, esto no.\u201d Y los nos, curiosamente, eran literaturas de acci\u00f3n y recorriendo este panorama programa de los nos, se explicaba por qu\u00e9 el fondo se hab\u00eda convertido en una estructura aristocr\u00e1tica que negaba su espacio a la novela de acci\u00f3n.\u201d<\/p>\n<\/blockquote>\n<p>\u00a0<\/p>\n<p>\u00a0<\/p>\n<p><strong>\u201cQu\u00e9 mejor trampa para la ciencia ficci\u00f3n que el poema\u201d<\/strong><\/p>\n<p>\u00a0<\/p>\n<p><strong>El arranque fue festivo y cercano al p\u00fablico<\/strong>: el cuentacuentos guerrerense <strong>Kevin Galeana<\/strong> abri\u00f3 la jornada con adivinanzas y canciones. M\u00e1s tarde, las infancias disfrutaron de la puesta en escena de <strong>\u201cLa peor se\u00f1ora del mundo\u201d de Francisco Hinojosa<\/strong>, presentada por <strong>Lab Teatro Ni\u00f1ez<\/strong>, que arranc\u00f3 risas y aplausos.<\/p>\n<p>\u00a0<\/p>\n<p>De esa manera, los pasillos del Cenart se convirtieron en un<strong> escaparate de editoriales<\/strong> que ofrecieron desde poes\u00eda hasta manga.<\/p>\n<p>\u00a0<\/p>\n<blockquote>\n<p>\u201cMi nombre es Israel Miranda. Represento a la editorial Taller de Creaci\u00f3n Literaria. Estamos aqu\u00ed en la primera feria del libro de aventura en el CENART. Nos invitaron y estamos muy agradecidos por ello. Traemos libros de poes\u00eda, ciencia ficci\u00f3n, terror. La poes\u00eda en s\u00ed misma es hermana de la ciencia ficci\u00f3n. Pues adem\u00e1s, qu\u00e9 mejor trampa para la ciencia ficci\u00f3n que el poema.\u201d<\/p>\n<\/blockquote>\n<p>\u00a0<\/p>\n<blockquote class=\"twitter-tweet\">\n<p lang=\"es\" dir=\"ltr\">\u00a1Inauguran el primer Festival Internacional del <a href=\"https:\/\/twitter.com\/hashtag\/LibroDeAventura?src=hash&amp;ref_src=twsrc%5Etfw\" rel=\"nofollow noopener\" target=\"_blank\">#LibroDeAventura<\/a> en el <a href=\"https:\/\/twitter.com\/cenartmx?ref_src=twsrc%5Etfw\" rel=\"nofollow noopener\" target=\"_blank\">@cenartmx<\/a>! \ud83d\udcda<\/p>\n<p>Participaron Paco Ignacio Taibo II, director del FCE; Alonso Mill\u00e1n, director de Canal 22; Paloma Saiz Tejero, directora de Para leer en libertad; y Vicente Jurado L\u00f3pez, director del Cenart. <a href=\"https:\/\/t.co\/IWr4o8pAGx\" rel=\"nofollow\">pic.twitter.com\/IWr4o8pAGx<\/a><\/p>\n<p>\u2014 IMER Noticias (@IMER_Noticias) <a href=\"https:\/\/twitter.com\/IMER_Noticias\/status\/1968770800556601670?ref_src=twsrc%5Etfw\" rel=\"nofollow noopener\" target=\"_blank\">September 18, 2025<\/a><\/p><\/blockquote>\n<p>\u00a0<\/p>\n<p>Por su parte, <strong>Gael Gonz\u00e1lez<\/strong> de Editorial Camite destac\u00f3 la <strong>oferta de c\u00f3mic, manga y novela gr\u00e1fic<\/strong>a.<\/p>\n<p>\u00a0<\/p>\n<blockquote>\n<p>\u201cMi nombre es Gael Gonz\u00e1lez Acosta. Este, vengo por parte de Editorial Camite. Nosotros como tal lo que ofrecemos ser\u00eda c\u00f3mic, manga, novela ligera y novela gr\u00e1fica. Entre t\u00edtulos de los que m\u00e1s vendemos tenemos cosas como Sakura Car Captor, El perro guardi\u00e1n de las estrellas en el caso de manga y en c\u00f3mic manejamos t\u00edtulos como Avatar de la serie que sali\u00f3 de Nickelodeon. Los invitamos a que vengan aqu\u00ed al evento o si no en todo caso nos pueden encontrar ya sea en nuestras redes sociales.\u00a0 Pues la verdad lo que esperamos es compartir con toda la gente lo que manejamos como tanto para crecer en t\u00edtulos como para que la gente nos conozca y poder difundirnos m\u00e1s.\u201d<\/p>\n<\/blockquote>\n<p>\u00a0<\/p>\n<blockquote class=\"twitter-tweet\">\n<p lang=\"es\" dir=\"ltr\">\u00abLa peor se\u00f1ora del mundo\u00bb \ud83d\udc69\u200d\ud83e\uddb1, del autor Francisco Hinojosa, lleg\u00f3 al escenario del <a href=\"https:\/\/twitter.com\/cenartmx?ref_src=twsrc%5Etfw\" rel=\"nofollow noopener\" target=\"_blank\">@cenartmx<\/a> con Lab Teatro Ni\u00f1ez en donde las infancias disfrutaron de esta historia. <\/p>\n<p>\u00bfYa le\u00edste el libro? \ud83d\udcda <a href=\"https:\/\/t.co\/ZBnIDe3hLo\" rel=\"nofollow\">pic.twitter.com\/ZBnIDe3hLo<\/a><\/p>\n<p>\u2014 IMER Noticias (@IMER_Noticias) <a href=\"https:\/\/twitter.com\/IMER_Noticias\/status\/1968772257330630881?ref_src=twsrc%5Etfw\" rel=\"nofollow noopener\" target=\"_blank\">September 18, 2025<\/a><\/p><\/blockquote>\n<p>\u00a0<\/p>\n<p><strong>\u00a1Hay una feria del libro de aventuras!<\/strong><\/p>\n<p>\u00a0<\/p>\n<p>Es as\u00ed que el p\u00fablico joven no se qued\u00f3 atr\u00e1s. <strong>Nahuel, estudiante de la Esmeralda<\/strong>, cont\u00f3 lo que m\u00e1s le llam\u00f3 la atenci\u00f3n y <strong>Nicky, tambi\u00e9n estudiante de artes<\/strong>, comparti\u00f3 que su parte favorita fue ver libros infantiles ilustrados.<\/p>\n<p>\u00a0<\/p>\n<blockquote>\n<p>\u201cBueno, mi nombre es Nahuel, tengo 20 a\u00f1os, soy de la ciudad de M\u00e9xico. Pues llegu\u00e9 a la feria porque estudi\u00e9 aqu\u00ed en la Esmeralda, entonces me dijeron, Ay, una feria del libro.\u201d Y dije, Ay, pues a ver, tengo una hora libre. Y pues creo que hasta ahora lo que me ha Bueno, me ha gustado ver, han sido libros sobre fotograf\u00eda y bastantes de fotograf\u00eda. Tambi\u00e9n vi por ah\u00ed el de Indigno del Ser Humano, me compr\u00e9 justo este de Ilustraci\u00f3n que se llama Desde las Sombras, porque he visto mucho la ilustraci\u00f3n.\u201d<\/p>\n<\/blockquote>\n<p>\u00a0<\/p>\n<p><a class=\"dt-pswp-item\" href=\"https:\/\/www.europesays.com\/es\/wp-content\/uploads\/2025\/09\/Machote-11.jpg\" data-dt-img-description=\"\" data-large_image_width=\"800\" data-large_image_height=\"600\"><img loading=\"lazy\" decoding=\"async\" class=\"aligncenter wp-image-195647 size-full\" src=\"https:\/\/www.europesays.com\/es\/wp-content\/uploads\/2025\/09\/Machote-11.jpg\" alt=\"FILA 2025\" width=\"800\" height=\"600\"  \/><\/a><\/p>\n<p>\u00a0<\/p>\n<blockquote>\n<p>\u201cYo soy Nicky, tengo 20 a\u00f1os y tambi\u00e9n soy de la Ciudad de M\u00e9xico. Tambi\u00e9n vine con mi amigo porque nos dijeron que estaba la feria y estudiamos aqu\u00ed en La Esmeralda. Lo que m\u00e1s me ha gustado fue ver como libros infantiles ilustrados porque justo yo me quiero dedicar a la ilustraci\u00f3n editorial. Entonces, me gusta ver todos los referentes que tengo y creo que me voy a comprar uno.\u201d<\/p>\n<\/blockquote>\n<p>\u00a0<\/p>\n<p>Con una oferta diversa y un ambiente festivo, el Festival Internacional del Libro de Aventura invita a todas y todos a recorrer los pasillos del Cenart. Adem\u00e1s <strong><a href=\"https:\/\/noticias.imer.mx\/blog\/flirimer-2025-llega-a-su-fin-en-el-imer-celebrando-la-lectura-y-la-radio-publica\/\" rel=\"nofollow noopener\" target=\"_blank\">descubrir nuevas historias<\/a> y conversar con sus autores<\/strong>. Las actividades continuar\u00e1n durante todo el fin de semana, con funciones de teatro, presentaciones de libros y espacios para que <a href=\"https:\/\/www.cenart.gob.mx\/calendario-de-eventos\/festival-internacional-del-libro-de-aventuras-fila\/\" rel=\"nofollow noopener\" target=\"_blank\"><strong>ni\u00f1as, ni\u00f1os y j\u00f3venes encuentren el gusto por la lectura<\/strong><\/a>. Finalmente, la entrada es libre y es una oportunidad para dejarse llevar por la aventura de los libros.<\/p>\n<p>\u00a0<\/p>\n<p>\nTe recomendamos:<\/p>\n<p>\u00a0<\/p>\n<blockquote class=\"wp-embedded-content\" data-secret=\"QkIT34hS1e\">\n<p><a href=\"https:\/\/noticias.imer.mx\/blog\/flirimer-2025-llega-a-su-fin-en-el-imer-celebrando-la-lectura-y-la-radio-publica\/\" rel=\"nofollow noopener\" target=\"_blank\">FLIRIMER 2025 llega a su fin en el IMER, celebrando la lectura y la radio p\u00fablica<\/a><\/p>\n<\/blockquote>\n<p><script async src=\"https:\/\/platform.twitter.com\/widgets.js\" charset=\"utf-8\"><\/script><\/p>\n","protected":false},"excerpt":{"rendered":"El Primer Festival Internacional del Libro de Aventura lleg\u00f3 al Cenart para llenar sus pasillos de lectura, teatro&hellip;\n","protected":false},"author":2,"featured_media":127501,"comment_status":"","ping_status":"","sticky":false,"template":"","format":"standard","meta":{"footnotes":""},"categories":[172],"tags":[224,146,147,25,24,225,23],"class_list":{"0":"post-127500","1":"post","2":"type-post","3":"status-publish","4":"format-standard","5":"has-post-thumbnail","7":"category-libros","8":"tag-books","9":"tag-entertainment","10":"tag-entretenimiento","11":"tag-es","12":"tag-espana","13":"tag-libros","14":"tag-spain"},"share_on_mastodon":{"url":"","error":""},"_links":{"self":[{"href":"https:\/\/www.europesays.com\/es\/wp-json\/wp\/v2\/posts\/127500","targetHints":{"allow":["GET"]}}],"collection":[{"href":"https:\/\/www.europesays.com\/es\/wp-json\/wp\/v2\/posts"}],"about":[{"href":"https:\/\/www.europesays.com\/es\/wp-json\/wp\/v2\/types\/post"}],"author":[{"embeddable":true,"href":"https:\/\/www.europesays.com\/es\/wp-json\/wp\/v2\/users\/2"}],"replies":[{"embeddable":true,"href":"https:\/\/www.europesays.com\/es\/wp-json\/wp\/v2\/comments?post=127500"}],"version-history":[{"count":0,"href":"https:\/\/www.europesays.com\/es\/wp-json\/wp\/v2\/posts\/127500\/revisions"}],"wp:featuredmedia":[{"embeddable":true,"href":"https:\/\/www.europesays.com\/es\/wp-json\/wp\/v2\/media\/127501"}],"wp:attachment":[{"href":"https:\/\/www.europesays.com\/es\/wp-json\/wp\/v2\/media?parent=127500"}],"wp:term":[{"taxonomy":"category","embeddable":true,"href":"https:\/\/www.europesays.com\/es\/wp-json\/wp\/v2\/categories?post=127500"},{"taxonomy":"post_tag","embeddable":true,"href":"https:\/\/www.europesays.com\/es\/wp-json\/wp\/v2\/tags?post=127500"}],"curies":[{"name":"wp","href":"https:\/\/api.w.org\/{rel}","templated":true}]}}