{"id":127502,"date":"2025-09-20T13:29:12","date_gmt":"2025-09-20T13:29:12","guid":{"rendered":"https:\/\/www.europesays.com\/es\/127502\/"},"modified":"2025-09-20T13:29:12","modified_gmt":"2025-09-20T13:29:12","slug":"asi-son-sus-primeros-artistas","status":"publish","type":"post","link":"https:\/\/www.europesays.com\/es\/127502\/","title":{"rendered":"as\u00ed son sus primeros artistas"},"content":{"rendered":"<p>La coach madrile\u00f1a comenz\u00f3 la temporada pisando fuerte y demostr\u00f3 que va a luchar con todo por los mejores artistas. Aunque <b>ha sufrido bloqueos y superbloqueos<\/b> en esta primera gala, <b>Mal\u00fa sum\u00f3 tres talentos muy distintos<\/b>, pero con un denominador com\u00fan: la emoci\u00f3n en el escenario.<\/p>\n<p><b>Dani <\/b>puso la piel de gallina con <b><a title=\"\u2018\u00c1ngel ca\u00eddo\u2019\" href=\"https:\/\/www.antena3.com\/programas\/la-voz\/dani-pone-piel-gallina-angel-caido-conmueve-coaches-cancion_2025092068cddc36394a81387390bbe5.html\" target=\"_blank\" rel=\"nofollow noopener\">\u2018\u00c1ngel ca\u00eddo\u2019<\/a><\/b>, tema compuesto por Pablo L\u00f3pez para Mal\u00fa, y provoc\u00f3 bloqueos y una intensa batalla entre coaches. Tras conseguir un pleno, el joven decidi\u00f3 irse al equipo de la madrile\u00f1a.<\/p>\n<p><b>Linabel <\/b>conquist\u00f3 con su <b><a title=\"fuerza vocal y sensibilidad flamenca\" href=\"https:\/\/www.antena3.com\/programas\/la-voz\/algo-tan-nuestro-flamenco-linabel-cautiva-malu-mika_2025092068cdd531a2dd1a7e0d0cfac4.html\" target=\"_blank\" rel=\"nofollow noopener\">fuerza vocal y sensibilidad flamenca<\/a><\/b>, logrando que Mal\u00fa no dudara en apretar el bot\u00f3n y pelear por su voz.<\/p>\n<p><b>Perla <\/b>cerr\u00f3 la gala con <b><a title=\"\u2018Si antes te hubiera conocido\u2019\" href=\"https:\/\/www.antena3.com\/programas\/la-voz\/gracias-esta-oportunidad-esta-actuacion-conmueve-malu-pesar-fallo-esta-talent_2025092068cde398a2dd1a7e0d0d1390.html\" target=\"_blank\" rel=\"nofollow noopener\">\u2018Si antes te hubiera conocido\u2019<\/a><\/b> de Karol G, dejando entrever una voz muy especial a pesar de los nervios que llam\u00f3 la atenci\u00f3n de Mal\u00fa.<\/p>\n<p>Un arranque imparable para <b>Mal\u00fa<\/b>, que se convierte en una de las coaches con el <b>equipo m\u00e1s completo<\/b> tras la primera gala.<\/p>\n<p>   <img decoding=\"async\" title=\"Ping Pong con Mal\u00fa\" alt=\"Ping Pong con Mal\u00fa\" width=\"480\" height=\"270\" src=\"https:\/\/www.europesays.com\/es\/wp-content\/uploads\/2025\/09\/ping-pong-malu_70.jpg\" loading=\"lazy\" class=\"lazy\"\/><\/p>\n","protected":false},"excerpt":{"rendered":"La coach madrile\u00f1a comenz\u00f3 la temporada pisando fuerte y demostr\u00f3 que va a luchar con todo por los&hellip;\n","protected":false},"author":2,"featured_media":127503,"comment_status":"","ping_status":"","sticky":false,"template":"","format":"standard","meta":{"footnotes":""},"categories":[171],"tags":[146,147,25,24,23,214],"class_list":{"0":"post-127502","1":"post","2":"type-post","3":"status-publish","4":"format-standard","5":"has-post-thumbnail","7":"category-tv","8":"tag-entertainment","9":"tag-entretenimiento","10":"tag-es","11":"tag-espana","12":"tag-spain","13":"tag-tv"},"share_on_mastodon":{"url":"","error":""},"_links":{"self":[{"href":"https:\/\/www.europesays.com\/es\/wp-json\/wp\/v2\/posts\/127502","targetHints":{"allow":["GET"]}}],"collection":[{"href":"https:\/\/www.europesays.com\/es\/wp-json\/wp\/v2\/posts"}],"about":[{"href":"https:\/\/www.europesays.com\/es\/wp-json\/wp\/v2\/types\/post"}],"author":[{"embeddable":true,"href":"https:\/\/www.europesays.com\/es\/wp-json\/wp\/v2\/users\/2"}],"replies":[{"embeddable":true,"href":"https:\/\/www.europesays.com\/es\/wp-json\/wp\/v2\/comments?post=127502"}],"version-history":[{"count":0,"href":"https:\/\/www.europesays.com\/es\/wp-json\/wp\/v2\/posts\/127502\/revisions"}],"wp:featuredmedia":[{"embeddable":true,"href":"https:\/\/www.europesays.com\/es\/wp-json\/wp\/v2\/media\/127503"}],"wp:attachment":[{"href":"https:\/\/www.europesays.com\/es\/wp-json\/wp\/v2\/media?parent=127502"}],"wp:term":[{"taxonomy":"category","embeddable":true,"href":"https:\/\/www.europesays.com\/es\/wp-json\/wp\/v2\/categories?post=127502"},{"taxonomy":"post_tag","embeddable":true,"href":"https:\/\/www.europesays.com\/es\/wp-json\/wp\/v2\/tags?post=127502"}],"curies":[{"name":"wp","href":"https:\/\/api.w.org\/{rel}","templated":true}]}}