{"id":127504,"date":"2025-09-20T13:31:14","date_gmt":"2025-09-20T13:31:14","guid":{"rendered":"https:\/\/www.europesays.com\/es\/127504\/"},"modified":"2025-09-20T13:31:14","modified_gmt":"2025-09-20T13:31:14","slug":"mas-que-una-nueva-ola-un-maremoto","status":"publish","type":"post","link":"https:\/\/www.europesays.com\/es\/127504\/","title":{"rendered":"M\u00e1s que una nueva ola, un maremoto"},"content":{"rendered":"<p>    <img loading=\"lazy\" decoding=\"async\" src=\"https:\/\/www.europesays.com\/es\/wp-content\/uploads\/2025\/09\/206cb792-3ea6-4e09-ad31-8adebe13b955_16-9-discover-aspect-ratio_default_0.jpg\" alt=\"Zoey Deustch como Jean Seberg y Guillaume Marbeck como Jean-Luc Godard.\" width=\"1200\" height=\"675\" title=\"Zoey Deustch como Jean Seberg y Guillaume Marbeck como Jean-Luc Godard.\" style=\"height:auto;\"\/><\/p>\n<p class=\"article-photo__footer\">\n        Zoey Deustch como Jean Seberg y Guillaume Marbeck como Jean-Luc Godard.<br \/>\n                    N.G.\n            <\/p>\n<p class=\"article-body__text article-body__text--entry article-body__text-middle\">\n        El chovinismo propio del car\u00e1cter franc\u00e9s pudo hacer que en su pase por Cannes, Nouvelle Vague, el acercamiento del estadounidense <strong>Richard Linklater<\/strong> al rodaje de Al final de la escapada (\u00c1 bout de souffle, 1960), la cr\u00edtica fuese m\u00e1s severa de lo esperado. Ocurre, siempre, cuando desde fuera viene a hablarse de un pope patrio. Linklater en este filme, que ha inaugurado la secci\u00f3n Perlak del <a href=\"https:\/\/www.noticiasdegipuzkoa.eus\/tags\/zinemaldia\/\" title=\"Zinemaldia\" target=\"_blank\" class=\"link copy\" rel=\"nofollow noopener\">Zinemaldia<\/a>, aborda desde una forma dulce, cari\u00f1osa, divertida y excelentemente realizada los empe\u00f1os de <strong>Jean-Luc Godard <\/strong>por pasar de implacable cr\u00edtico de cine de Cahiers du Cin\u00e9ma a realizador revolucionario del medio, siempre en \u201cb\u00fasqueda de lo instant\u00e1neo y lo espont\u00e1neo\u201d, y celoso de que coet\u00e1neos como <strong>Claude Chabrol o Fran\u00e7ois Truffaut<\/strong>. Para ello, el director de Boyhood y de la trilog\u00eda Antes de&#8230;, reproduce de manera muy efectiva distintos recursos formales de la nueva ola francesa como la c\u00e1mara en mano, el uso del blanco y negro \u2013con grano incluido\u2013, el seguimiento documental de los personajes, la reflexi\u00f3n de luz, en formato acad\u00e9mico \u20131,37:1\u2013 y hasta llega a incluir durante el largometraje se\u00f1ales de cambio \u2013los conocidos como topos\u2013 para hacer creer a la audiencia que se encontraba ante una pel\u00edcula de otro tiempo. Y pese a que Linklater apuesta por un formalismo en origen tan libre como el de aquel movimiento, esta suerte de making-of no deja de ser una pel\u00edcula muy bien medida, casi algor\u00edtmica y milim\u00e9tricamente convencional.\n<\/p>\n<p class=\"article-body__text \">\n        Los cin\u00e9filos \u2013o cin\u00e9fagos\u2013 disfrutar\u00e1n de los m\u00faltiples cameos de personalidades que surfearon la ola y a los que el estadounidense identifica con su nombre sobreimpreso en pantalla \u2013<strong>Suzanne Schiffman, \u00c9ric Rohmer, Jacques Demy, la Premio Donostia Agn\u00e8s Varda<\/strong>&#8230;\u2013 y con planos americanos que rompen la cuarta pared y tambi\u00e9n con easter eggs que abundan en un segundo nivel. \u201c\u00bfQuieren una nueva ola? D\u00e9mosle un maremoto\u201d, anuncia el Godard interpretado exquisitamente por Guillaume Marbeck, siempre al l\u00edmite entre la fidelidad y la s\u00e1tira, al productor Georges de Beauregard, que encarna Bruno Dreyf\u00fcrst.\n<\/p>\n<p class=\"article-body__text \">\n        Zoey Deustch como <strong>Jean Seberg<\/strong> \u2013es curioso que el Zinemaldia en menos de seis a\u00f1os <a href=\"https:\/\/www.noticiasdegipuzkoa.eus\/cultura\/2019\/09\/21\/habia-cojones-vivir-jean-seberg-3822368.html\" title=\"haya inaugurado dos veces Perlak\" target=\"_blank\" class=\"link copy\" rel=\"nofollow noopener\">haya inaugurado dos veces Perlak<\/a> con una pel\u00edcula que se acerca a la vida de la actriz protagonista de Saint Joan (1957)\u2013 y Aubry Dullin como <strong>Jean Paul Belmondo<\/strong>, protagonistas de Al final de la escapada, junto con el personaje de Marbeck, presentan un tr\u00edo con una maravillosa qu\u00edmica. Esta viene motivada por el encanto de Godard \u2013edulcorado y complaciente por necesidades del guion escrito a ocho manos por Holly Gent, Vincent Palmo Jr., Mich\u00e8le P\u00e9tin y Laetitia Masson\u2013, err\u00e1tico para los dem\u00e1s pero \u201crevolucionario\u201d para s\u00ed mismo, afiliado a los argumentos \u2013o aforismos\u2013 de autoridad, incapaz de escribir un guion, ajeno al raccord y al salto de eje y receloso de repetir una toma m\u00e1s de dos veces. Lo que pudo ser un infierno se presenta como un entretenimiento muy ameno, un canto de amor al cine y a los referentes cinematogr\u00e1ficos del pasado, sin mayor investigaci\u00f3n, ni profundidad.<\/p>\n","protected":false},"excerpt":{"rendered":"Zoey Deustch como Jean Seberg y Guillaume Marbeck como Jean-Luc Godard. N.G. El chovinismo propio del car\u00e1cter franc\u00e9s&hellip;\n","protected":false},"author":2,"featured_media":127505,"comment_status":"","ping_status":"","sticky":false,"template":"","format":"standard","meta":{"footnotes":""},"categories":[169],"tags":[177,1497,146,147,25,24,176,175,41283,795,3007,40700,23,41284],"class_list":{"0":"post-127504","1":"post","2":"type-post","3":"status-publish","4":"format-standard","5":"has-post-thumbnail","7":"category-cine","8":"tag-cine","9":"tag-critica","10":"tag-entertainment","11":"tag-entretenimiento","12":"tag-es","13":"tag-espana","14":"tag-film","15":"tag-movies","16":"tag-nouvelle","17":"tag-nueva","18":"tag-ola","19":"tag-richard-linklater","20":"tag-spain","21":"tag-vague"},"share_on_mastodon":{"url":"","error":""},"_links":{"self":[{"href":"https:\/\/www.europesays.com\/es\/wp-json\/wp\/v2\/posts\/127504","targetHints":{"allow":["GET"]}}],"collection":[{"href":"https:\/\/www.europesays.com\/es\/wp-json\/wp\/v2\/posts"}],"about":[{"href":"https:\/\/www.europesays.com\/es\/wp-json\/wp\/v2\/types\/post"}],"author":[{"embeddable":true,"href":"https:\/\/www.europesays.com\/es\/wp-json\/wp\/v2\/users\/2"}],"replies":[{"embeddable":true,"href":"https:\/\/www.europesays.com\/es\/wp-json\/wp\/v2\/comments?post=127504"}],"version-history":[{"count":0,"href":"https:\/\/www.europesays.com\/es\/wp-json\/wp\/v2\/posts\/127504\/revisions"}],"wp:featuredmedia":[{"embeddable":true,"href":"https:\/\/www.europesays.com\/es\/wp-json\/wp\/v2\/media\/127505"}],"wp:attachment":[{"href":"https:\/\/www.europesays.com\/es\/wp-json\/wp\/v2\/media?parent=127504"}],"wp:term":[{"taxonomy":"category","embeddable":true,"href":"https:\/\/www.europesays.com\/es\/wp-json\/wp\/v2\/categories?post=127504"},{"taxonomy":"post_tag","embeddable":true,"href":"https:\/\/www.europesays.com\/es\/wp-json\/wp\/v2\/tags?post=127504"}],"curies":[{"name":"wp","href":"https:\/\/api.w.org\/{rel}","templated":true}]}}