{"id":127508,"date":"2025-09-20T13:33:11","date_gmt":"2025-09-20T13:33:11","guid":{"rendered":"https:\/\/www.europesays.com\/es\/127508\/"},"modified":"2025-09-20T13:33:11","modified_gmt":"2025-09-20T13:33:11","slug":"confirmado-el-primer-caso-del-ano-de-un-mero-infectado-por-betanodavirus-en-barcelona","status":"publish","type":"post","link":"https:\/\/www.europesays.com\/es\/127508\/","title":{"rendered":"Confirmado el primer caso del a\u00f1o de un mero infectado por betanodavirus en Barcelona"},"content":{"rendered":"<p>El Servicio de Diagn\u00f3stico Patol\u00f3gico de Peces de la Universitat Aut\u00f2noma de Barcelona (<b>UAB<\/b>) ha confirmado el primer caso del a\u00f1o en Catalu\u00f1a de <b>infecci\u00f3n por betanodavirus en un mero<\/b>. El ejemplar fue hallado el pasado 7 de septiembre en aguas pr\u00f3ximas a Barcelona y presentaba \u00ab<b>claros s\u00edntomas<\/b>\u00bb compatibles con esta enfermedad, tambi\u00e9n conocida como necrosis nerviosa viral (<b>VNN<\/b>).<\/p>\n<p>La detecci\u00f3n fue posible gracias a la colaboraci\u00f3n de un miembro de la Associaci\u00f3 de Pesca Submarina (<b>APS<\/b>) de Barcelona, que entreg\u00f3 el animal al servicio de diagn\u00f3stico. Tras su an\u00e1lisis inicial, se enviaron muestras al laboratorio de referencia europeo para esta <b><a title=\"patolog\u00eda\" href=\"https:\/\/www.antena3.com\/noticias\/el-tiempo\/actualidad\/impacto-altas-temperaturas-salud-publica-mortalidad-atribuible-olas-calor-agravamiento-otras-patologias-mucho-mayor_20250626685d3930fd002145891ab939.html\" target=\"_blank\" rel=\"nofollow noopener\">patolog\u00eda<\/a><\/b>, donde se constat\u00f3 mediante qPCR una presencia \u00ab<b>muy alta<\/b>\u00bb del virus en el enc\u00e9falo del pez.<\/p>\n<p>La propagaci\u00f3n del virus<\/p>\n<p>Seg\u00fan los investigadores, esta confirmaci\u00f3n, junto a otros avisos de meros muertos o sintom\u00e1ticos, demuestra \u00ab<b>inequ\u00edvocamente<\/b>\u00bb la propagaci\u00f3n del virus en aguas del litoral catal\u00e1n. El <b>betanodavirus<\/b> ya hab\u00eda causado brotes en otras <b>zonas del Mediterr\u00e1neo<\/b>, especialmente en Grecia, el sur de Italia, las Islas Baleares y, m\u00e1s recientemente, en las Azores.<\/p>\n<p>Ante el avance del virus, la UAB y el Institut de Ci\u00e8ncies del Mar (<b>ICM-CSIC<\/b>) han puesto en marcha una red de vigilancia y recogida de muestras para detectar nuevos casos y hacer un seguimiento de la <b><a title=\"enfermedad\" href=\"https:\/\/www.antena3.com\/noticias\/ciencia\/predice-riesgo-mas-1000-enfermedades-20-anos-antes_2025091768cb11ee0b5fe14a1b810b37.html\" target=\"_blank\" rel=\"nofollow noopener\">enfermedad<\/a><\/b>. Los expertos advierten que la <b>anomal\u00eda t\u00e9rmica registrada en el mar<\/b> desde finales de verano podr\u00eda agravar la situaci\u00f3n, favoreciendo la expansi\u00f3n del virus.<\/p>\n<p><b>Francesc Padr\u00f3s y Maria Constenla<\/b>, investigadores de la UAB, se\u00f1alan que \u00abla identificaci\u00f3n y el seguimiento de los brotes y la caracterizaci\u00f3n del virus son <b>cr\u00edticos<\/b> para poder establecer planes de contenci\u00f3n, especialmente en aquellas <b>zonas muy sensibles<\/b>, con alta densidad de ejemplares\u00bb. A\u00f1aden que existen herramientas diagn\u00f3sticas precisas y una <b>vacuna comercial<\/b> desarrollada para lubinas de cultivo, que podr\u00eda utilizarse \u00abal menos en <b>zonas cr\u00edticas<\/b> para esta especie\u00bb.<\/p>\n<p>Por su parte, <b>Valerio Sbragaglia<\/b>, investigador del ICM-CSIC, destaca que \u00abeste caso demuestra la importancia de <b>mantener una red activa de observadores<\/b>, como submarinistas o pescadores recreativos, que permiten detectar de manera muy anticipada potenciales brotes\u00bb.<\/p>\n<p>Provoca da\u00f1os neurol\u00f3gicos severos que pueden resultar letales<\/p>\n<p>El <b>betanodavirus es altamente contagioso<\/b> entre peces y provoca graves da\u00f1os neurol\u00f3gicos, llevando a la <b>muerte<\/b> en muchos casos. No obstante, no representa un riesgo para la salud humana. \u00abLa colaboraci\u00f3n ciudadana es crucial para seguir la expansi\u00f3n del virus\u00bb, insisten los responsables del seguimiento.<\/p>\n<p>Los investigadores agradecen especialmente el papel de asociaciones como <b>la APS y la FECDAS<\/b>, as\u00ed como el de los t\u00e9cnicos y responsables de los parques naturales de Cap de Creus y del Montgr\u00ed, les Illes Medes i el Baix Ter, cuya cooperaci\u00f3n est\u00e1 <b>resultando clave<\/b> en la respuesta a esta amenaza para la biodiversidad marina.<\/p>\n<p>S\u00edguenos en nuestro <a title=\"canal de WhatsApp\" href=\"https:\/\/www.whatsapp.com\/channel\/0029Va6BhYH2phHPnlatwW3b\" target=\"_blank\" rel=\"nofollow noopener\">canal de WhatsApp<\/a> y no te pierdas la \u00faltima hora y toda la actualidad de antena3noticias.com<\/p>\n<p>   <img decoding=\"async\" title=\"M\u00fasica y ciencia al un\u00edsono para sanar\" alt=\"M\u00fasica y ciencia al un\u00edsono para sanar\" width=\"480\" height=\"270\" src=\"https:\/\/www.europesays.com\/es\/wp-content\/uploads\/2025\/09\/musica-ciencia-unisono-sanar_70.jpg\" loading=\"lazy\" class=\"lazy\"\/><\/p>\n","protected":false},"excerpt":{"rendered":"El Servicio de Diagn\u00f3stico Patol\u00f3gico de Peces de la Universitat Aut\u00f2noma de Barcelona (UAB) ha confirmado el primer&hellip;\n","protected":false},"author":2,"featured_media":127509,"comment_status":"","ping_status":"","sticky":false,"template":"","format":"standard","meta":{"footnotes":""},"categories":[92],"tags":[25,24,165,166,23],"class_list":{"0":"post-127508","1":"post","2":"type-post","3":"status-publish","4":"format-standard","5":"has-post-thumbnail","7":"category-salud","8":"tag-es","9":"tag-espana","10":"tag-health","11":"tag-salud","12":"tag-spain"},"share_on_mastodon":{"url":"","error":""},"_links":{"self":[{"href":"https:\/\/www.europesays.com\/es\/wp-json\/wp\/v2\/posts\/127508","targetHints":{"allow":["GET"]}}],"collection":[{"href":"https:\/\/www.europesays.com\/es\/wp-json\/wp\/v2\/posts"}],"about":[{"href":"https:\/\/www.europesays.com\/es\/wp-json\/wp\/v2\/types\/post"}],"author":[{"embeddable":true,"href":"https:\/\/www.europesays.com\/es\/wp-json\/wp\/v2\/users\/2"}],"replies":[{"embeddable":true,"href":"https:\/\/www.europesays.com\/es\/wp-json\/wp\/v2\/comments?post=127508"}],"version-history":[{"count":0,"href":"https:\/\/www.europesays.com\/es\/wp-json\/wp\/v2\/posts\/127508\/revisions"}],"wp:featuredmedia":[{"embeddable":true,"href":"https:\/\/www.europesays.com\/es\/wp-json\/wp\/v2\/media\/127509"}],"wp:attachment":[{"href":"https:\/\/www.europesays.com\/es\/wp-json\/wp\/v2\/media?parent=127508"}],"wp:term":[{"taxonomy":"category","embeddable":true,"href":"https:\/\/www.europesays.com\/es\/wp-json\/wp\/v2\/categories?post=127508"},{"taxonomy":"post_tag","embeddable":true,"href":"https:\/\/www.europesays.com\/es\/wp-json\/wp\/v2\/tags?post=127508"}],"curies":[{"name":"wp","href":"https:\/\/api.w.org\/{rel}","templated":true}]}}