{"id":127514,"date":"2025-09-20T13:36:16","date_gmt":"2025-09-20T13:36:16","guid":{"rendered":"https:\/\/www.europesays.com\/es\/127514\/"},"modified":"2025-09-20T13:36:16","modified_gmt":"2025-09-20T13:36:16","slug":"la-historia-de-keter-en-zaragoza-la-fabrica-que-nacio-de-una-fregona-y-acabo-en-manos-israelies","status":"publish","type":"post","link":"https:\/\/www.europesays.com\/es\/127514\/","title":{"rendered":"La historia de Keter en Zaragoza, la f\u00e1brica que naci\u00f3 de una fregona y acab\u00f3 en manos israel\u00edes"},"content":{"rendered":"<p class=\"ft-text\">En la <strong>Zaragoza<\/strong> de finales de los a\u00f1os cincuenta, un ingeniero aeron\u00e1utico llamado Manuel Jal\u00f3n Corominas puso en marcha una peque\u00f1a empresa que acabar\u00eda cambiando la vida cotidiana de millones de hogares. Su nombre era <strong>Manufacturas Rodex SA<\/strong> y en sus talleres se dio forma a uno de los inventos espa\u00f1oles m\u00e1s universales: la fregona. En ese negocio primigenio tiene su origen la f\u00e1brica que hoy est\u00e1 en manos del grupo Ketel, una multinacional de origen israel\u00ed que ha decidido cerrar la planta, lo que podr\u00eda conllevar el despido de hasta <strong>105 trabajadores.<\/strong> Supondr\u00eda dar al traste un emblema de la industria local que atesora m\u00e1s de medio siglo de historia.<\/p>\n<p class=\"ft-text\">Jal\u00f3n hab\u00eda trabajado en <strong>Estados Unidos<\/strong> y, a su regreso, quiso mejorar los m\u00e9todos de limpieza que a\u00fan obligaban a arrodillarse y frotar el suelo con trapos. El resultado fue un sistema sencillo y brillante: un palo con un haz de tiras absorbentes y un cubo con escurridor. El invento, patentado en 1964, liber\u00f3 espaldas y rodillas y se convirti\u00f3 en un \u00e9xito inmediato.<\/p>\n<p>La expansi\u00f3n de Rodex<\/p>\n<p class=\"ft-text\">Durante los a\u00f1os sesenta y setenta, Rodex creci\u00f3 al ritmo del invento. Sus productos se exportaban y la marca se consolid\u00f3 en el mercado espa\u00f1ol como sin\u00f3nimo de<strong> innovaci\u00f3n en art\u00edculos de limpieza<\/strong>. La empresa se convirti\u00f3 en un referente del tejido industrial zaragozano, generando empleo estable y proyectando a la ciudad en el mapa internacional del dise\u00f1o de bienes de consumo.<\/p>\n<p><img decoding=\"async\" src=\"https:\/\/www.europesays.com\/es\/wp-content\/uploads\/2025\/09\/b7ce8137-5344-4120-8b5d-2bd317bd15d7_alta-libre-aspect-ratio_default_0.jpg\" width=\"1200\" height=\"675\" alt=\"Manuel Jal\u00f3n, rodeado de fregonas, en una imagen tomada en 1995 en Barcelona.\" class=\"ft-helper-img-rd\" loading=\"lazy\" hasdataaida=\"true\"\/><\/p>\n<p class=\"ft-helper-fontColor-quaternary ft-helper-fontSize-body-S ft-helper-spacer-t-xxs\">Manuel Jal\u00f3n, rodeado de fregonas, en una imagen tomada en 1995 en Barcelona.  \/ El Peri\u00f3dico<\/p>\n<p class=\"ft-text\">No solo se fabricaban fregonas. Rodex diversific\u00f3 su cat\u00e1logo hacia todo tipo de art\u00edculos de <strong>pl\u00e1stico<\/strong> para el hogar, lo que anticipaba una tendencia que se generalizar\u00eda en la d\u00e9cada siguiente.<\/p>\n<p>Cambio de manos: de Curver a Rubbermaid<\/p>\n<p class=\"ft-text\">El \u00e9xito atrajo a multinacionales extranjeras. En 1989, Rodex fue adquirida por la <strong>holandesa Curver<\/strong>, especializada en productos de pl\u00e1stico para el hogar y el almacenamiento. Con este movimiento, la f\u00e1brica de Zaragoza se integr\u00f3 en una red global de producci\u00f3n, aunque mantuvo su peso espec\u00edfico dentro del grupo gracias a la experiencia acumulada.<\/p>\n<p class=\"ft-text\">Poco despu\u00e9s, Curver pas\u00f3 a manos de la <strong>compa\u00f1\u00eda estadounidense Rubbermaid<\/strong>, otro gigante del sector, que absorbi\u00f3 la planta y su legado. Los cambios de propiedad no alteraron la actividad principal de la factor\u00eda, que sigui\u00f3 fabricando utensilios de limpieza y menaje bajo distintos sellos comerciales.<\/p>\n<p>El desembarco de Keter<\/p>\n<p class=\"ft-text\">El siguiente gran salto se produjo en 2005, cuando la israel\u00ed Keter Group, multinacional de productos de resina y pl\u00e1stico para hogar y jard\u00edn, adquiri\u00f3 <strong>la divisi\u00f3n europea de Curver<\/strong> y con ella la planta de Zaragoza. El centro pas\u00f3 a formar parte de un grupo con presencia en m\u00e1s de 90 pa\u00edses y una cartera de productos cada vez m\u00e1s diversificada.<\/p>\n<p class=\"ft-text\">Desde su<strong> fundaci\u00f3n en Jaffa en 1948<\/strong> y hasta bien entrado el siglo XXI, Keter fue una de las grandes multinacionales israel\u00edes de car\u00e1cter familiar, controlada por la saga de los Sagol. Esa etapa concluy\u00f3 en 2016, cuando la firma pas\u00f3 a manos de fondos internacionales de capital riesgo \u2014con BC Partners y PSP Investments como protagonistas\u2014 que adquirieron la mayor\u00eda del accionariado. Desde entonces la compa\u00f1\u00eda ha operado bajo estructuras financieras de <strong>capital riesgo<\/strong>, con intentos de salida a bolsa en 2021 y posteriores procesos de venta que no llegaron a materializarse.\u00a0<\/p>\n<p><img decoding=\"async\" src=\"https:\/\/www.europesays.com\/es\/wp-content\/uploads\/2025\/09\/678a177f-8eab-46cd-8ebd-a05b84709a07_alta-libre-aspect-ratio_default_0.jpg\" width=\"1200\" height=\"798\" alt=\"La actual f\u00e1brica de Keter en Zaragoza, situada junto a la carretera de Logro\u00f1o.\" class=\"ft-helper-img-rd\" loading=\"lazy\" hasdataaida=\"true\"\/><\/p>\n<p class=\"ft-helper-fontColor-quaternary ft-helper-fontSize-body-S ft-helper-spacer-t-xxs\">La actual f\u00e1brica de Keter en Zaragoza, heredera de Manufacturas Rodex, que est\u00e1 situada junto a la carretera de Logro\u00f1o.  \/ Rub\u00e9n Ruiz<\/p>\n<p class=\"ft-text\">Tras la reestructuraci\u00f3n de su deuda en 2024, el peso decisivo en la gobernanza lo ejercen hoy los fondos y los acreedores internacionales, como fondos de pensiones globales y firmas de capital privado como Beach Point y Community, que ahora poseen la participaci\u00f3n mayoritaria.\u00a0Keter mantiene su sede en Herzliya pero su capital es, en la pr\u00e1ctica, principalmente extranjero.<\/p>\n<p>Ad\u00edos a un legado de 60 a\u00f1os y un centenar de empleos <\/p>\n<p class=\"ft-text\">M\u00e1s all\u00e1 de los cambios de nombre y propiedad, la planta <strong>heredera de la antigua Rodex <\/strong>ha representado durante m\u00e1s de seis d\u00e9cadas una historia de innovaci\u00f3n y adaptaci\u00f3n a los vaivenes de la globalizaci\u00f3n. Fue tambi\u00e9n un ejemplo de c\u00f3mo un invento surgido de la observaci\u00f3n y la necesidad pod\u00eda convertirse en <strong>motor industrial. <\/strong><\/p>\n<p class=\"ft-text\">La fregona dio origen a una empresa con proyecci\u00f3n internacional, un legado empresarial que podr\u00eda ahora acabar de desvanecerse por compleo con <strong>el anuncio de cierre que Keter<\/strong> ha comunicado al comit\u00e9 de empresa. El desenlace fianal depender\u00e1 de la negocaci\u00f3n del despido colectivo (ere) presentado por la compa\u00f1\u00eda. En juego est\u00e1n m\u00e1s de un centenar de puestos de trabajo.<\/p>\n","protected":false},"excerpt":{"rendered":"En la Zaragoza de finales de los a\u00f1os cincuenta, un ingeniero aeron\u00e1utico llamado Manuel Jal\u00f3n Corominas puso en&hellip;\n","protected":false},"author":2,"featured_media":127515,"comment_status":"","ping_status":"","sticky":false,"template":"","format":"standard","meta":{"footnotes":""},"categories":[80],"tags":[4499,82,3213,95,94,5509,25,24,629,14461,448,74,41285,8182,23,491],"class_list":{"0":"post-127514","1":"post","2":"type-post","3":"status-publish","4":"format-standard","5":"has-post-thumbnail","7":"category-economia","8":"tag-aragon","9":"tag-business","10":"tag-consumo","11":"tag-economia","12":"tag-economy","13":"tag-empleo","14":"tag-es","15":"tag-espana","16":"tag-estados-unidos","17":"tag-fabrica","18":"tag-historia","19":"tag-israel","20":"tag-keter","21":"tag-nacio","22":"tag-spain","23":"tag-zaragoza"},"share_on_mastodon":{"url":"","error":""},"_links":{"self":[{"href":"https:\/\/www.europesays.com\/es\/wp-json\/wp\/v2\/posts\/127514","targetHints":{"allow":["GET"]}}],"collection":[{"href":"https:\/\/www.europesays.com\/es\/wp-json\/wp\/v2\/posts"}],"about":[{"href":"https:\/\/www.europesays.com\/es\/wp-json\/wp\/v2\/types\/post"}],"author":[{"embeddable":true,"href":"https:\/\/www.europesays.com\/es\/wp-json\/wp\/v2\/users\/2"}],"replies":[{"embeddable":true,"href":"https:\/\/www.europesays.com\/es\/wp-json\/wp\/v2\/comments?post=127514"}],"version-history":[{"count":0,"href":"https:\/\/www.europesays.com\/es\/wp-json\/wp\/v2\/posts\/127514\/revisions"}],"wp:featuredmedia":[{"embeddable":true,"href":"https:\/\/www.europesays.com\/es\/wp-json\/wp\/v2\/media\/127515"}],"wp:attachment":[{"href":"https:\/\/www.europesays.com\/es\/wp-json\/wp\/v2\/media?parent=127514"}],"wp:term":[{"taxonomy":"category","embeddable":true,"href":"https:\/\/www.europesays.com\/es\/wp-json\/wp\/v2\/categories?post=127514"},{"taxonomy":"post_tag","embeddable":true,"href":"https:\/\/www.europesays.com\/es\/wp-json\/wp\/v2\/tags?post=127514"}],"curies":[{"name":"wp","href":"https:\/\/api.w.org\/{rel}","templated":true}]}}