{"id":127518,"date":"2025-09-20T13:38:07","date_gmt":"2025-09-20T13:38:07","guid":{"rendered":"https:\/\/www.europesays.com\/es\/127518\/"},"modified":"2025-09-20T13:38:07","modified_gmt":"2025-09-20T13:38:07","slug":"el-pp-exige-la-dimision-de-la-ministra-de-igualdad","status":"publish","type":"post","link":"https:\/\/www.europesays.com\/es\/127518\/","title":{"rendered":"El PP exige la dimisi\u00f3n de la ministra de Igualdad"},"content":{"rendered":"<p>El secretario general del PP, <strong>Miguel Tellado<\/strong>, ha exigido este s\u00e1bado \u00abla dimisi\u00f3n inmediata\u00bb de la ministra de Igualdad,<strong> Ana Redondo<\/strong>, por las incidencias registradas el a\u00f1o pasado en la descarga de datos de las pulseras de control telem\u00e1tico de maltratadores. Al mismo tiempo, el ministro para la Transformaci\u00f3n Digital y de la Funci\u00f3n P\u00fablica, <strong>\u00d3scar L\u00f3pez<\/strong>, ha defendido que debe prevalecer \u00abla tranquilidad\u00bb sobre al funcionamiento del sistema.<\/p>\n<p>En el acto de apertura del curso pol\u00edtico del PP de Canarias, Tellado ha avanzado adem\u00e1s que su partido <strong>ha elevado el asunto ante la Comisi\u00f3n Europea<\/strong> ante la <strong>posible violaci\u00f3n de \u00abcuatro directivas comunitarias\u00bb<\/strong>. \u00abEsto no va a quedar as\u00ed\u00bb, ha advertido Tellado, que ha acusado al Gobierno de Espa\u00f1a de \u00abfallarle a las v\u00edctimas\u00bb. \u00ab<strong>Las han dejado desprotegidas, indefensas<\/strong>\u00ab, ha dicho el secretario de los &#8216;populares&#8217;, que ha abundado en que estas incidencias con las pulseras de control de los maltratadores es \u00abla ley del s\u00ed es s\u00ed 2.0\u00bb, y que eso de \u00abperjudicar a las mujeres es una rutina, se\u00f1a de identidad, marca de la casa\u00bb del Ejecutivo de <strong>Pedro S\u00e1nchez<\/strong>. <\/p>\n<p>\t\tJaime de los Santos, vicesecretario de Educaci\u00f3n e Igualdad del PP: \u00abLos fallos t\u00e9cnicos son siempre imperdonables, pero cuando se habla de v\u00edctimas de violencia machista, much\u00edsimo m\u00e1s\u00bb\t<\/p>\n<p>\u00abMenos mal que era el Gobierno m\u00e1s feminista de la historia\u00bb, ha ironizado Tellado. \u00abTienen tan poca verg\u00fcenza, son tan malos, que compraron las pulseras en Ali Expr\u00e9s (&#8230;) Qu\u00e9 gran met\u00e1fora de su forma de entender el feminismo, un feminismo de Ali Expr\u00e9s\u00bb, ha proclamado el secretario general del PP. \u00abEl final de esta pel\u00edcula solo puede ser uno:<a href=\"https:\/\/www.rtve.es\/noticias\/20250919\/pp-acusa-gobierno-ocultar-fallo-pulseras-maltradores-redondo-dice-mujeres-estuvieron-a-salvo\/16736127.shtml\" target=\"_blank\" rel=\"nofollow noopener\"> la dimisi\u00f3n inmediata de Ana Redondo<\/a>, por <strong>negligente, incapaz e incompetente<\/strong>\u00ab, ha zanjado.<\/p>\n<p>\u00abTratan de generar alarma\u00bb<\/p>\n<p>Por su parte, durante una visita a las instalaciones de la empresa Multiverse Computing en San Sebasti\u00e1n, \u00d3scar L\u00f3pez, ha considerado que, aunque \u00abalgunos\u00bb traten de \u00abgenerar alarma\u00bb, debe prevalecer \u00abla tranquilidad\u00bb sobre al funcionamiento del sistema de pulseras telem\u00e1ticas de control a maltratadores.<\/p>\n<p>L\u00f3pes ha pedido \u00abtranquilidad y serenidad\u00bb porque, seg\u00fan ha dicho, tal como<a href=\"https:\/\/www.rtve.es\/noticias\/20250918\/entrevista-cafe-d-idees-ministra-igualdad\/16734012.shtml\" target=\"_blank\" rel=\"nofollow noopener\"> ha explicado el Ministerio de Igualdad<\/a>, esos dispositivos \u00ab<strong>no han dejado de funcionar en ning\u00fan momento<\/strong>\u00ab.<\/p>\n<p>\t\t\u00abSe ha mantenido todo el rato la protecci\u00f3n de todas las mujeres por violencia de g\u00e9nero\u00bb\t<\/p>\n<p>El Ministerio P\u00fablico tuvo que explicar que los fallos que se reflejaron en la Memoria de 2024 se debieron a \u00ab<a href=\"https:\/\/www.rtve.es\/noticias\/20250918\/oposicion-acusa-gobierno-desproteger-mujeres-fallos-pulseras-antimaltrato\/16734190.shtml\" target=\"_blank\" rel=\"nofollow noopener\">problemas puntuales debidos a la migraci\u00f3n de datos que afectaban a procesos penales<\/a>\u00ab. Seg\u00fan su versi\u00f3n, la informaci\u00f3n requerida por los juzgados no se pudo obtener en un periodo concreto, pero el dispositivo \u00abfuncionaba correctamente\u00bb. La Fiscal\u00eda destaca que la coordinaci\u00f3n entre las distintas fiscal\u00edas permiti\u00f3 detectar el problema de forma inmediata y ponerlo en conocimiento de las autoridades.<\/p>\n<p>En concreto, la fiscal\u00eda general del Estado inform\u00f3 de absoluciones por \u00abfallos\u00bb en las pulseras telem\u00e1ticas de maltratadores, as\u00ed como con el prestador del servicio.<\/p>\n","protected":false},"excerpt":{"rendered":"El secretario general del PP, Miguel Tellado, ha exigido este s\u00e1bado \u00abla dimisi\u00f3n inmediata\u00bb de la ministra de&hellip;\n","protected":false},"author":2,"featured_media":127519,"comment_status":"","ping_status":"","sticky":false,"template":"","format":"standard","meta":{"footnotes":""},"categories":[8],"tags":[17,18,25,24,13,14,11,19,20,9,10,15,16,23,12,21,22],"class_list":{"0":"post-127518","1":"post","2":"type-post","3":"status-publish","4":"format-standard","5":"has-post-thumbnail","7":"category-espana","8":"tag-breaking-news","9":"tag-breakingnews","10":"tag-es","11":"tag-espana","12":"tag-featured-news","13":"tag-featurednews","14":"tag-headlines","15":"tag-latest-news","16":"tag-latestnews","17":"tag-news","18":"tag-noticias","19":"tag-noticias-destacadas","20":"tag-noticiasdestacadas","21":"tag-spain","22":"tag-titulares","23":"tag-ultimas-noticias","24":"tag-ultimasnoticias"},"share_on_mastodon":{"url":"","error":""},"_links":{"self":[{"href":"https:\/\/www.europesays.com\/es\/wp-json\/wp\/v2\/posts\/127518","targetHints":{"allow":["GET"]}}],"collection":[{"href":"https:\/\/www.europesays.com\/es\/wp-json\/wp\/v2\/posts"}],"about":[{"href":"https:\/\/www.europesays.com\/es\/wp-json\/wp\/v2\/types\/post"}],"author":[{"embeddable":true,"href":"https:\/\/www.europesays.com\/es\/wp-json\/wp\/v2\/users\/2"}],"replies":[{"embeddable":true,"href":"https:\/\/www.europesays.com\/es\/wp-json\/wp\/v2\/comments?post=127518"}],"version-history":[{"count":0,"href":"https:\/\/www.europesays.com\/es\/wp-json\/wp\/v2\/posts\/127518\/revisions"}],"wp:featuredmedia":[{"embeddable":true,"href":"https:\/\/www.europesays.com\/es\/wp-json\/wp\/v2\/media\/127519"}],"wp:attachment":[{"href":"https:\/\/www.europesays.com\/es\/wp-json\/wp\/v2\/media?parent=127518"}],"wp:term":[{"taxonomy":"category","embeddable":true,"href":"https:\/\/www.europesays.com\/es\/wp-json\/wp\/v2\/categories?post=127518"},{"taxonomy":"post_tag","embeddable":true,"href":"https:\/\/www.europesays.com\/es\/wp-json\/wp\/v2\/tags?post=127518"}],"curies":[{"name":"wp","href":"https:\/\/api.w.org\/{rel}","templated":true}]}}