{"id":127522,"date":"2025-09-20T13:40:13","date_gmt":"2025-09-20T13:40:13","guid":{"rendered":"https:\/\/www.europesays.com\/es\/127522\/"},"modified":"2025-09-20T13:40:13","modified_gmt":"2025-09-20T13:40:13","slug":"el-costa-del-sol-malaga-campeon-de-andalucia-de-balonmano","status":"publish","type":"post","link":"https:\/\/www.europesays.com\/es\/127522\/","title":{"rendered":"El Costa del Sol M\u00e1laga, campe\u00f3n de Andaluc\u00eda de balonmano"},"content":{"rendered":"<p><strong>El Costa del Sol M\u00e1laga se ha proclamado campe\u00f3n de Andaluc\u00eda de balonmano tras vencer al Sepisur C\u00f3rdoba por 25-18<\/strong>. El Costa del Sol M\u00e1laga estuvo por delante en el marcador durante todo el partido, logrando una diferencia notable en el descanso con un resultado parcial de 14-6. En la segunda mitad el Sepisur C\u00f3rdoba apret\u00f3 aunque sin opciones de victoria. 25-18 fue el marcador final que le sirve a las panteras para levantar su vig\u00e9simo segunda Copa de Andaluc\u00eda.<\/p>\n<p>El <strong>Palacio de los Juegos Mediterr\u00e1neos de Almer\u00eda<\/strong> ha acogido esta final de la Copa de Andaluc\u00eda que ha enfrentado a las panteras con las cordobesas.<\/p>\n<p>El partido lo puedes volver a ver en<a href=\"https:\/\/www.canalsurmas.es\/videos\/detail\/279534-deportes-20092025\" target=\"_blank\" rel=\"nofollow noopener\"> Canal Sur M\u00e1s Deportes<\/a>.<\/p>\n","protected":false},"excerpt":{"rendered":"El Costa del Sol M\u00e1laga se ha proclamado campe\u00f3n de Andaluc\u00eda de balonmano tras vencer al Sepisur C\u00f3rdoba&hellip;\n","protected":false},"author":2,"featured_media":127523,"comment_status":"","ping_status":"","sticky":false,"template":"","format":"standard","meta":{"footnotes":""},"categories":[278],"tags":[376,41287,168,41286,25,24,375,23,167],"class_list":{"0":"post-127522","1":"post","2":"type-post","3":"status-publish","4":"format-standard","5":"has-post-thumbnail","7":"category-balonmano","8":"tag-balonmano","9":"tag-campeon-de-andalucia-de-balonmano","10":"tag-deportes","11":"tag-el-costa-del-sol-malaga","12":"tag-es","13":"tag-espana","14":"tag-handball","15":"tag-spain","16":"tag-sports"},"share_on_mastodon":{"url":"","error":""},"_links":{"self":[{"href":"https:\/\/www.europesays.com\/es\/wp-json\/wp\/v2\/posts\/127522","targetHints":{"allow":["GET"]}}],"collection":[{"href":"https:\/\/www.europesays.com\/es\/wp-json\/wp\/v2\/posts"}],"about":[{"href":"https:\/\/www.europesays.com\/es\/wp-json\/wp\/v2\/types\/post"}],"author":[{"embeddable":true,"href":"https:\/\/www.europesays.com\/es\/wp-json\/wp\/v2\/users\/2"}],"replies":[{"embeddable":true,"href":"https:\/\/www.europesays.com\/es\/wp-json\/wp\/v2\/comments?post=127522"}],"version-history":[{"count":0,"href":"https:\/\/www.europesays.com\/es\/wp-json\/wp\/v2\/posts\/127522\/revisions"}],"wp:featuredmedia":[{"embeddable":true,"href":"https:\/\/www.europesays.com\/es\/wp-json\/wp\/v2\/media\/127523"}],"wp:attachment":[{"href":"https:\/\/www.europesays.com\/es\/wp-json\/wp\/v2\/media?parent=127522"}],"wp:term":[{"taxonomy":"category","embeddable":true,"href":"https:\/\/www.europesays.com\/es\/wp-json\/wp\/v2\/categories?post=127522"},{"taxonomy":"post_tag","embeddable":true,"href":"https:\/\/www.europesays.com\/es\/wp-json\/wp\/v2\/tags?post=127522"}],"curies":[{"name":"wp","href":"https:\/\/api.w.org\/{rel}","templated":true}]}}