{"id":127524,"date":"2025-09-20T13:41:03","date_gmt":"2025-09-20T13:41:03","guid":{"rendered":"https:\/\/www.europesays.com\/es\/127524\/"},"modified":"2025-09-20T13:41:03","modified_gmt":"2025-09-20T13:41:03","slug":"el-calita-fonseca-y-diego-sanchez-salen-en-hombros-de-la-alberto-balderas","status":"publish","type":"post","link":"https:\/\/www.europesays.com\/es\/127524\/","title":{"rendered":"\u2018El Calita\u2019, Fonseca y Diego S\u00e1nchez salen en hombros de la Alberto Balderas"},"content":{"rendered":"<p>                    Ernesto Javier \u2018El Calita\u2019, Isaac Fonseca y Diego S\u00e1nchez salieron en hombros de la Plaza Alberto Balderas, luego de cortar cada uno dos orejas en la primera corrida de la temporada taurina 2025, celebrada la noche de este viernes en defensa de la tauromaquia, ante una buena entrada y algo de lluvia en el coso de la avenida Francisco Villa.<br \/>\nFerm\u00edn Espinosa Armillita IV cort\u00f3 una oreja y aunque reclam\u00f3 una segunda, el juez de plaza no se dej\u00f3 presionar y no cambi\u00f3 la decisi\u00f3n con el tercer torero de la noche.<br \/>\nEn esta ocasi\u00f3n se present\u00f3 una combinaci\u00f3n de fiesta brava y charrer\u00eda y los seis matadores lucieron atuendos charros.<br \/>\nA Calita le toc\u00f3 el segundo de la noche, \u2018Bienvenido\u2019 de 480 kg, y le dio una bienvenida a portagayola, lance que estuvo de cerca de fallarle y puso a latir a m\u00e1s de mil el coraz\u00f3n de todos en los tendidos.<br \/>\nCuando empezaba con la muleta tambi\u00e9n empez\u00f3 una fuerte lluvia, que oblig\u00f3 a varios aficionados a buscar refugio en los pasillos de la plaza, as\u00ed como a la banda de m\u00fasica, por lo que Ernesto Javier realiz\u00f3 la faena pr\u00e1cticamente en silencio.<br \/>\nEl matador estuvo fino con la muleta, mucho mejor con la espada que meti\u00f3 hasta la empu\u00f1adora, por lo que el astado dobl\u00f3 casi de inmediato y el juez concedi\u00f3 las dos orejas.<br \/>\nDiego S\u00e1nchez fue el cuarto torero de la noche, con la muleta empez\u00f3 de rodillas y present\u00f3 una faena valiente, pegado al toro, de nombre \u2018Escritor\u2019 con 487 kilogramos. En la suerte suprema, S\u00e1nchez tambi\u00e9n luci\u00f3 con la espada, que meti\u00f3 hasta el fondo haciendo doblar casi de inmediato al burel, lo que no hizo dudar al juez para otorgarle las dos orejas.<br \/>\nEl quinto de la noche fue Isaac Fonseca, que enfrent\u00f3 a \u2018Hidalgo\u2019, un negro bragado de 516 kg, a quien recibi\u00f3 de rodillas pegado a la tablas, para ser revolcado un poco despu\u00e9s, pero sin consecuencias que lamentar y al grito de \u2018\u00a1torero, torero!\u2019 continu\u00f3 con la faena.<br \/>\nCon la muleta, recibi\u00f3 a \u2018Hidalgo\u2019 tambi\u00e9n de rodillas, pero en el centro del ruedo, y despu\u00e9s de unos cuantos pases estuvo cerca de ser cogido por el animal, que mov\u00eda demasiado la cabeza hacia arriba y hacia el lado del matador, lo que gener\u00f3 un momento de mucha tensi\u00f3n en toda la plaza, tensi\u00f3n que creci\u00f3 cuando Fonseca recibi\u00f3 un golpe por la espalda que lo hizo volar bastante alto.<br \/>\nGolpeado, Isaac decidi\u00f3 reanudar la faena, pero el peligro era m\u00e1s que latente, se ol\u00eda en cada rinc\u00f3n de la Balderas, pues \u2018Hidalgo\u2019 ya lo ten\u00eda bien medido, ya lo hab\u00eda sentido y lo buscaba en cada pase. Fonseca se dio cuenta de eso y decidi\u00f3 terminar cuanto antes la lucha con su rival. Se tir\u00f3 a matar y clav\u00f3 el metal hasta la empu\u00f1adora, pero \u2018Hidalgo\u2019 se resist\u00eda a la muerte, busc\u00f3 la querencia y camin\u00f3 uno metros pegado a tablas hasta que no pudo m\u00e1s y finalmente cay\u00f3 sobre la arena gan\u00e1ndose lo aplausos del p\u00fablico.<br \/>\nFue una faena de mucho riesgo, de mucha tensi\u00f3n y demasiado estr\u00e9s, en la que el toro mostr\u00f3 bastante bravura e hizo pasar momentos dif\u00edciles a Fonseca, que al final gan\u00f3 el duelo y recibi\u00f3 dos orejas como premio, as\u00ed como el reconocimiento del respetable desde los tendidos.<br \/>\nJos\u00e9 Mauricio abri\u00f3 la noche enfrentando a \u2018Marisme\u00f1o\u2019 de 490 kg, fall\u00f3 con la espada y tuvo que recurrir al descabello. Arturo Gilio cerr\u00f3 la tanda de seis matadores y tambi\u00e9n recurri\u00f3 al descabello con \u2018Morcillo\u2019, un c\u00e1rdeno bragado de 522 kg de peso.<br \/>\nEl pr\u00f3ximo festejo ser\u00e1 el viernes 3 de octubre a las 8:00 pm.                <\/p>\n","protected":false},"excerpt":{"rendered":"Ernesto Javier \u2018El Calita\u2019, Isaac Fonseca y Diego S\u00e1nchez salieron en hombros de la Plaza Alberto Balderas, luego&hellip;\n","protected":false},"author":2,"featured_media":127525,"comment_status":"","ping_status":"","sticky":false,"template":"","format":"standard","meta":{"footnotes":""},"categories":[277],"tags":[373,168,25,24,23,167,374],"class_list":{"0":"post-127524","1":"post","2":"type-post","3":"status-publish","4":"format-standard","5":"has-post-thumbnail","7":"category-toreo","8":"tag-bullfighting","9":"tag-deportes","10":"tag-es","11":"tag-espana","12":"tag-spain","13":"tag-sports","14":"tag-toreo"},"share_on_mastodon":{"url":"","error":""},"_links":{"self":[{"href":"https:\/\/www.europesays.com\/es\/wp-json\/wp\/v2\/posts\/127524","targetHints":{"allow":["GET"]}}],"collection":[{"href":"https:\/\/www.europesays.com\/es\/wp-json\/wp\/v2\/posts"}],"about":[{"href":"https:\/\/www.europesays.com\/es\/wp-json\/wp\/v2\/types\/post"}],"author":[{"embeddable":true,"href":"https:\/\/www.europesays.com\/es\/wp-json\/wp\/v2\/users\/2"}],"replies":[{"embeddable":true,"href":"https:\/\/www.europesays.com\/es\/wp-json\/wp\/v2\/comments?post=127524"}],"version-history":[{"count":0,"href":"https:\/\/www.europesays.com\/es\/wp-json\/wp\/v2\/posts\/127524\/revisions"}],"wp:featuredmedia":[{"embeddable":true,"href":"https:\/\/www.europesays.com\/es\/wp-json\/wp\/v2\/media\/127525"}],"wp:attachment":[{"href":"https:\/\/www.europesays.com\/es\/wp-json\/wp\/v2\/media?parent=127524"}],"wp:term":[{"taxonomy":"category","embeddable":true,"href":"https:\/\/www.europesays.com\/es\/wp-json\/wp\/v2\/categories?post=127524"},{"taxonomy":"post_tag","embeddable":true,"href":"https:\/\/www.europesays.com\/es\/wp-json\/wp\/v2\/tags?post=127524"}],"curies":[{"name":"wp","href":"https:\/\/api.w.org\/{rel}","templated":true}]}}