{"id":127532,"date":"2025-09-20T13:47:08","date_gmt":"2025-09-20T13:47:08","guid":{"rendered":"https:\/\/www.europesays.com\/es\/127532\/"},"modified":"2025-09-20T13:47:08","modified_gmt":"2025-09-20T13:47:08","slug":"tyler-herro-pasa-por-quirofano-y-se-perdera-el-inicio-de-la-nba","status":"publish","type":"post","link":"https:\/\/www.europesays.com\/es\/127532\/","title":{"rendered":"Tyler Herro pasa por quir\u00f3fano y se perder\u00e1 el inicio de la NBA"},"content":{"rendered":"<p data-mrf-recirculation=\"Links P\u00e1rrafos\" class=\"ue-c-article__paragraph paragraph ue-c-article--first-letter-highlighted\">Los <strong>Miami Heat empezar\u00e1n<\/strong> una nueva temporada <strong>sin uno de sus grandes jugadores<\/strong>: Tyler Herro fue operado del tobillo izquierdo y no estar\u00e1 disponible para el inicio de la temporada 2025-26. La intervenci\u00f3n, seg\u00fan inform\u00f3 la franquicia, fue exitosa, aunque el escolta <strong>necesitar\u00e1 varias semanas de recuperaci\u00f3n antes de volver a las canchas.<\/strong><\/p>\n<p data-mrf-recirculation=\"Links P\u00e1rrafos\" class=\"ue-c-article__paragraph paragraph\">Los<strong> Heat confirmaron que Herro se lesion\u00f3 durante un entrenamiento de verano,<\/strong> lo que encendi\u00f3 las alarmas dentro del equipo. A pesar de probar distintos tratamientos las molestias persistieron. Finalmente, <strong>los m\u00e9dicos determinaron que deb\u00eda pasar por el quir\u00f3fano<\/strong> para tratar un s\u00edndrome de pinzamiento posterior en el tobillo, una dolencia que limita mucho los movimientos y genera un dolor constante.<\/p>\n<p>Baja confirmada para el inicio de la competici\u00f3n<\/p>\n<p data-mrf-recirculation=\"Links P\u00e1rrafos\" class=\"ue-c-article__paragraph paragraph\">El <strong>tiempo de recuperaci\u00f3n estimado es de ocho semanas<\/strong>, lo que lo dejar\u00eda fuera al menos hasta mediados de noviembre. Esto implica que Miami deber\u00e1 arrancar la campa\u00f1a sin uno de sus jugadores m\u00e1s productivos de la pasada temporada. <strong>Herro firm\u00f3 n\u00fameros de 23,9 puntos, 5,5 asistencias y m\u00e1s de 5 rebotes por partido, consolid\u00e1ndose como referencia ofensiva del equipo.<\/strong><\/p>\n<p data-mrf-recirculation=\"Links P\u00e1rrafos\" class=\"ue-c-article__paragraph paragraph\">Su ausencia de <strong>obligar\u00e1 a Erik Spoelstra a redise\u00f1ar su rotaci\u00f3n<\/strong>. Todo apunta a que Norman Powell y Andrew Wiggins cargar\u00e1n con m\u00e1s responsabilidad, mientras que los j\u00f3venes como Nikola Jovic o el novato Kel\u2019el Ware podr\u00edan tener m\u00e1s protagonismo. Para un equipo que busca siempre mantenerse competitivo,<strong> la baja de su principal anotador supone un varapalo considerable.<\/strong><\/p>\n<p><img decoding=\"async\" width=\"1024\" height=\"682\" class=\"ue-c-article__image lazyload\" alt=\"Tyler Herro con el trofeo del concurso de triples\" loading=\"lazy\" src=\"https:\/\/www.europesays.com\/es\/wp-content\/uploads\/2025\/09\/68ce7718892d6.jpeg\"\/><\/p>\n<p>Tyler Herro con el trofeo del concurso de triplesAP<\/p>\n<p data-mrf-recirculation=\"Links P\u00e1rrafos\" class=\"ue-c-article__paragraph paragraph\">Miami conf\u00eda en que, <strong>una vez cumplidos los plazos m\u00e9dicos, el escolta pueda regresar <\/strong>al nivel que lo llev\u00f3 a ser All-Star. Pero hasta entonces, los Heat deber\u00e1n sobrevivir sin su estrella.<\/p>\n","protected":false},"excerpt":{"rendered":"Los Miami Heat empezar\u00e1n una nueva temporada sin uno de sus grandes jugadores: Tyler Herro fue operado del&hellip;\n","protected":false},"author":2,"featured_media":127533,"comment_status":"","ping_status":"","sticky":false,"template":"","format":"standard","meta":{"footnotes":""},"categories":[269],"tags":[299,298,168,25,24,23,167],"class_list":{"0":"post-127532","1":"post","2":"type-post","3":"status-publish","4":"format-standard","5":"has-post-thumbnail","7":"category-baloncesto","8":"tag-baloncesto","9":"tag-basketball","10":"tag-deportes","11":"tag-es","12":"tag-espana","13":"tag-spain","14":"tag-sports"},"share_on_mastodon":{"url":"","error":""},"_links":{"self":[{"href":"https:\/\/www.europesays.com\/es\/wp-json\/wp\/v2\/posts\/127532","targetHints":{"allow":["GET"]}}],"collection":[{"href":"https:\/\/www.europesays.com\/es\/wp-json\/wp\/v2\/posts"}],"about":[{"href":"https:\/\/www.europesays.com\/es\/wp-json\/wp\/v2\/types\/post"}],"author":[{"embeddable":true,"href":"https:\/\/www.europesays.com\/es\/wp-json\/wp\/v2\/users\/2"}],"replies":[{"embeddable":true,"href":"https:\/\/www.europesays.com\/es\/wp-json\/wp\/v2\/comments?post=127532"}],"version-history":[{"count":0,"href":"https:\/\/www.europesays.com\/es\/wp-json\/wp\/v2\/posts\/127532\/revisions"}],"wp:featuredmedia":[{"embeddable":true,"href":"https:\/\/www.europesays.com\/es\/wp-json\/wp\/v2\/media\/127533"}],"wp:attachment":[{"href":"https:\/\/www.europesays.com\/es\/wp-json\/wp\/v2\/media?parent=127532"}],"wp:term":[{"taxonomy":"category","embeddable":true,"href":"https:\/\/www.europesays.com\/es\/wp-json\/wp\/v2\/categories?post=127532"},{"taxonomy":"post_tag","embeddable":true,"href":"https:\/\/www.europesays.com\/es\/wp-json\/wp\/v2\/tags?post=127532"}],"curies":[{"name":"wp","href":"https:\/\/api.w.org\/{rel}","templated":true}]}}