{"id":127534,"date":"2025-09-20T13:48:24","date_gmt":"2025-09-20T13:48:24","guid":{"rendered":"https:\/\/www.europesays.com\/es\/127534\/"},"modified":"2025-09-20T13:48:24","modified_gmt":"2025-09-20T13:48:24","slug":"el-atletico-confirma-cuatro-bajas-y-dos-regresos-para-la-cita-de-mallorca","status":"publish","type":"post","link":"https:\/\/www.europesays.com\/es\/127534\/","title":{"rendered":"El Atl\u00e9tico confirma cuatro bajas y dos regresos, para la cita de Mallorca"},"content":{"rendered":"<p data-gtm-element-container=\"modulo-texto-link\" class=\"paragraph\">\u00a0El <strong>Atl\u00e9tico de Madrid<\/strong> termin\u00f3, este s\u00e1bado 20 de septiembre, de preparar su partido contra el <strong>Real Mallorca<\/strong>, que se disputa este domingo en <strong>Son Moix.<\/strong><\/p>\n<p>        Lee tambi\u00e9n<\/p>\n<p>    Chema G. Fuente<\/p>\n<p>             <img loading=\"lazy\" decoding=\"async\" data-full-src=\"https:\/\/www.mundodeportivo.com\/uploads\/2025\/08\/24\/68aade72761bf.jpeg\" alt=\"Horizontal\" width=\"334\" height=\"164\" src=\"https:\/\/www.europesays.com\/es\/wp-content\/uploads\/2025\/09\/68aade72761bf.r_d.2836-1363.jpeg\" class=\"lazy\"\/><\/p>\n<p data-gtm-element-container=\"modulo-texto-link\" class=\"paragraph\">Lo hizo con la confirmaci\u00f3n de las dos buenas noticias que ya se hab\u00edan dado en la sesi\u00f3n anterior, las de<strong> Juli\u00e1n \u00c1lvarez <\/strong>y <strong>David Hancko<\/strong> disponibles para jugar, tras haber entrenado con normalidad.<\/p>\n<blockquote class=\"twitter-tweet\" data-lang=\"es\"><p>\n<a href=\"https:\/\/twitter.com\/Atletico_MD\/status\/1969329193956618325\" rel=\"nofollow noopener\" target=\"_blank\">\n<\/p><\/blockquote>\n<p data-gtm-element-container=\"modulo-texto-link\" class=\"paragraph\"><strong>Diego Simeone,<\/strong> entrenador del <strong>Atl\u00e9tico de Madrid, <\/strong>ultim\u00f3 la preparaci\u00f3n con las bajas de <strong>\u00c1lex Baena, Jos\u00e9 Mar\u00eda Gim\u00e9nez, Thiago Almada<\/strong> y<strong> Johnny Cardoso <\/strong>y con el alta de<strong> Juli\u00e1n \u00c1lvarez,<\/strong> que se perdi\u00f3 la \u00faltima visita a <strong>Liverpool<\/strong>.<\/p>\n<p data-gtm-element-container=\"modulo-texto-link\" class=\"paragraph\"><strong>\u00a0Diego Simeone<\/strong>, entrenador del <strong>Atl\u00e9tico de Madrid<\/strong>, ultim\u00f3 este s\u00e1bado la preparaci\u00f3n de su equipo para el partido de este domingo contra el <strong>Mallorca<\/strong>, con las bajas de <strong>\u00c1lex Baena, Jos\u00e9 Mar\u00eda Gim\u00e9nez, Thiago Almada<\/strong> y <strong>Johnny Cardoso <\/strong>y con el alta de <strong>Juli\u00e1n \u00c1lvarez<\/strong>, que se perdi\u00f3 la \u00faltima visita a <strong>Liverpool<\/strong>.<\/p>\n<p>        Lee tambi\u00e9n<\/p>\n<p>    Chema G. Fuente<\/p>\n<p>             <img loading=\"lazy\" decoding=\"async\" data-full-src=\"https:\/\/www.mundodeportivo.com\/uploads\/2025\/06\/23\/685990a2918c5.jpeg\" alt=\"Koke, capit\u00e1n del Atl\u00e9tico de Madrid.\" width=\"334\" height=\"164\" src=\"https:\/\/www.europesays.com\/es\/wp-content\/uploads\/2025\/07\/685990a2918c5.r_d.547-351.jpeg\" class=\"lazy\"\/><\/p>\n<p data-gtm-element-container=\"modulo-texto-link\" class=\"paragraph\">Aunque tanto <strong>Baena <\/strong>como <strong>Gim\u00e9nez <\/strong>ya est\u00e1n en el tramo final de su puesta a punto, en la que siguen con trabajo espec\u00edfico de recuperaci\u00f3n, a\u00fan no est\u00e1n disponibles para volver a la competici\u00f3n por la operaci\u00f3n de apendicitis a la que fue sometido el espa\u00f1ol el pasado 2 de septiembre y las lesiones que han dejado al uruguayo sin jugar desde el 20 de junio, cuando sufri\u00f3 una dolencia muscular en el <strong>Mundial de Clubes <\/strong>ante el <strong>Seattle Sounders.<\/strong><\/p>\n<blockquote class=\"twitter-tweet\" data-lang=\"es\"><p>\n<a href=\"https:\/\/twitter.com\/Atletico_MD\/status\/1969338295659139163\" rel=\"nofollow noopener\" target=\"_blank\">\n<\/p><\/blockquote>\n<p data-gtm-element-container=\"modulo-texto-link\" class=\"paragraph\">Tambi\u00e9n son baja <strong>Johnny Cardoso<\/strong>, que sufri\u00f3 un esguince de tobillo en la sesi\u00f3n del pasado lunes (no viaj\u00f3 por ese motivo a <strong>Liverpool<\/strong>), y <strong>Thiago Almada<\/strong>, fuera de los \u00faltimos dos choques por una lesi\u00f3n muscular padecida la pasada semana con su selecci\u00f3n y que requiere todav\u00eda dos semanas m\u00e1s de recuperaci\u00f3n para su regreso.<\/p>\n<p>        Lee tambi\u00e9n<\/p>\n<p>    Redacci\u00f3n<\/p>\n<p>             <img loading=\"lazy\" decoding=\"async\" data-full-src=\"https:\/\/www.mundodeportivo.com\/uploads\/2025\/07\/24\/6882783a3368e.jpeg\" alt=\"Sa\u00fal \u00d1\u00edguez, nuevo jugador del Flamengo.\" width=\"334\" height=\"164\" src=\"https:\/\/www.europesays.com\/es\/wp-content\/uploads\/2025\/07\/6882783a3368e.r_d.843-702.jpeg\" class=\"lazy\"\/><\/p>\n<p data-gtm-element-container=\"modulo-texto-link\" class=\"paragraph\">S\u00ed est\u00e1 disponible <strong>Juli\u00e1n \u00c1lvarez<\/strong>, que se entren\u00f3 por segundo d\u00eda seguido con el grupo, una vez superadas unas molestias en la rodilla; al igual que <strong>David Hancko,<\/strong> que viaj\u00f3 a Liverpool pese a su esguince de tobillo aunque no disput\u00f3 ning\u00fan minuto. Ya est\u00e1 apto para entrar en juego, previsiblemente desde el once inicial de <strong>Diego Simeone<\/strong>, que, en cualquier caso, no ha dado pistas sobre su elecci\u00f3n para la alineaci\u00f3n titular.\u00a0<\/p>\n<p><script async src=\"https:\/\/platform.twitter.com\/widgets.js\" charset=\"utf-8\"><\/script><\/p>\n","protected":false},"excerpt":{"rendered":"\u00a0El Atl\u00e9tico de Madrid termin\u00f3, este s\u00e1bado 20 de septiembre, de preparar su partido contra el Real Mallorca,&hellip;\n","protected":false},"author":2,"featured_media":127535,"comment_status":"","ping_status":"","sticky":false,"template":"","format":"standard","meta":{"footnotes":""},"categories":[268],"tags":[168,25,24,280,282,281,23,167],"class_list":{"0":"post-127534","1":"post","2":"type-post","3":"status-publish","4":"format-standard","5":"has-post-thumbnail","7":"category-futbol","8":"tag-deportes","9":"tag-es","10":"tag-espana","11":"tag-football","12":"tag-futbol","13":"tag-soccer","14":"tag-spain","15":"tag-sports"},"share_on_mastodon":{"url":"","error":""},"_links":{"self":[{"href":"https:\/\/www.europesays.com\/es\/wp-json\/wp\/v2\/posts\/127534","targetHints":{"allow":["GET"]}}],"collection":[{"href":"https:\/\/www.europesays.com\/es\/wp-json\/wp\/v2\/posts"}],"about":[{"href":"https:\/\/www.europesays.com\/es\/wp-json\/wp\/v2\/types\/post"}],"author":[{"embeddable":true,"href":"https:\/\/www.europesays.com\/es\/wp-json\/wp\/v2\/users\/2"}],"replies":[{"embeddable":true,"href":"https:\/\/www.europesays.com\/es\/wp-json\/wp\/v2\/comments?post=127534"}],"version-history":[{"count":0,"href":"https:\/\/www.europesays.com\/es\/wp-json\/wp\/v2\/posts\/127534\/revisions"}],"wp:featuredmedia":[{"embeddable":true,"href":"https:\/\/www.europesays.com\/es\/wp-json\/wp\/v2\/media\/127535"}],"wp:attachment":[{"href":"https:\/\/www.europesays.com\/es\/wp-json\/wp\/v2\/media?parent=127534"}],"wp:term":[{"taxonomy":"category","embeddable":true,"href":"https:\/\/www.europesays.com\/es\/wp-json\/wp\/v2\/categories?post=127534"},{"taxonomy":"post_tag","embeddable":true,"href":"https:\/\/www.europesays.com\/es\/wp-json\/wp\/v2\/tags?post=127534"}],"curies":[{"name":"wp","href":"https:\/\/api.w.org\/{rel}","templated":true}]}}