{"id":127542,"date":"2025-09-20T13:54:13","date_gmt":"2025-09-20T13:54:13","guid":{"rendered":"https:\/\/www.europesays.com\/es\/127542\/"},"modified":"2025-09-20T13:54:13","modified_gmt":"2025-09-20T13:54:13","slug":"guia-rescata-un-documental-de-las-marias-a-color-de-59-anos","status":"publish","type":"post","link":"https:\/\/www.europesays.com\/es\/127542\/","title":{"rendered":"Gu\u00eda rescata un documental de Las Mar\u00edas a color de 59 a\u00f1os"},"content":{"rendered":"<p class=\"ft-text ft-helper-closenews\"><a class=\"ft-link ft-link--decoration\" href=\"https:\/\/santamariadeguia.es\/fundacion-canaria-nestor-alamo\/\" rel=\"nofollow noopener\" target=\"_blank\">La Fundaci\u00f3n N\u00e9stor \u00c1lamo<\/a> rescata un documental del <strong>a\u00f1o 1966<\/strong> a color sobre la fiesta de Las Mar\u00edas de <a class=\"ft-link ft-link--decoration\" href=\"https:\/\/www.laprovincia.es\/gran-canaria\/santa-maria-de-guia-de-gran-canaria\/\" rel=\"nofollow noopener\" target=\"_blank\">Gu\u00eda<\/a>, realizando por el fallecido fot\u00f3grafo guiense <strong>Paco Rivero,<\/strong> y que cuenta con la voz del cronista de la zona y posterior director de <strong>Diario de Las Palmas, Santiago Betancort Brito<\/strong>.<\/p>\n<p class=\"ft-text\">\u00abEstas im\u00e1genes no son solo historia: son memoria, identidad y patrimonio vivo. Nos muestran una fiesta sencilla y profunda, tejida con devoci\u00f3n y amor por el pueblo, la tierra y nuestras ra\u00edces\u00bb, se\u00f1alan los responsables del v\u00eddeo, que fue presentado por <strong>el alcalde, Alfredo Gon\u00e7alves<\/strong>; <strong>el concejal de Cultura, Juli\u00e1n Meli\u00e1n<\/strong>; y<a class=\"ft-link ft-link--decoration\" href=\"https:\/\/www.laprovincia.es\/gran-canaria\/2021\/09\/18\/nicasio-guerra-toma-relevo-210-57415893.html\" rel=\"nofollow noopener\" target=\"_blank\"> el presidente de los mayordomos, Nicasio Guerra<\/a>, garantes de esta celebraci\u00f3n bicentenaria, declarada<strong> Bien de Inter\u00e9s Cultual (BIC)<\/strong>.<\/p>\n<p>Libre y espont\u00e1nea<\/p>\n<p class=\"ft-text\">El v\u00eddeo muestra durante m\u00e1s de 10 minutos la esencia de esa fiesta hace 59 a\u00f1os, con im\u00e1genes en color. \u00abLa fiesta brot\u00f3 libre y espont\u00e1neo en los altos: en<strong> Bascamao, Junquillo y Verdejo<\/strong>, Palmitales, Barranco del Pinar, <strong>Piedras de Molino<\/strong>, Calabozo y Paso, <a class=\"ft-link ft-link--decoration\" href=\"https:\/\/www.laprovincia.es\/gran-canaria\/galdar\/\" rel=\"nofollow noopener\" target=\"_blank\">G\u00e1ldar<\/a>, <a class=\"ft-link ft-link--decoration\" href=\"https:\/\/www.laprovincia.es\/gran-canaria\/moya\/\" rel=\"nofollow noopener\" target=\"_blank\">Moya<\/a> y <a class=\"ft-link ft-link--decoration\" href=\"https:\/\/www.laprovincia.es\/tags\/fontanales\/\" rel=\"nofollow noopener\" target=\"_blank\">Fontanales<\/a>\u00bb, se escucha en la presentaci\u00f3n del documental, mezclado con im\u00e1genes de participantes en un entorno festivo, ambientado todo con m\u00fasica de la tierra.<\/p>\n<p class=\"ft-text\">\u00abFue motivo la cigarra. La plaga se abat\u00eda sobre la redondez de <a class=\"ft-link ft-link--decoration\" href=\"https:\/\/www.laprovincia.es\/gran-canaria\/\" rel=\"nofollow noopener\" target=\"_blank\">Gran Canaria<\/a>, en avalanchas incesantes e infinitas. Devoraba cosechas y arboledas, y cern\u00eda como un viento maldito la desesperaci\u00f3n y la ruina sobre la tierra\u00bb, a\u00f1ade en la explicaci\u00f3n de los or\u00edgenes de esta celebraci\u00f3n que naci\u00f3 en el a\u00f1o 1811, producida por <a class=\"ft-link ft-link--decoration\" href=\"https:\/\/www.laprovincia.es\/gran-canaria\/2025\/08\/03\/paco-rivero-pionero-fotoperiodismo-120307434.html\" rel=\"nofollow noopener\" target=\"_blank\">Paco Rivero<\/a>.<\/p>\n<p>Peligro de incendio<\/p>\n<p class=\"ft-text\">Mientras, el <strong>Ayuntamiento de Gu\u00eda<\/strong> anunci\u00f3 este viernes algunos cambios en la programaci\u00f3n de los actos previstos con motivo de la festividad de Las Mar\u00edas de este fin de semana, por el <strong>riesgo de incendios forestales<\/strong>.<\/p>\n<p class=\"ft-text\">Para este s\u00e1bado, la tradicional bajada de la rama no podr\u00e1 salir desde <strong>Monta\u00f1a Vergar<\/strong>a, debido a la prohibici\u00f3n de transitar por caminos rurales. En su lugar, la salida tendr\u00e1 lugar desde el pago de Tres Cruces. Mientras, el horario de salida de La Rama se traslada a las 17:30 horas. Y el servicio de <a class=\"ft-link ft-link--decoration\" href=\"https:\/\/www.laprovincia.es\/tags\/guaguas-municipales\/\" rel=\"nofollow noopener\" target=\"_blank\">guaguas<\/a> desde la parada de la <strong>avenida Lomo Guill\u00e9n <\/strong>comenzar\u00e1 a las 16:15 horas.<\/p>\n<p data-close=\"closedContent\" class=\"subscribeHideForDisplay\">Suscr\u00edbete para seguir leyendo<\/p>\n","protected":false},"excerpt":{"rendered":"La Fundaci\u00f3n N\u00e9stor \u00c1lamo rescata un documental del a\u00f1o 1966 a color sobre la fiesta de Las Mar\u00edas&hellip;\n","protected":false},"author":2,"featured_media":127543,"comment_status":"","ping_status":"","sticky":false,"template":"","format":"standard","meta":{"footnotes":""},"categories":[169],"tags":[177,11692,6084,146,147,25,24,2328,43,41293,41292,176,2881,1897,4070,41291,41290,175,6964,23,1934],"class_list":{"0":"post-127542","1":"post","2":"type-post","3":"status-publish","4":"format-standard","5":"has-post-thumbnail","7":"category-cine","8":"tag-cine","9":"tag-color","10":"tag-documental","11":"tag-entertainment","12":"tag-entretenimiento","13":"tag-es","14":"tag-espana","15":"tag-fiesta","16":"tag-fiestas","17":"tag-fiestas-en-canarias","18":"tag-fiestas-tradicionales","19":"tag-film","20":"tag-fundacion","21":"tag-gran-canaria","22":"tag-guia","23":"tag-las-marias","24":"tag-marias","25":"tag-movies","26":"tag-rescata","27":"tag-spain","28":"tag-tierra"},"share_on_mastodon":{"url":"","error":""},"_links":{"self":[{"href":"https:\/\/www.europesays.com\/es\/wp-json\/wp\/v2\/posts\/127542","targetHints":{"allow":["GET"]}}],"collection":[{"href":"https:\/\/www.europesays.com\/es\/wp-json\/wp\/v2\/posts"}],"about":[{"href":"https:\/\/www.europesays.com\/es\/wp-json\/wp\/v2\/types\/post"}],"author":[{"embeddable":true,"href":"https:\/\/www.europesays.com\/es\/wp-json\/wp\/v2\/users\/2"}],"replies":[{"embeddable":true,"href":"https:\/\/www.europesays.com\/es\/wp-json\/wp\/v2\/comments?post=127542"}],"version-history":[{"count":0,"href":"https:\/\/www.europesays.com\/es\/wp-json\/wp\/v2\/posts\/127542\/revisions"}],"wp:featuredmedia":[{"embeddable":true,"href":"https:\/\/www.europesays.com\/es\/wp-json\/wp\/v2\/media\/127543"}],"wp:attachment":[{"href":"https:\/\/www.europesays.com\/es\/wp-json\/wp\/v2\/media?parent=127542"}],"wp:term":[{"taxonomy":"category","embeddable":true,"href":"https:\/\/www.europesays.com\/es\/wp-json\/wp\/v2\/categories?post=127542"},{"taxonomy":"post_tag","embeddable":true,"href":"https:\/\/www.europesays.com\/es\/wp-json\/wp\/v2\/tags?post=127542"}],"curies":[{"name":"wp","href":"https:\/\/api.w.org\/{rel}","templated":true}]}}