{"id":127550,"date":"2025-09-20T13:58:11","date_gmt":"2025-09-20T13:58:11","guid":{"rendered":"https:\/\/www.europesays.com\/es\/127550\/"},"modified":"2025-09-20T13:58:11","modified_gmt":"2025-09-20T13:58:11","slug":"tim-cook-se-da-un-bano-de-masas-en-nueva-york-en-el-primer-dia-de-ventas-de-los-iphone-17","status":"publish","type":"post","link":"https:\/\/www.europesays.com\/es\/127550\/","title":{"rendered":"Tim Cook se da un ba\u00f1o de masas en Nueva York en el primer d\u00eda de ventas de los iPhone 17"},"content":{"rendered":"<p>Nueva York, 19 sep (EFE).- El director ejecutivo de Apple, Tim Cook, fue el encargado este viernes de abrir las puertas de la tienda de la compa\u00f1\u00eda en la Quinta Avenida de Nueva York y dar la bienvenida a los primeros clientes que hab\u00edan esperado horas para hacerse con los nuevos modelos de los iPhone 17, que salen a la venta hoy. <\/p>\n<p>El primero en entrar y hacerse una foto con Cook fue Harry Sun, un estudiante chino en Nueva York que pas\u00f3 la noche a la intemperie.  <\/p>\n<p>\u201cAl entrar en la tienda pude hablar con Tim y le di las gracias por traernos tantos productos incre\u00edbles. Adem\u00e1s, le agradec\u00ed haber venido en persona y hacer realidad mi sue\u00f1o de hacerme una foto con \u00e9l como fan de Apple que soy\u201d, dijo el joven a EFE. <\/p>\n<p>Sun sali\u00f3 de la tienda con varios aut\u00f3grafos de Cook, uno de ellos en su nuevo iPhone 17 Pro Max (1.199 d\u00f3lares) y otro en la tapa de un tarjetero donde colecciona las tarjetas de visita de todas las tiendas de Apple que ha visitado en el mundo, que son muchas.<\/p>\n<p>Una vez abiertas las puertas de la tienda, Cook se pase\u00f3 por el local para hablar con los primeros clientes. Todos quer\u00edan tomarse una foto con \u00e9l y pedirle un aut\u00f3grafo en la caja de sus nuevos dispositivos. <\/p>\n<p>El segundo en entrar a la ic\u00f3nica tienda neoyorquina fue Mark Guilaie. Era la tercera vez que pasaba la noche fuera del local de Apple para ser de los primeros en hacerse con un nuevo iPhone el d\u00eda del lanzamiento y dijo que va a enmarcar la caja del 17 Pro Max de color naranja firmada por Cook que se compr\u00f3. <\/p>\n<p>El naranja, espec\u00edficamente el \u201cnaranja c\u00f3smico\u201d, era el gran protagonista del d\u00eda, ya que es el nuevo color que Apple lanza hoy; raz\u00f3n por la que Cook elogiaba el atuendo de todo el que se hab\u00eda puesto algo naranja para la ocasi\u00f3n. <\/p>\n<p>A primera hora de la ma\u00f1ana se pod\u00eda ver por la tienda, adem\u00e1s de clientes habituales, a muchos creadores de contenido e incluso a celebridades, como el baloncestista Jalen Brunson.<\/p>\n<p>La mayor\u00eda de la gente sal\u00eda hoy de la tienda con el tel\u00e9fono m\u00e1s caro, el iPhone 17 Pro (1.099 d\u00f3lares) o el 17 Pro Max y no tantos con el iPhone Air (999 d\u00f3lares); el nuevo modelo ultrafino de Apple con una pantalla de 6,5 pulgadas y un marco de titanio pulido. <\/p>\n<p>Fuera de la tienda de cristal de la Quinta Avenida, un peque\u00f1o grupo de padres protest\u00f3 hoy por unos minutos para exigir a Apple no permita el material de abuso sexual infantil en iCloud.<\/p>\n<p>Uno de los manifestantes dijo a EFE que critica a Apple por priorizar la privacidad de los usuarios a costa de la seguridad infantil y a\u00f1adi\u00f3 que es necesario que existan m\u00e1s controles parentales en el ecosistema de la compa\u00f1\u00eda de la manzana mordida.<\/p>\n<p>\u201cSoy fan de Apple desde hace mucho tiempo y esta es mi mayor decepci\u00f3n\u201d, dijo el manifestante, quien no quiso desvelar su identidad y reconoci\u00f3 que a d\u00eda de hoy su tel\u00e9fono es un iPhone. <\/p>\n<p>Sarah Y\u00e1\u00f1ez-Richards<\/p>\n<p> Me gusta esto:<\/p>\n<p>Me gusta Cargando&#8230;<\/p>\n<p><a class=\"sd-link-color\"\/><\/p>\n<p>\n\tRelated<\/p>\n","protected":false},"excerpt":{"rendered":"Nueva York, 19 sep (EFE).- El director ejecutivo de Apple, Tim Cook, fue el encargado este viernes de&hellip;\n","protected":false},"author":2,"featured_media":127551,"comment_status":"","ping_status":"","sticky":false,"template":"","format":"standard","meta":{"footnotes":""},"categories":[81],"tags":[119,123,124,25,24,896,117,121,122,23,118,120],"class_list":{"0":"post-127550","1":"post","2":"type-post","3":"status-publish","4":"format-standard","5":"has-post-thumbnail","7":"category-ciencia-y-tecnologia","8":"tag-ciencia","9":"tag-ciencia-y-tecnologia","10":"tag-cienciaytecnologia","11":"tag-es","12":"tag-espana","13":"tag-nueva-york","14":"tag-science","15":"tag-science-and-technology","16":"tag-scienceandtechnology","17":"tag-spain","18":"tag-technology","19":"tag-tecnologia"},"share_on_mastodon":{"url":"","error":""},"_links":{"self":[{"href":"https:\/\/www.europesays.com\/es\/wp-json\/wp\/v2\/posts\/127550","targetHints":{"allow":["GET"]}}],"collection":[{"href":"https:\/\/www.europesays.com\/es\/wp-json\/wp\/v2\/posts"}],"about":[{"href":"https:\/\/www.europesays.com\/es\/wp-json\/wp\/v2\/types\/post"}],"author":[{"embeddable":true,"href":"https:\/\/www.europesays.com\/es\/wp-json\/wp\/v2\/users\/2"}],"replies":[{"embeddable":true,"href":"https:\/\/www.europesays.com\/es\/wp-json\/wp\/v2\/comments?post=127550"}],"version-history":[{"count":0,"href":"https:\/\/www.europesays.com\/es\/wp-json\/wp\/v2\/posts\/127550\/revisions"}],"wp:featuredmedia":[{"embeddable":true,"href":"https:\/\/www.europesays.com\/es\/wp-json\/wp\/v2\/media\/127551"}],"wp:attachment":[{"href":"https:\/\/www.europesays.com\/es\/wp-json\/wp\/v2\/media?parent=127550"}],"wp:term":[{"taxonomy":"category","embeddable":true,"href":"https:\/\/www.europesays.com\/es\/wp-json\/wp\/v2\/categories?post=127550"},{"taxonomy":"post_tag","embeddable":true,"href":"https:\/\/www.europesays.com\/es\/wp-json\/wp\/v2\/tags?post=127550"}],"curies":[{"name":"wp","href":"https:\/\/api.w.org\/{rel}","templated":true}]}}