{"id":127554,"date":"2025-09-20T14:00:07","date_gmt":"2025-09-20T14:00:07","guid":{"rendered":"https:\/\/www.europesays.com\/es\/127554\/"},"modified":"2025-09-20T14:00:07","modified_gmt":"2025-09-20T14:00:07","slug":"se-empenaron-en-probar-la-comida-antes-de-servirla-a-trump","status":"publish","type":"post","link":"https:\/\/www.europesays.com\/es\/127554\/","title":{"rendered":"se empe\u00f1aron en probar la comida antes de servirla a Trump"},"content":{"rendered":"<p class=\"c-paragraph\">Uno de los principales actos de la visita de estado de <a href=\"https:\/\/www.20minutos.es\/tags\/personas\/donald-trump.html\" title=\"Donald Trump\" rel=\"nofollow noopener\" target=\"_blank\">Donald Trump<\/a> a Reino Unido, que tuvo lugar esta pasada semana, se celebr\u00f3 el mi\u00e9rcoles: <b>una cena de gala en el Castillo de Windsor<\/b>, con m\u00e1s de 160 invitados, en honor del presidente de Estados Unidos, su esposa Melania y con la presencia de los reyes de Inglaterra y los pr\u00edncipes de Gales.<\/p>\n<p class=\"c-paragraph\">Pero seg\u00fan el <a href=\"https:\/\/www.dailymail.co.uk\/news\/article-15114197\/Donald-Trumps-Windsor-Castle-royal-banquet-furious-scenes-row.html\" rel=\"nofollow noreferrer noopener\" title=\"Revealed: How King&#039;s chefs clashed with Secret Service in furious behind-the-scenes row at Trump&#039;s Windsor state dinner\" target=\"_blank\">Daily Mail<\/a>, el lujo y la ceremonia que se apreciaron en la cena tuvieron un reverso pol\u00e9mico:<b> un enfrentamiento<\/b> entre el personal de cocina del Castillo y el servicio secreto de Estados Unidos.<\/p>\n<p class=\"c-paragraph\">Tal y como recoge este medio,\u00a0varios miembros del equipo del servicio secreto que custodiaba al presidente Trump fueron a las cocinas para supervisar la preparaci\u00f3n del men\u00fa, e<b> incluso probaron la comida,<\/b> lo que los cocineros consideraron como algo ofensivo.<\/p>\n<p class=\"c-paragraph\">\u00abEl banquete fue un \u00e9xito rotundo en el sal\u00f3n principal, pero hubo una disrupci\u00f3n detr\u00e1s del escenario\u00bb, dice una fuente de la familia real al Mail. \u00abSurgieron<b> tensiones entre los chefs <\/b>que preparaban la comida y el equipo de seguridad estadounidense responsable de proteger al presidente y su s\u00e9quito\u00bb, prosiguen.\u00a0<\/p>\n<p class=\"c-paragraph\">\u00abLos chefs, que trabajaban para preparar tres platos de manera impecable, se sintieron frustrados cuando los agentes del servicio secreto de Estados Unidos revisaban e <b>incluso probaban repetidamente toda la comida<\/b>\u00ab. dice la misma fuente.<\/p>\n<p class=\"c-paragraph\">\u00abLo que comenz\u00f3 como una irritaci\u00f3n silenciosa se convirti\u00f3 en un intercambio acalorado, <b>con voces alzadas en ambos lados<\/b>.\u00a0Tuvieron que pasar varios minutos para que los \u00e1nimos se calmaran y la cocina volviera a su ritmo habitual. Los invitados en el sal\u00f3n no se enteraron en absoluto del altercado, pero en la cocina era imposible pasarlo por alto\u00bb, dice.<\/p>\n<p>El men\u00fa<\/p>\n<p class=\"c-paragraph\">El men\u00fa de la cena consisti\u00f3 en panna cotta de berros de Hampshire con galletas de mantequilla parmesana y ensalada de huevo de codorniz para empezar, servido en una mesa preparada con <b>1.452 piezas de cubiertos de plata<\/b> y cinco copas de vino por persona.\u00a0<\/p>\n<p class=\"c-paragraph\">A continuaci\u00f3n, se sirvi\u00f3 una <b>balota de pollo org\u00e1nico de Norfolk<\/b> envuelta en calabac\u00edn con tomillo y zumo salado infusionado con bomba de helado de vainilla y sorbete de frambuesa de Kentish en el interior, decorado con ciruelas escalfadas para terminar.<\/p>\n<p class=\"c-paragraph\">La carta de vinos inclu\u00eda un vino espumoso cosecha inglesa 2016 de Wiston Estate como aperitivo y luego Domaine Bonneau de Martray, un vino blanco seco como entrante. El plato principal estuvo acompa\u00f1ado por un blanco Corton-Charlemagne, Grand Cru 2018, y un tinto Ridge Vineyards, Montebello, 2000 siendo el champ\u00e1n <b>Pol Roger, Extra Cuvee de Reserve 1998.<\/b><\/p>\n<p class=\"c-paragraph\">Las bebidas despu\u00e9s de la cena tambi\u00e9n fueron elegidas con mucho cuidado por el detalle, incluido un<b> oporto cosecha 1945<\/b> en honor a Trump por ser el 45\u00ba presidente de los EEUU y un co\u00f1ac de 1912, el a\u00f1o en que naci\u00f3 en Escocia la madre del inquilino de la Casa Blanca.<\/p>\n<p class=\"c-paragraph\">Y\u00a0aunque Trump es un conocido abstemio, los invitados tambi\u00e9n pudieron disfrutar de un c\u00f3ctel especial creado para el banquete, el Transatlantic Whisky Sour, que mezcla <b>Johnnie Walker<\/b> con mermelada, espuma de nuez y un malvavisco tostado sobre una galleta.<\/p>\n","protected":false},"excerpt":{"rendered":"Uno de los principales actos de la visita de estado de Donald Trump a Reino Unido, que tuvo&hellip;\n","protected":false},"author":2,"featured_media":127555,"comment_status":"","ping_status":"","sticky":false,"template":"","format":"standard","meta":{"footnotes":""},"categories":[42],"tags":[17,18,14721,24171,13,14,11,41296,61,62,63,64,19,20,4417,9,10,15,16,12,21,22,41295,65,66,67],"class_list":{"0":"post-127554","1":"post","2":"type-post","3":"status-publish","4":"format-standard","5":"has-post-thumbnail","7":"category-internacional","8":"tag-breaking-news","9":"tag-breakingnews","10":"tag-cocineros","11":"tag-con","12":"tag-featured-news","13":"tag-featurednews","14":"tag-headlines","15":"tag-indignados","16":"tag-internacional","17":"tag-international","18":"tag-international-news","19":"tag-internationalnews","20":"tag-latest-news","21":"tag-latestnews","22":"tag-los","23":"tag-news","24":"tag-noticias","25":"tag-noticias-destacadas","26":"tag-noticiasdestacadas","27":"tag-titulares","28":"tag-ultimas-noticias","29":"tag-ultimasnoticias","30":"tag-windsor","31":"tag-world","32":"tag-world-news","33":"tag-worldnews"},"share_on_mastodon":{"url":"","error":""},"_links":{"self":[{"href":"https:\/\/www.europesays.com\/es\/wp-json\/wp\/v2\/posts\/127554","targetHints":{"allow":["GET"]}}],"collection":[{"href":"https:\/\/www.europesays.com\/es\/wp-json\/wp\/v2\/posts"}],"about":[{"href":"https:\/\/www.europesays.com\/es\/wp-json\/wp\/v2\/types\/post"}],"author":[{"embeddable":true,"href":"https:\/\/www.europesays.com\/es\/wp-json\/wp\/v2\/users\/2"}],"replies":[{"embeddable":true,"href":"https:\/\/www.europesays.com\/es\/wp-json\/wp\/v2\/comments?post=127554"}],"version-history":[{"count":0,"href":"https:\/\/www.europesays.com\/es\/wp-json\/wp\/v2\/posts\/127554\/revisions"}],"wp:featuredmedia":[{"embeddable":true,"href":"https:\/\/www.europesays.com\/es\/wp-json\/wp\/v2\/media\/127555"}],"wp:attachment":[{"href":"https:\/\/www.europesays.com\/es\/wp-json\/wp\/v2\/media?parent=127554"}],"wp:term":[{"taxonomy":"category","embeddable":true,"href":"https:\/\/www.europesays.com\/es\/wp-json\/wp\/v2\/categories?post=127554"},{"taxonomy":"post_tag","embeddable":true,"href":"https:\/\/www.europesays.com\/es\/wp-json\/wp\/v2\/tags?post=127554"}],"curies":[{"name":"wp","href":"https:\/\/api.w.org\/{rel}","templated":true}]}}