{"id":127556,"date":"2025-09-20T14:01:08","date_gmt":"2025-09-20T14:01:08","guid":{"rendered":"https:\/\/www.europesays.com\/es\/127556\/"},"modified":"2025-09-20T14:01:08","modified_gmt":"2025-09-20T14:01:08","slug":"las-democracias-ya-han-empezado-a-decaer-como-regimen","status":"publish","type":"post","link":"https:\/\/www.europesays.com\/es\/127556\/","title":{"rendered":"Las democracias ya han empezado a decaer como r\u00e9gimen"},"content":{"rendered":"\n<p> Existe la posibilidad cierta de que <strong>ya estemos viviendo en el futuro que lo habr\u00e1 cambiado todo<\/strong>. Y que los nuevos comportamientos que observamos en la sociedad o en la pol\u00edtica s\u00f3lo sean los primeros s\u00edntomas de ese cambio mayor, un futuro en el que nada de lo que hemos conocido ser\u00e1 reconocible. Ni las relaciones humanas ni los sistemas democr\u00e1ticos ser\u00e1n iguales porque el entorno ser\u00e1 diferente; hasta entonces no se habr\u00e1 enterrado completamente el siglo XX y se habr\u00e1 impuesto el nuevo milenio. Cuando, dentro de un siglo, contemplen esta \u00e9poca que nos ha tocado vivir, lo que ver\u00e1n los historiadores ser\u00e1 el desconcierto del ser humano en estas tres primeras d\u00e9cadas del siglo XXI. Las sensaciones de una transici\u00f3n entre dos mundos; la incertidumbre, entre la angustia y la expectaci\u00f3n, ante <a href=\"https:\/\/www.elconfidencial.com\/tecnologia\/novaceno\/2024-03-28\/starship-elon-musk-antienvejecimiento-avi-loeb_3856651\/\" target=\"_self\" rel=\"nofollow noopener\">la era de la realidad virtual<\/a> que ya se va imponiendo. <\/p>\n<p> Uno de los mayores expertos en este proceso de cambio es un ingeniero andaluz de Telecomunicaci\u00f3n y Electr\u00f3nica, <strong>Antonio Luis Flores Galea<\/strong>, profesor de <strong>Inteligencia Artificial<\/strong> y <strong>Big Data<\/strong> en las <strong>Universidades Francisco de Vitoria y Villanueva<\/strong> y asesor de la <strong>Comisi\u00f3n Europea<\/strong> en inteligencia artificial y otras <strong>tecnolog\u00edas digitales<\/strong> desde 2019. Su \u00faltimo libro, \u2018<strong>Un mundo virtual<\/strong>\u2019 (<strong>Tusquets Editores<\/strong>), lo que plantea es la necesidad de que todos vayamos asimilando ya ese cambio porque, a su juicio, se trata de <strong>una revoluci\u00f3n completa que avanza de una forma m\u00e1s acelerada<\/strong> de lo que nadie ha podido prever. Y el primer paso de todo es el \u2018<strong><a href=\"https:\/\/www.elconfidencial.com\/empresas\/2024-11-24\/las-reuniones-de-trabajo-en-el-metaverso-zuckerberg_4005721\/\" target=\"_self\" rel=\"nofollow noopener\">metaverso<\/a><\/strong>\u2019, quiz\u00e1 la puerta de entrada de esa <strong>nueva realidad<\/strong>, y ni siquiera sabemos bien de qu\u00e9 se trata. <\/p>\n<p> <strong>PREGUNTA.- \u00bfEl ser humano camina hacia un mundo en el que viviremos en el metaverso?<\/strong><br \/>&#13;<br \/>\n<strong>RESPUESTA.-<\/strong> El hombre va a terminar dentro del metaverso y, por lo general, mucho antes de que lo que pens\u00e1bamos. Y no estoy d\u00e1ndole una opini\u00f3n, esto es informaci\u00f3n a partir de los conocimientos t\u00e9cnicos y cient\u00edficos que tenemos. El metaverso, que es el siguiente paso de internet, nos llevar\u00e1 de este mundo digital en dos dimensiones a un mundo inmersivo, de tres dimensiones. Empezaremos a interactuar con ese mundo virtual, tridimensional, en todos los \u00e1mbitos de nuestra vida cotidiana, en casa, en las calles, en las ciudades. Podemos pensar en nuestro cuerpo con una envoltura digital que hace de filtro entre la realidad f\u00edsica y nosotros. Algunas personas se sumergir\u00e1n en ese mundo de una forma m\u00e1s proactiva que otras, como siempre ocurre, pero todos acabaremos dentro del metaverso. Dentro de poco, el mundo actual de las pantallas en el que vivimos se nos va a quedar peque\u00f1o por la propia evoluci\u00f3n de la tecnolog\u00eda. Un ejemplo sencillo: Pensemos en la se\u00f1alizaci\u00f3n actual de las ciudades sobre todo tipo de informaci\u00f3n, desde el tr\u00e1fico hasta la ubicaci\u00f3n del aeropuerto y los hospitales. Pues bien, dentro de poco ser\u00e1 mucho m\u00e1s barato y efectivo que esas se\u00f1ales de acero que ocupan las aceras sean se\u00f1ales virtuales, digitales, que se le generen a cada uno de nosotros conforme vayamos necesit\u00e1ndolas. <\/p>\n<p>               Antonio L. Flores: \u201cEl hombre va a terminar dentro del metaverso, que es el siguiente paso de internet\u201d. (P. P.)             <\/p>\n<p> <strong>P.- Y esto \u00faltimo es lo que responde a la duda de si la entrada en esa vida de metaverso ser\u00e1 voluntaria, ya que todos acabaremos en esa normalidad como los ha ocurrido con m\u00f3viles, redes sociales\u2026<\/strong><br \/>&#13;<br \/>\n<strong>R.-<\/strong> S\u00ed, claro, pero ese proceso se produce por fases, como ya hemos comprobado con otros saltos tecnol\u00f3gicos muy disruptivos. Siempre, al final, se produce una incursi\u00f3n social masiva, impulsada incluso por las administraciones. Acu\u00e9rdese, por ejemplo, de lo que ocurri\u00f3 en la pandemia y el salto que supuso en el uso de muchas aplicaciones del m\u00f3vil. De pronto, las citas y las gestiones en los bancos, en los hospitales o en la administraci\u00f3n se empiezan a resolver con el tel\u00e9fono, sin presencia f\u00edsica. Eso mismo ocurrir\u00e1 con el metaverso. <\/p>\n<p> <strong>P.- Lo que es inevitable, y encierra una gran injusticia, es que hay generaciones que se van quedando atr\u00e1s, como los nativos anal\u00f3gicos cuando se impusieron los nativos digitales.<\/strong><br \/>&#13;<br \/>\n<strong>R.-<\/strong> Ya estamos, de hecho, en el siguiente paso, cuando los nativos virtuales superen a los digitales. Ser\u00e1 gente que tome como algo natural, habitual, que las mascotas sean virtuales. Y en vez de tener un perro f\u00edsico, al que hay que sacar a hacer sus necesidades o que hay que llevar al veterinario, pues tendr\u00e1 un perro virtual que se comportar\u00e1 exactamente igual, pero sin que coja enfermedades ni tener que sacarlo a la calle en pleno invierno, cuando llueve y hace fr\u00edo. El gran reto como sociedad se deriva, precisamente de ah\u00ed, de poder elegir entre un mundo virtual, que adaptamos a nuestras necesidades y apetencias, y el mundo f\u00edsico, que tambi\u00e9n conlleva problemas. Otro ejemplo que nos puede servir: la propia configuraci\u00f3n de las casas tambi\u00e9n cambiar\u00e1. El sal\u00f3n que conocemos, con el sof\u00e1 frente a un televisor cada vez m\u00e1s grande, se ir\u00e1 perdiendo ante una sala en la que entraremos para sumergirnos en el mundo virtual. Imag\u00ednese que llegas a casa y, en vez de sentarte a ver la tele, decides irte a una discoteca, a un concierto de tu artista favorito o a una playa. Y en todos esos lugares virtuales a los que vayas, podr\u00e1s ver, o\u00edr y respirar el ambiente como si estuvieras all\u00ed f\u00edsicamente. En los pr\u00f3ximos dos o tres a\u00f1os, ya comenzaremos a ver c\u00f3mo van sum\u00e1ndose a nuestras vidas nuevos dispositivos tecnol\u00f3gicos y, a partir de la ampliaci\u00f3n del ancho de banda que aportar\u00e1 el 6G y sucesivos, el metaverso se ir\u00e1 imponiendo. <\/p>\n<p> <strong>P.- \u00bfQu\u00e9 ser\u00e1 lo m\u00e1s inmediato?<\/strong><br \/>&#13;<br \/>\n<strong>R.-<\/strong> El desarrollo de las gafas, a partir del nuevo modelo que ya ha desarrollado Apple y que presentar\u00e1 este oto\u00f1o. En ese mundo, lo que m\u00e1s est\u00e1 interesando, aplicando la Inteligencia Artificial, es el desarrollo de dispositivos que puedan adelantar lo que estamos pensando. En nuestra actividad cotidiana, en cualquier aspecto que podamos pensar, vamos mirando hacia un lado o hacia otro y son las gafas las que nos adelantar\u00e1n qu\u00e9 queremos, o qu\u00e9 puede satisfacernos, porque ya saben cu\u00e1l ha sido nuestra decisi\u00f3n en momentos similares. Aunque no seamos conscientes de que cuando se mueven nuestros ojos estamos proporcionando informaci\u00f3n, la Inteligencia Artificial va a ser capaz de predecir qu\u00e9 estamos pensando, qu\u00e9 estamos buscando y qu\u00e9 vamos a querer hacer despu\u00e9s. Piense en la eficacia de esa aplicaci\u00f3n en unos grandes almacenes, que es f\u00e1cil de imaginar, pero exti\u00e9ndalo a la prevenci\u00f3n de accidentes mientras se conduce o al trabajo de la Polic\u00eda buscando sospechosos entre la multitud tras un partido de f\u00fatbol, por ejemplo. <\/p>\n<p>               Libros de Antonio L. Flores Galea publicados con la editorial Tusquets, junto a otros de autores como Schr\u00f6dinger. (P. P.)             <\/p>\n<p> <strong>P.- \u00bfTiene sentido, desde ese punto de vista de la evoluci\u00f3n tecnol\u00f3gica, que se proh\u00edba el uso individual de pantallas (tabletas, port\u00e1tiles, m\u00f3viles) en las aulas de Educaci\u00f3n Infantil y Primaria?<\/strong><br \/>&#13;<br \/>\nR.- Est\u00e1 demostrado que la tecnolog\u00eda digital genera cada vez m\u00e1s adicci\u00f3n y, con el metaverso, todav\u00eda m\u00e1s. La tecnolog\u00eda es una droga, y ahora con la <a href=\"https:\/\/www.elconfidencial.com\/cultura\/2024-01-07\/inteligencia-artificial-nos-quita-el-trabajo_3805941\/\" target=\"_self\" rel=\"nofollow noopener\">IA<\/a> m\u00e1s, aunque todav\u00eda no est\u00e1 reconocida formalmente como tal, porque existen multitud de intereses, igual que pas\u00f3 en su d\u00eda con el tabaco y el alcohol. Por lo tanto, creo que es importante limitar la exposici\u00f3n de los menores, especialmente en edades tempranas, y que toda la poblaci\u00f3n se conciencie de este hecho. L\u00f3gicamente, la sociedad va a evolucionar adoptando el metaverso y las tecnolog\u00edas digitales, que aportan grandes beneficios, pero hacerlo de forma descontrolada y sin los cuidados oportunos puede traer graves consecuencias. Prohibir nunca suele dar buen resultado, porque genera rechazo y oposici\u00f3n, que puede terminar en el extremo opuesto. Hacer a la gente consciente de que debe moderar ciertos h\u00e1bitos y comportamientos s\u00ed suele beneficiar a todos y generar un entorno social m\u00e1s saludable. <\/p>\n<p> <strong>P.- Mencionaba antes el impacto de todo esto en la gente\u2026 Uno piensa en el cambio de mentalidad de la sociedad actual con la de, por ejemplo, hace doscientos a\u00f1os, o incluso menos, y el v\u00e9rtigo es inevitable cuando lo trasladamos a un mundo en el que la realidad se confunda con lo virtual.<\/strong><br \/>&#13;<br \/>\nR.- Si la previsi\u00f3n es que el metaverso enganche mucho m\u00e1s que las redes sociales, los problemas psiqui\u00e1tricos y psicol\u00f3gicos tambi\u00e9n se multiplicar\u00e1n con respecto a los que ya conocemos vinculados a la tecnolog\u00eda actual. Piense en lo que le dec\u00eda antes, la habitaci\u00f3n virtual en la que, con tu avatar, puedes trasladarte a una playa y ver, o\u00edr y sentir lo mismo que estando junto al mar. Y all\u00ed quedas a hablar con amigos de todo el mundo o con un familiar lejano. Acabaremos viviendo veinticuatro horas en el metaverso y, cuando eso suceda, no sabremos distinguir entre la realidad f\u00edsica y la virtual. El ser humano tiende a la comodidad y es muy probable que, cuando tengamos esa opci\u00f3n, mucha gente prefiera el encuentro virtual con los amigos, con los familiares o en el trabajo, si es posible. En el metaverso, se puede cambiar, adem\u00e1s, la apariencia f\u00edsica y uno decide c\u00f3mo quiere ser, alto, delgado, joven, rubio de ojos verdes\u2026 El avatar que cada cual elija y que tendr\u00e1 la apariencia de una persona f\u00edsica, no de dibujos animados, que es lo que se imaginan muchos ahora. <\/p>\n<p> <strong>P.- \u00bfY estamos muy lejos de eso? Quiero decir que, si hace veinticinco a\u00f1os, no m\u00e1s tiempo, nos hubieran dicho que estaba a la vuelta de la esquina la posibilidad de hacer una video conferencia familiar con parientes y amigos de todos los continentes, y asequible para todos los bolsillos. Y resulta que esa realidad es la que ya se est\u00e1 quedando atr\u00e1s\u2026<\/strong><br \/>&#13;<br \/>\nR.- El desarrollo tecnol\u00f3gico siempre es exponencial y si las videoconferencias han tardado 25 a\u00f1os, podemos estar seguros de que en diez a\u00f1os se habr\u00e1 generalizado el uso del avatar. Para que nos hagamos una idea, nos encontramos en la prehistoria de la Inteligencia Artificial. Lo que cabe esperar, a partir de cinco o seis a\u00f1os, es un desarrollo acelerado de todas las nuevas tecnolog\u00edas vinculadas al metaverso. Y vuelvo a lo que me preguntaba antes sobre la sociedad. Lo m\u00e1s preocupante es la incidencia que pueda tener en la <a href=\"https:\/\/www.elconfidencial.com\/cultura\/2025-02-15\/memoria-del-porvenir-hacia-donde-van-la-cultura-y-la-civilizacion-bra_4062973\/\" target=\"_self\" rel=\"nofollow noopener\">soledad<\/a>, que ya es un problema importante. Cada vez estamos en una sociedad m\u00e1s conectada digitalmente y m\u00e1s desconectada f\u00edsica y an\u00edmicamente, y el metaverso lo que va a facilitar es que haya personas que vivan completamente aisladas del ser humano f\u00edsico. En ese universo virtual en el que todo es posible, tambi\u00e9n los delitos pueden multiplicarse y no siempre se podr\u00e1n controlar, igual que las nuevas adicciones que se generar\u00e1n. Una persona puede decidir que vuela y otra que es un kingkong de quince metros de alto. A ver c\u00f3mo se solventa eso en t\u00e9rminos de salud mental en una realidad en la que, como dec\u00eda, no hay fronteras entre el mundo f\u00edsico y el virtual. <\/p>\n<p>              <img decoding=\"async\" class=\"inTextNews__img\" alt=\"Foto: las-insospechadas-consecuencias-de-la-inteligencia-artificial-danger\" src=\"https:\/\/www.europesays.com\/es\/wp-content\/uploads\/2025\/09\/f.elconfidencial.com\/original\/fab\/866\/e95\/fab866e957e10575d7ea9c2bd31bdc3a.jpg\"  \/>   Opini\u00f3n     <\/p>\n<p>TE PUEDE INTERESAR<\/p>\n<p>      <a class=\"inTextNews__title\" href=\"https:\/\/blogs.elconfidencial.com\/mercados\/en-primera-linea\/2025-09-15\/las-insospechadas-consecuencias-de-la-inteligencia-artificial-danger_4208644\/\" onclick=\"window.ECCO.emit(&#039;amplitude&#039;, { dataEventName: &#039;click_related_article_module&#039;, data: { related_article_url: &#039;https:\/\/blogs.elconfidencial.com\/mercados\/en-primera-linea\/2025-09-15\/las-insospechadas-consecuencias-de-la-inteligencia-artificial-danger_4208644\/&#039;, related_article_author: &#039;Rodrigo Rodr\u00edguez&#039;, related_article_section: &#039;en-primera-linea&#039; } })\" rel=\"nofollow noopener\" target=\"_blank\"> Las insospechadas consecuencias de la Inteligencia Artificial. Danger <\/a>   <\/p>\n<p>    Rodrigo Rodr\u00edguez   <\/p>\n<p> <strong>P.- Pensaba, al o\u00edrle, que otra de las cosas que pueden cambiar completamente es el concepto de la muerte. Es decir, ya en la actualidad, con la enorme cantidad de informaci\u00f3n que hay de cada uno de nosotros en los tel\u00e9fonos m\u00f3viles, la Inteligencia Artificial puede suplir la p\u00e9rdida de un ser querido. Cuando se le pueda adjudicar un avatar que hable, piense y se exprese como la persona que ha muerto\u2026<\/strong><br \/>&#13;<br \/>\nR.- Efectivamente, eso ya est\u00e1 ocurriendo. Yo conozco a personas que con fotos, audios y v\u00eddeos de sus padres fallecidos han generado, a trav\u00e9s de Inteligencia Artificial, una especie de chat en el que interact\u00faan y sus padres reaccionan tal y como lo hac\u00edan. Eso ya est\u00e1 ocurriendo, usando herramientas que conocemos como el ChatGPT, con lo que cuando vivamos gran parte de nuestro tiempo en el metaverso podremos, adem\u00e1s, verlos y abrazarlos. Pero no hace falta que la persona que recreamos sea alguien fallecido, tambi\u00e9n puede ser una expareja que nos ha dejado. Es posible que se llegue a una realidad en la que interactuemos m\u00e1s con \u2018personajes falsos\u2019, por as\u00ed llamarlos, que con personas reales. Y no podremos diferenciarlos. Le he dedicado un cap\u00edtulo del libro: \u2018viviendo entre los muertos\u2019. <\/p>\n<p>                   Antonio L. Flores: \u201cCuando las generaciones m\u00e1s j\u00f3venes comienzan a dudar de que el Estado democr\u00e1tico les resulte \u00fatil, que habr\u00eda modelos mejores que resuelvan sus problemas, podemos sospechar que ya hay un cambio global en marcha\u201d. (P. P.)             <\/p>\n<p> <strong>P.- Tambi\u00e9n anticipa usted, en este terreno, que dentro de poco se podr\u00e1 \u2018copiar\u2019 el cerebro y que, entonces, descubriremos si hay algo m\u00e1s en el ser humano. Imagino que se refiere al alma, Si es as\u00ed, el ser humano estar\u00e1 respondiendo entonces la pregunta que m\u00e1s le ha atormentado desde que existe: si hay vida despu\u00e9s de la vida.<\/strong><br \/>&#13;<br \/>\nR.- El cerebro no deja de ser un \u00f3rgano, compuesto de c\u00e9lulas y de interconexiones. Ya hay algunos proyectos en fase experimental para copiar el cerebro neurona a neurona, c\u00e9lula a c\u00e9lula. Lo que se ha conseguido hasta ahora ha sido copiar l\u00e1minas del cerebro, como \u2018fotocopiar\u2019, para que nos entendamos. Quedan muchos pasos, evidentemente, entre otras cosas, hacerlo con cerebros vivos. Eso es lo que me lleva a pensar que ser\u00e1 entonces cuando sepamos si el alma, el esp\u00edritu, de una persona se contiene en el cerebro o no, porque sabemos, y sabremos much\u00edsimo m\u00e1s, sobre c\u00f3mo est\u00e1 compuesto el cerebro humano, pero no c\u00f3mo funciona y qu\u00e9 abarca. Cuando copiemos un cerebro, es cuando sabremos si, al mismo tiempo, estamos copiando a una persona. Es evidente que todo eso nos lleva a cuestiones m\u00e1s trascendentales como las que plantea, de si la ciencia va a destruir las religiones, si acabar\u00e1 con la fe o con la espiritualidad. Hasta ahora, no ha sido as\u00ed: la ciencia ha avanzado y, con cada descubrimiento, siempre han surgido m\u00e1s preguntas que respuestas. Y no son precisamente pocos los cient\u00edficos que, cuanto m\u00e1s investigan, m\u00e1s religiosos y espirituales se vuelven. <\/p>\n<p> <strong>P.- Hace unas semanas, pas\u00f3 desapercibida una noticia que parec\u00eda un suceso m\u00e1s. El obispo auxiliar de Sevilla llam\u00f3 a hermandades y conventos para pedirles una donaci\u00f3n urgente de mil euros. Como era su voz, nadie sospech\u00f3 que se trataba de una estafa creada con Inteligencia Artificial. Lo que me aterra es el resultado exponencial de todo esto, porque se llegar\u00e1 a no poder confiar en nadie en el mundo virtual del metaverso.<\/strong><br \/>&#13;<br \/>\nR.- S\u00ed, esto va a ir a m\u00e1s. Y no solamente de voz, sino tambi\u00e9n con imagen, de forma que puede estar usted hablando con la imagen falsa de su hijo, de su jefe, de sus amigos\u2026 La vista es el sentido que m\u00e1s nos puede enga\u00f1ar, porque es en el que m\u00e1s confiamos, y ese es el peligro que encierra. Con el metaverso, como usted dice, se multiplicar\u00e1 lo que ya est\u00e1 ocurriendo. La derivada que menos me gusta es que, de forma paralela, cada vez desconfiaremos m\u00e1s de todo, incluidas las personas m\u00e1s cercanas. Y como cada vez volcamos m\u00e1s datos personales en nuestros dispositivos, piense, por ejemplo, que su hijo se va a M\u00e9xico y le llaman diciendo que lo han secuestrado. Su mismo hijo se lo dice aterrado, y resulta que todo es falso. Pero \u00bfy si resulta que es cierto? Espero que los nativos virtuales est\u00e9n m\u00e1s preparados para ese mundo que ahora nos parece tan inquietante. <\/p>\n<p>              <img decoding=\"async\" class=\"inTextNews__img\" alt=\"Foto: chatgpt5-openai-salud-mental-ia-inteligencia-artificial-keith-sakata\" src=\"https:\/\/www.europesays.com\/es\/wp-content\/uploads\/2025\/09\/f.elconfidencial.com\/original\/a4f\/541\/e2a\/a4f541e2aa5adc4877794692f7b06a88.jpg\"  \/>     <\/p>\n<p>TE PUEDE INTERESAR<\/p>\n<p>      <a class=\"inTextNews__title\" href=\"https:\/\/www.elconfidencial.com\/tecnologia\/2025-08-24\/chatgpt5-openai-salud-mental-ia-inteligencia-artificial-keith-sakata_4194703\/\" onclick=\"window.ECCO.emit(&#039;amplitude&#039;, { dataEventName: &#039;click_related_article_module&#039;, data: { related_article_url: &#039;https:\/\/www.elconfidencial.com\/tecnologia\/2025-08-24\/chatgpt5-openai-salud-mental-ia-inteligencia-artificial-keith-sakata_4194703\/&#039;, related_article_author: &#039;Manuel \u00c1ngel M\u00e9ndez&#039;, related_article_section: &#039;tecnologia&#039; } })\" rel=\"nofollow noopener\" target=\"_blank\"> Este psiquiatra ha tratado a 12 pacientes con &#8216;psicosis de IA&#8217;: \u00abEl riesgo est\u00e1 en aislarse\u00bb <\/a>   <\/p>\n<p>    Manuel \u00c1ngel M\u00e9ndez   <\/p>\n<p> <strong>P.- Pues trasl\u00e1delo ahora a la pol\u00edtica y a las democracias. Si ya las \u2018fake news\u2019 nos han instalado en la polarizaci\u00f3n, porque ha dejado de tener valor el concepto mismo de verdad, con el metaverso todo esto puede desaparecer.<\/strong><br \/>&#13;<br \/>\nR.- Mi opini\u00f3n es que vamos hacia un cambio de modelo global. Las democracias parlamentarias ya han empezado a decaer como r\u00e9gimen, y eso lo percibo con claridad en mis alumnos de la Universidad. La cuestionan y se inclinan por sistemas de gobierno m\u00e1s efectivos, m\u00e1s parecidos en la gesti\u00f3n a las grandes corporaciones que muchas veces tienen una facturaci\u00f3n mayor que el PIB de muchos pa\u00edses. Y, por tanto, m\u00e1s poder. Cuando las generaciones m\u00e1s j\u00f3venes comienzan a dudar de que el Estado democr\u00e1tico les resulte \u00fatil, que habr\u00eda modelos mejores que resuelvan sus problemas, podemos sospechar que ya hay un cambio global en marcha. Sucede, adem\u00e1s, que la propia clase pol\u00edtica parece empe\u00f1ada en su propio desprestigio, con lo que est\u00e1 contribuyendo tambi\u00e9n a la desconsideraci\u00f3n de la democracia como sistema. Esa es una espiral arrolladora que acabar\u00e1 desembocando en el metaverso que, como tal, exigir\u00e1 un gobierno global, porque en el espacio virtual no hay fronteras. En ese mundo nuevo, las democracias y las elecciones no ser\u00e1n m\u00e1s que una \u2018estructura monigote\u2019 f\u00e1cilmente manipulable. Llegar\u00e1, entonces, alguien por arriba, y piense en las grandes <a href=\"https:\/\/blogs.elconfidencial.com\/economia\/la-mano-visible\/2024-01-20\/inteligencia-artificial-futuro-del-empleo_3814233\/\" target=\"_self\" rel=\"nofollow noopener\">multinacionales<\/a> del metaverso, que se impondr\u00e1, porque el mundo actual habr\u00e1 pasado a ser un mundo fallido, como los estados fallidos que conocemos hoy. Eso puede llegar a pasar. No creo que suceda en el corto plazo, pero tampoco tardar\u00e1 mucho, teniendo en cuenta los cambios de mentalidad que ya estamos viendo. <\/p>\n","protected":false},"excerpt":{"rendered":"Existe la posibilidad cierta de que ya estemos viviendo en el futuro que lo habr\u00e1 cambiado todo. Y&hellip;\n","protected":false},"author":2,"featured_media":127557,"comment_status":"","ping_status":"","sticky":false,"template":"","format":"standard","meta":{"footnotes":""},"categories":[8],"tags":[17,18,25,24,13,14,11,19,20,9,10,15,16,23,12,21,22],"class_list":{"0":"post-127556","1":"post","2":"type-post","3":"status-publish","4":"format-standard","5":"has-post-thumbnail","7":"category-espana","8":"tag-breaking-news","9":"tag-breakingnews","10":"tag-es","11":"tag-espana","12":"tag-featured-news","13":"tag-featurednews","14":"tag-headlines","15":"tag-latest-news","16":"tag-latestnews","17":"tag-news","18":"tag-noticias","19":"tag-noticias-destacadas","20":"tag-noticiasdestacadas","21":"tag-spain","22":"tag-titulares","23":"tag-ultimas-noticias","24":"tag-ultimasnoticias"},"share_on_mastodon":{"url":"","error":""},"_links":{"self":[{"href":"https:\/\/www.europesays.com\/es\/wp-json\/wp\/v2\/posts\/127556","targetHints":{"allow":["GET"]}}],"collection":[{"href":"https:\/\/www.europesays.com\/es\/wp-json\/wp\/v2\/posts"}],"about":[{"href":"https:\/\/www.europesays.com\/es\/wp-json\/wp\/v2\/types\/post"}],"author":[{"embeddable":true,"href":"https:\/\/www.europesays.com\/es\/wp-json\/wp\/v2\/users\/2"}],"replies":[{"embeddable":true,"href":"https:\/\/www.europesays.com\/es\/wp-json\/wp\/v2\/comments?post=127556"}],"version-history":[{"count":0,"href":"https:\/\/www.europesays.com\/es\/wp-json\/wp\/v2\/posts\/127556\/revisions"}],"wp:featuredmedia":[{"embeddable":true,"href":"https:\/\/www.europesays.com\/es\/wp-json\/wp\/v2\/media\/127557"}],"wp:attachment":[{"href":"https:\/\/www.europesays.com\/es\/wp-json\/wp\/v2\/media?parent=127556"}],"wp:term":[{"taxonomy":"category","embeddable":true,"href":"https:\/\/www.europesays.com\/es\/wp-json\/wp\/v2\/categories?post=127556"},{"taxonomy":"post_tag","embeddable":true,"href":"https:\/\/www.europesays.com\/es\/wp-json\/wp\/v2\/tags?post=127556"}],"curies":[{"name":"wp","href":"https:\/\/api.w.org\/{rel}","templated":true}]}}