{"id":127558,"date":"2025-09-20T14:02:44","date_gmt":"2025-09-20T14:02:44","guid":{"rendered":"https:\/\/www.europesays.com\/es\/127558\/"},"modified":"2025-09-20T14:02:44","modified_gmt":"2025-09-20T14:02:44","slug":"detenido-por-matar-a-un-hombre-en-vilanova-i-la-geltru-y-dejar-el-cadaver-descuartizado-en-una-maleta","status":"publish","type":"post","link":"https:\/\/www.europesays.com\/es\/127558\/","title":{"rendered":"Detenido por matar a un hombre en Vilanova i la Geltr\u00fa y dejar el cad\u00e1ver descuartizado en una maleta"},"content":{"rendered":"<p class=\"ft-text ft-helper-closenews\">El<strong> cad\u00e1ver descuartizado de una persona<\/strong> ha sido localizado este s\u00e1bado <strong>en el interior de una maleta<\/strong> junto a un contenedor de basura en la plaza del Enxaneta en Vilanova i la Geltr\u00fa. La Polic\u00eda Local de la localidad del Garraf ha detenido a un compa\u00f1ero de piso de la v\u00edctima al ser relacionado con los hechos, que habr\u00edan tenido lugar en un bloque de la calle Lepant. El sospechoso tiene 24 a\u00f1os.<\/p>\n<p class=\"ft-text\">Seg\u00fan fuentes policiales, el cuerpo ha sido hallado por el <strong>servicio de limpieza municipal<\/strong>. La detenci\u00f3n se ha producido tras una persecuci\u00f3n por parte de la Polic\u00eda Local de Vilanova cuando el sospechoso ha intentado huir del lugar de los hechos.<\/p>\n<p class=\"ft-text\">La divisi\u00f3n de investigaci\u00f3n criminal de la regi\u00f3n metropolitana sur de los Mossos d&#8217;Esquadra se ha hecho cargo de la <strong>investigaci\u00f3n<\/strong>. Las indagaciones est\u00e1n bajo secreto de sumario. Los Mossos han informado de que la Polic\u00eda Local les ha avisado hacia las<strong> 07:30 horas<\/strong> de la localizaci\u00f3n del cad\u00e1ver. Agentes de las patrullas de investigaci\u00f3n y de seguridad ciudadana de la Polic\u00eda de la Generalitat se han desplazado al lugar del suceso.<\/p>\n<p class=\"ft-text\">El pasado 11 de septiembre, empleados municipales de Vilanova encontraron sobre las siete de la ma\u00f1ana <a class=\"ft-link ft-link--decoration\" href=\"https:\/\/cms.prensaiberica.es\/api\/zeta\/front\/url\/article\/121462725\/es\" target=\"_blank\" rel=\"nofollow noopener\">otro cad\u00e1ver con signos de muerte violenta <\/a>en los jardines Francesc Maci\u00e0, una zona pr\u00f3xima a donde esta ma\u00f1ana se han hallado los restos de la segunda v\u00edctima.<strong> El primer fallecido era una persona que pernoctaba en la calle<\/strong>. El cuerpo mostraba signos de que el fallecido hab\u00eda sido atacado con un arma blanca.<\/p>\n<p class=\"ft-text\">Por su parte, el Ayuntamiento de Vilanova i la Geltr\u00fa ha expresado \u00abla <strong>profunda condena de estos hechos<\/strong>\u00bb en una comunicado difundido en las redes sociales. Asimismo, ha querido hacer un llamamiento a \u00abla <strong>m\u00e1xima prudencia<\/strong> en las informaciones que se difunden sobre estos hechos excepcionales\u00bb. \u00abLa <strong>convivencia <\/strong>es uno de los grandes valores de Vilanova y la Geltr\u00fa y desde el Ayuntamiento trabajaremos para que as\u00ed siga siendo\u00bb, prosigue la nota. \u00abAgradecemos la labor de la Polic\u00eda Local, que ha permitido detener a una persona, y tambi\u00e9n de los Mossos d&#8217;Esquadra, que est\u00e1n efectuando la investigaci\u00f3n\u00bb, concluye.<\/p>\n<p data-close=\"closedContent\" class=\"subscribeHideForDisplay\">Suscr\u00edbete para seguir leyendo<\/p>\n","protected":false},"excerpt":{"rendered":"El cad\u00e1ver descuartizado de una persona ha sido localizado este s\u00e1bado en el interior de una maleta junto&hellip;\n","protected":false},"author":2,"featured_media":127559,"comment_status":"","ping_status":"","sticky":false,"template":"","format":"standard","meta":{"footnotes":""},"categories":[5],"tags":[17,18,6247,25,24,13,14,41298,37003,11,19,20,26561,3989,4809,9,10,15,16,23,12,21,22,41297,41299],"class_list":{"0":"post-127558","1":"post","2":"type-post","3":"status-publish","4":"format-standard","5":"has-post-thumbnail","7":"category-titulares","8":"tag-breaking-news","9":"tag-breakingnews","10":"tag-cadaver","11":"tag-es","12":"tag-espana","13":"tag-featured-news","14":"tag-featurednews","15":"tag-geltru","16":"tag-hallado","17":"tag-headlines","18":"tag-latest-news","19":"tag-latestnews","20":"tag-maleta","21":"tag-mossos-d","22":"tag-muertes","23":"tag-news","24":"tag-noticias","25":"tag-noticias-destacadas","26":"tag-noticiasdestacadas","27":"tag-spain","28":"tag-titulares","29":"tag-ultimas-noticias","30":"tag-ultimasnoticias","31":"tag-vilanova","32":"tag-vilanova-i-la-geltru"},"share_on_mastodon":{"url":"","error":""},"_links":{"self":[{"href":"https:\/\/www.europesays.com\/es\/wp-json\/wp\/v2\/posts\/127558","targetHints":{"allow":["GET"]}}],"collection":[{"href":"https:\/\/www.europesays.com\/es\/wp-json\/wp\/v2\/posts"}],"about":[{"href":"https:\/\/www.europesays.com\/es\/wp-json\/wp\/v2\/types\/post"}],"author":[{"embeddable":true,"href":"https:\/\/www.europesays.com\/es\/wp-json\/wp\/v2\/users\/2"}],"replies":[{"embeddable":true,"href":"https:\/\/www.europesays.com\/es\/wp-json\/wp\/v2\/comments?post=127558"}],"version-history":[{"count":0,"href":"https:\/\/www.europesays.com\/es\/wp-json\/wp\/v2\/posts\/127558\/revisions"}],"wp:featuredmedia":[{"embeddable":true,"href":"https:\/\/www.europesays.com\/es\/wp-json\/wp\/v2\/media\/127559"}],"wp:attachment":[{"href":"https:\/\/www.europesays.com\/es\/wp-json\/wp\/v2\/media?parent=127558"}],"wp:term":[{"taxonomy":"category","embeddable":true,"href":"https:\/\/www.europesays.com\/es\/wp-json\/wp\/v2\/categories?post=127558"},{"taxonomy":"post_tag","embeddable":true,"href":"https:\/\/www.europesays.com\/es\/wp-json\/wp\/v2\/tags?post=127558"}],"curies":[{"name":"wp","href":"https:\/\/api.w.org\/{rel}","templated":true}]}}