{"id":127560,"date":"2025-09-20T14:04:04","date_gmt":"2025-09-20T14:04:04","guid":{"rendered":"https:\/\/www.europesays.com\/es\/127560\/"},"modified":"2025-09-20T14:04:04","modified_gmt":"2025-09-20T14:04:04","slug":"el-color-y-la-memoria-avance-taurino","status":"publish","type":"post","link":"https:\/\/www.europesays.com\/es\/127560\/","title":{"rendered":"El color y la memoria \u2013 Avance Taurino"},"content":{"rendered":"<p>La capacidad de la mente es algo asombroso, pese a que el com\u00fan de los mortales no le prestamos apenas atenci\u00f3n. Su poder para hacer tantas y tantas cosas nos parece algo normal y corriente, pero si se piensa con un poco de detenimiento las conclusiones son tan espectaculares como su potencia.<\/p>\n<p><img loading=\"lazy\" decoding=\"async\" class=\"alignleft size-thumbnail wp-image-85668\" src=\"https:\/\/www.europesays.com\/es\/wp-content\/uploads\/2025\/09\/PD-024-150x150.jpg\" alt=\"\" width=\"150\" height=\"150\"\/><\/p>\n<p><strong>Paco Delgado<\/strong><\/p>\n<p>Cada vez que entro a la plaza de toros de Albacete, e incluso antes, cuando ando por sus inmediaciones o llego frente a ella, me pasa lo mismo: recuerdo con total nitidez la primera vez que vi una corrida en vivo y en directo, si bien antes ya hab\u00eda visto muchas en la tele, puede que no completas, porque enseguida me iba al patio de casa -que no era particular, pues en \u00e9l llev\u00e9 a cabo faenas extraordinarias y mat\u00e9 m\u00e1s de mil toros de toda condici\u00f3n- a dar mantazos con una especie de muleta que me hab\u00eda hecho Marina (la chica que m\u00e1s que cuidar de mi y mis hermanos jugaba con nosotros y sigue siendo a d\u00eda de hoy una m\u00e1s de la familia), a intentar imitar a quien entonces era mi gran \u00eddolo, Manuel Ben\u00edtez \u201cEl Cordob\u00e9s\u201d, sin hacer caso a mi padre (como en tantas otras cosas que ahora lamento no haber atendido), que me dec\u00eda que se toreaba despacio y sin gesticulaciones, aspavientos ni, mucho menos, hacer el payaso, aunque tambi\u00e9n, mas adelante, confesaba que Ben\u00edtez \u201cno era ning\u00fan chalado\u201d y que ten\u00eda una izquierda prodigiosa\u2026<\/p>\n<p>Y, c\u00f3mo no, a El Cordob\u00e9s vi aquella tarde, tan lejana en el tiempo pero tan cercana en mi memoria, en la feria de 1965, en la que de la mano de mis padres tuve mi bautismo de plaza. Y lo que m\u00e1s me impresion\u00f3, que tambi\u00e9n, no fue ver de cerca a mi campe\u00f3n: el primer gran impacto para m\u00ed al entrar a lo que consideraba un monumento excepcional, fue el color de la arena, de un no s\u00e9 si amarillo o gualda, pero tan brillante que me deslumbr\u00f3. Hasta entonces asociaba el ruedo a un gris m\u00e1s o menos claro, como el que se ve\u00eda en la tele y no esperaba aquel resplandor.<\/p>\n<p>La mente crea asociaciones m\u00e1s fuertes con el color que cuando ve en blanco y negro, por lo que tambi\u00e9n llam\u00f3 mucho mi atenci\u00f3n el vivo te\u00f1ido de las medias de los toreros, de un rosa intenso que tampoco encajaba con lo visto en televisi\u00f3n o en las fotos de colorines que mostraban en La Actualidad Espa\u00f1ola, que era la publicaci\u00f3n que entonces se le\u00eda en mi casa al margen del ABC, el Ya y los semanarios taurinos que compraban mi padre y mi abuelo y que poca cuatricrom\u00eda llevaban.<\/p>\n<p>Junto a El Cordob\u00e9s, que tore\u00f3 con un terno azul yo dir\u00eda que pastel y oro, actuaron Ferm\u00edn Murillo, ataviado con un muy serio negro y oro, y Manuel Amador, de rosa y oro. Y esos tres tonos fueron, junto al grana de un torero de goma que conserv\u00e9 durante mucho tiempo, la gama b\u00e1sica de mi imaginario armario taurino, pese a que el negro no era habitual de aquellas figuras que entonces estaban en todas las vitrinas y escaparates de las tiendas de regalos ante las que siempre estaba pegado un buen rato sin que casi nunca me cayese alguna, que luc\u00edan trajes sobre todo azul celeste, pur\u00edsima y rosa frente a un torito como de terciopelo que parec\u00eda dejarse torear con total impunidad.<\/p>\n<p>El v\u00ednculo entre el color y la memoria es una puerta abierta a un mundo de inmensas posibilidades. El cerebro humano procesa la informaci\u00f3n visual de manera muy eficiente, y el color, como un elemento fundamental de la visi\u00f3n, juega un papel crucial en dicha tarea. De tal forma que, m\u00e1s de sesenta a\u00f1os despu\u00e9s, collons, cada vez que veo a un torero con un traje rosa a mi cabeza viene enseguida Amador padre; si es pastel es El Cordob\u00e9s el que aparece o Murillo si el diestro ci\u00f1e un chispeante negro.<\/p>\n<p>No me acuerdo exactamente del balance de aquella funci\u00f3n, pero para m\u00ed fue un antes y un despu\u00e9s y, sobre todo, la puerta que me abri\u00f3 un mundo nuevo de sensaciones tan extraordinarias que tanto tiempo despu\u00e9s todav\u00eda me hacen estremecer cada vez que me dispongo a presenciar una corrida. Y m\u00e1s todav\u00eda si es en la plaza de Albacete.<\/p>\n","protected":false},"excerpt":{"rendered":"La capacidad de la mente es algo asombroso, pese a que el com\u00fan de los mortales no le&hellip;\n","protected":false},"author":2,"featured_media":127561,"comment_status":"","ping_status":"","sticky":false,"template":"","format":"standard","meta":{"footnotes":""},"categories":[277],"tags":[373,168,25,24,23,167,374],"class_list":{"0":"post-127560","1":"post","2":"type-post","3":"status-publish","4":"format-standard","5":"has-post-thumbnail","7":"category-toreo","8":"tag-bullfighting","9":"tag-deportes","10":"tag-es","11":"tag-espana","12":"tag-spain","13":"tag-sports","14":"tag-toreo"},"share_on_mastodon":{"url":"","error":""},"_links":{"self":[{"href":"https:\/\/www.europesays.com\/es\/wp-json\/wp\/v2\/posts\/127560","targetHints":{"allow":["GET"]}}],"collection":[{"href":"https:\/\/www.europesays.com\/es\/wp-json\/wp\/v2\/posts"}],"about":[{"href":"https:\/\/www.europesays.com\/es\/wp-json\/wp\/v2\/types\/post"}],"author":[{"embeddable":true,"href":"https:\/\/www.europesays.com\/es\/wp-json\/wp\/v2\/users\/2"}],"replies":[{"embeddable":true,"href":"https:\/\/www.europesays.com\/es\/wp-json\/wp\/v2\/comments?post=127560"}],"version-history":[{"count":0,"href":"https:\/\/www.europesays.com\/es\/wp-json\/wp\/v2\/posts\/127560\/revisions"}],"wp:featuredmedia":[{"embeddable":true,"href":"https:\/\/www.europesays.com\/es\/wp-json\/wp\/v2\/media\/127561"}],"wp:attachment":[{"href":"https:\/\/www.europesays.com\/es\/wp-json\/wp\/v2\/media?parent=127560"}],"wp:term":[{"taxonomy":"category","embeddable":true,"href":"https:\/\/www.europesays.com\/es\/wp-json\/wp\/v2\/categories?post=127560"},{"taxonomy":"post_tag","embeddable":true,"href":"https:\/\/www.europesays.com\/es\/wp-json\/wp\/v2\/tags?post=127560"}],"curies":[{"name":"wp","href":"https:\/\/api.w.org\/{rel}","templated":true}]}}