{"id":127562,"date":"2025-09-20T14:07:08","date_gmt":"2025-09-20T14:07:08","guid":{"rendered":"https:\/\/www.europesays.com\/es\/127562\/"},"modified":"2025-09-20T14:07:08","modified_gmt":"2025-09-20T14:07:08","slug":"gano-14-grand-slams-y-hoy-jugara-en-albacete-un-partido-de-tenis-despues-de-22-anos-sin-hacerlo-en-espana","status":"publish","type":"post","link":"https:\/\/www.europesays.com\/es\/127562\/","title":{"rendered":"Gan\u00f3 14 Grand Slams y hoy jugar\u00e1 en Albacete un partido de tenis despu\u00e9s de 22 a\u00f1os sin hacerlo en Espa\u00f1a"},"content":{"rendered":"<p class=\"article-text\">\n        Mucho antes de que <a href=\"https:\/\/www.eldiario.es\/temas\/carlos-alcaraz\/\" data-mrf-recirculation=\"links-noticia\" class=\"link\" rel=\"nofollow noopener\" target=\"_blank\">Carlos Alcaraz<\/a> llegase a ganar varios Grand Slams y a ser n\u00famero uno del <a href=\"https:\/\/www.eldiario.es\/temas\/tenis\/\" data-mrf-recirculation=\"links-noticia\" class=\"link\" rel=\"nofollow noopener\" target=\"_blank\">tenis<\/a>, concretamente en 1995, los aficionados a la raqueta vieron c\u00f3mo una tenaz y aguerrida jugadora nacida en Barcelona lograba coronarse, durante doce semanas, como la mejor tenista del planeta. <strong>Tras una exitosa carrera, incluyendo 14 Grand Slams, Arantxa S\u00e1nchez Vicario, se retir\u00f3 en 2002\u2026 pero esta tarde podremos verla de nuevo saltar a una pista de tenis raqueta en mano<\/strong>. Y eso que lleva sin hacerlo en Espa\u00f1a desde hace 22 a\u00f1os. <strong>La cita, en Albacete, a partir de las 17.30 de la tarde<\/strong>. Una de esas citas que los amantes del deporte a buen seguro que no querr\u00e1n perderse.\n    <\/p>\n<p>    <a href=\"https:\/\/www.eldiario.es\/spin\/deportes\/calendario-carlos-alcaraz-defender-numero-ganar-us-open-2025-pm_1_12611363.html\" data-mrf-recirculation=\"saber-mas\" data-dl-event=\"saber-mas\" rel=\"nofollow noopener\" target=\"_blank\"><\/p>\n<p class=\"know-more__title\">Este es el calendario de Carlos Alcaraz para defender su n\u00famero uno tras ganar el US Open en 2025<\/p>\n<p>            <img decoding=\"async\" class=\"lazy\" loading=\"lazy\" data-src=\"https:\/\/static.eldiario.es\/clip\/eeb7725f-ddc9-49be-9fc2-38b9a3b44272_16-9-aspect-ratio_default_0.jpg\" src=\"data:image\/svg+xml,%3Csvg xmlns=\" http:=\"\" viewbox=\"0 0 880 495\" alt=\"Este es el calendario de Carlos Alcaraz para defender su n\u00famero uno tras ganar el US Open en 2025\"\/><\/p>\n<p>                        <\/a><\/p>\n<p class=\"article-text\">\n        La legendaria tenista, considerada la mejor jugadora espa\u00f1ola de todos los tiempos, confirm\u00f3 hace unas semanas su esperado regreso a las pistas en Espa\u00f1a despu\u00e9s de la mencionada ausencia de 22 a\u00f1os. Su apreciada reaparici\u00f3n tendr\u00e1 lugar en el Club de Tenis Albacete, que acoger\u00e1 la <strong>III edici\u00f3n de la Copa Leyendas<\/strong>, un evento que promete ser una cita memorable para los aficionados al tenis y que se enmarca en una celebraci\u00f3n muy especial para la entidad organizadora. La expectaci\u00f3n es m\u00e1xima ante la oportunidad de volver a ver en acci\u00f3n a una de las figuras m\u00e1s ic\u00f3nicas del deporte espa\u00f1ol y que hizo saltar del sof\u00e1 a m\u00e1s de un aficionado en aquellas inolvidables sobremesas.\u00a0\n    <\/p>\n<p class=\"article-text\">\n        El retorno de Arantxa S\u00e1nchez Vicario pone fin a <strong>un largo per\u00edodo sin competir en su pa\u00eds natal, concretamente desde el 7 de diciembre de 2003, cuando disput\u00f3 un partido de exhibici\u00f3n en Le\u00f3n contra la tenista rusa Anna Kournikova<\/strong>. Ya durante la presentaci\u00f3n del torneo en <strong>Albacete<\/strong>, la propia Arantxa traslad\u00f3 su emoci\u00f3n por volver a jugar en Espa\u00f1a y participar en este trofeo. La extenista se\u00f1al\u00f3 que espera que el p\u00fablico pueda disfrutar del tenis durante el fin de semana, destacando que ten\u00eda muy buenas referencias del club, donde sus hermanos, <strong>Emilio y Javier<\/strong>, hab\u00edan jugado previamente.\n    <\/p>\n<p class=\"article-text\">\n        La III Copa Leyendas se celebra en un contexto de doble conmemoraci\u00f3n para el Club Tenis Albacete: su 60 aniversario y la 40\u00aa edici\u00f3n del Trofeo Internacional de Tenis Ciudad de Albacete, que desde el a\u00f1o 2003 adopt\u00f3 el nombre de Copa Leyendas. Debido a estas efem\u00e9rides, la organizaci\u00f3n decidi\u00f3 modificar el formato del torneo este a\u00f1o para dar cabida a la participaci\u00f3n femenina, lo que ha permitido la inclusi\u00f3n de S\u00e1nchez Vicario en el cartel del evento. <strong>El partido que marcar\u00e1 su regreso est\u00e1 programado para esta tarde y se tratar\u00e1 de un encuentro de dobles mixto en el que Arantxa S\u00e1nchez Vicario formar\u00e1 pareja con Tommy Robredo. Sus rivales al otro lado de la red ser\u00e1n el tambi\u00e9n extenista David Ferrer y la jugadora Anabel Medina<\/strong>, completando as\u00ed un cuadro de deportistas de gran renombre en el panorama ten\u00edstico nacional e internacional.\n    <\/p>\n<p>    Individual y dobles a la vez<\/p>\n<p class=\"article-text\">\n        Nacida en la capital catalana hace 53 a\u00f1os, Arantxa S\u00e1nchez Vicario se retir\u00f3 en 2002 tras una carrera plagada de \u00e9xitos. Es una de las pocas jugadoras que ha logrado alcanzar el n\u00famero 1 del mundo tanto en la categor\u00eda individual como en la de dobles, haci\u00e9ndolo adem\u00e1s de manera simult\u00e1nea, algo que solo lograron en toda la historia <strong>Navratilova, Hingis, Davenport y Clijsters<\/strong>. Su impresionante palmar\u00e9s incluye la conquista de <strong>14 t\u00edtulos de Grand Slam: cuatro en individuales, con tres entorchados sobre la tierra parisina de Roland Garros y un US Open; seis en dobles femenino; y otros cuatro en la modalidad de dobles mixto<\/strong>.\n    <\/p>\n<p class=\"article-text\">\n        A lo largo de su dilatada trayectoria deportiva, sum\u00f3 un total de 29 torneos individuales del circuito WTA y 69 en la categor\u00eda de dobles. Adem\u00e1s, fue una pieza clave para el equipo espa\u00f1ol, con el que <strong>gan\u00f3 en cinco ocasiones la Copa Federaci\u00f3n, actualmente denominada Copa Billie Jean King, en los a\u00f1os 1991, 1993, 1994, 1995 y 1998<\/strong>. Tambi\u00e9n se colg\u00f3 <strong>cuatro medallas ol\u00edmpicas<\/strong>, dos en Barcelona 1992 y otras dos en Atlanta 1996. Se trata, en definitiva, de un excelente palmar\u00e9s que adem\u00e1s siempre fue acompa\u00f1ado de una entrega inmensa, de ah\u00ed la de veces que los aficionados al <a href=\"https:\/\/www.eldiario.es\/temas\/tenis\/\" data-mrf-recirculation=\"links-noticia\" class=\"link\" rel=\"nofollow noopener\" target=\"_blank\">tenis<\/a> pod\u00edan verla luchando por devolver bolas imposibles.\n    <\/p>\n<p>            <img decoding=\"async\" class=\"lazy\" loading=\"lazy\" data-src=\"https:\/\/static.eldiario.es\/clip\/3ca83a7a-dab7-47df-92a2-be904754d589_16-9-discover-aspect-ratio_default_0.jpg\" src=\"data:image\/svg+xml,%3Csvg xmlns=\" http:=\"\" viewbox=\"0 0 1200 675\" alt=\"La extenista, durante la presentaci\u00f3n del evento que tendr\u00e1 lugar esta tarde\"\/><\/p>\n<p class=\"article-text\">\n        La presidenta del Club de Tenis de Albacete, Elena Mar\u00edn, ha destacado que para celebrar el 60 aniversario del club \u201cno pod\u00edamos tener un mejor cartel\u201d, mientras que el director t\u00e9cnico de las instalaciones, Juli\u00e1n Garc\u00eda, puso en valor que los cuatro participantes acumulaban en sus respectivos palmareses un total de 80 t\u00edtulos ATP. De hecho y tras el plato de esta tarde de poder ver a toda una exn\u00famero uno del mundo sobre la pista, los aficionados podr\u00e1n ver ma\u00f1ana <strong>la final individual masculina del evento<\/strong>, que se disputar\u00e1 a las 11:30 horas. En este partido \u00fanico se enfrentar\u00e1n <strong>David Ferrer y Tommy Robredo<\/strong> para decidir qui\u00e9n ser\u00e1 el campe\u00f3n de esta tercera edici\u00f3n de la Copa Leyendas. Cuando ambos jugadores estaban en activo se vieron las caras en diez ocasiones, con ocho victorias para Ferrer.\n    <\/p>\n<p>    <a href=\"https:\/\/www.eldiario.es\/spin\/deportes\/copa-davis-conoce-cuadro-final-posible-alcaraz-vs-sinner-horizonte-pm_1_12617136.html\" data-mrf-recirculation=\"saber-mas-abajo\" data-dl-event=\"saber-mas-abajo\" rel=\"nofollow noopener\" target=\"_blank\"><\/p>\n<p class=\"know-more__title\">La Copa Davis ya conoce su cuadro final con otro posible Alcaraz vs Sinner en el horizonte<\/p>\n<p>            <img decoding=\"async\" class=\"lazy\" loading=\"lazy\" data-src=\"https:\/\/static.eldiario.es\/clip\/13f8854e-7cf6-4176-b8f3-1545a4443fda_16-9-aspect-ratio_default_0.jpg\" src=\"data:image\/svg+xml,%3Csvg xmlns=\" http:=\"\" viewbox=\"0 0 880 495\" alt=\"La Copa Davis ya conoce su cuadro final con otro posible Alcaraz vs Sinner en el horizonte\"\/><\/p>\n<p>                        <\/a><\/p>\n<p class=\"article-text\">\n        Este fin de semana de tenis en <a href=\"https:\/\/www.eldiario.es\/temas\/albacete\/\" data-mrf-recirculation=\"links-noticia\" class=\"link\" rel=\"nofollow noopener\" target=\"_blank\">Albacete<\/a> se ver\u00e1 enriquecido con otras actividades para el disfrute de los espectadores que decidan acudir a esta gran cita del tenis espa\u00f1ol, como conciertos en directo. Adem\u00e1s, la III Copa Leyendas coincidir\u00e1 con la celebraci\u00f3n del XVII Trofeo \u2018Ciudad de Albacete\u2019 de <strong>tenis en silla de ruedas<\/strong>, que tambi\u00e9n se disputa en las instalaciones del club, convirtiendo la ciudad en un punto de referencia del deporte de la raqueta durante todo el fin de semana.\n    <\/p>\n","protected":false},"excerpt":{"rendered":"Mucho antes de que Carlos Alcaraz llegase a ganar varios Grand Slams y a ser n\u00famero uno del&hellip;\n","protected":false},"author":2,"featured_media":127563,"comment_status":"","ping_status":"","sticky":false,"template":"","format":"standard","meta":{"footnotes":""},"categories":[274],"tags":[10606,18891,2545,988,168,987,25,24,5557,7398,9916,315,10660,1045,2678,41300,23,167,327,326],"class_list":{"0":"post-127562","1":"post","2":"type-post","3":"status-publish","4":"format-standard","5":"has-post-thumbnail","7":"category-tenis","8":"tag-10606","9":"tag-18891","10":"tag-albacete","11":"tag-anos","12":"tag-deportes","13":"tag-despues","14":"tag-es","15":"tag-espana","16":"tag-gano","17":"tag-grand","18":"tag-hacerlo","19":"tag-hoy","20":"tag-jugara","21":"tag-partido","22":"tag-pm","23":"tag-slams","24":"tag-spain","25":"tag-sports","26":"tag-tenis","27":"tag-tennis"},"share_on_mastodon":{"url":"","error":""},"_links":{"self":[{"href":"https:\/\/www.europesays.com\/es\/wp-json\/wp\/v2\/posts\/127562","targetHints":{"allow":["GET"]}}],"collection":[{"href":"https:\/\/www.europesays.com\/es\/wp-json\/wp\/v2\/posts"}],"about":[{"href":"https:\/\/www.europesays.com\/es\/wp-json\/wp\/v2\/types\/post"}],"author":[{"embeddable":true,"href":"https:\/\/www.europesays.com\/es\/wp-json\/wp\/v2\/users\/2"}],"replies":[{"embeddable":true,"href":"https:\/\/www.europesays.com\/es\/wp-json\/wp\/v2\/comments?post=127562"}],"version-history":[{"count":0,"href":"https:\/\/www.europesays.com\/es\/wp-json\/wp\/v2\/posts\/127562\/revisions"}],"wp:featuredmedia":[{"embeddable":true,"href":"https:\/\/www.europesays.com\/es\/wp-json\/wp\/v2\/media\/127563"}],"wp:attachment":[{"href":"https:\/\/www.europesays.com\/es\/wp-json\/wp\/v2\/media?parent=127562"}],"wp:term":[{"taxonomy":"category","embeddable":true,"href":"https:\/\/www.europesays.com\/es\/wp-json\/wp\/v2\/categories?post=127562"},{"taxonomy":"post_tag","embeddable":true,"href":"https:\/\/www.europesays.com\/es\/wp-json\/wp\/v2\/tags?post=127562"}],"curies":[{"name":"wp","href":"https:\/\/api.w.org\/{rel}","templated":true}]}}