{"id":127566,"date":"2025-09-20T14:09:07","date_gmt":"2025-09-20T14:09:07","guid":{"rendered":"https:\/\/www.europesays.com\/es\/127566\/"},"modified":"2025-09-20T14:09:07","modified_gmt":"2025-09-20T14:09:07","slug":"clasificacion-f1-hoy-en-directo-choque-de-piastri-contra-el-muro","status":"publish","type":"post","link":"https:\/\/www.europesays.com\/es\/127566\/","title":{"rendered":"Clasificaci\u00f3n F1 hoy en directo: \u00a1Choque de Piastri contra el muro!"},"content":{"rendered":"<p> \u00daltima hora de la sesi\u00f3n de clasificaci\u00f3n de F\u00f3rmula 1 hoy en Bak\u00fa<\/p>\n<p class=\"ue-c-article__paragraph \"><strong>\u00a1\u00a1Muy buenas tardes a todos!! <\/strong>Nos encontramos, por segunda ocasi\u00f3n en el d\u00eda, en un nuevo directo de la <strong>temporada 2025 de la F1. El Gran Premio de Azerbaiy\u00e1n<\/strong> ya tiene todo listo para que los 20 pilotos de la parrilla intenten registrar el crono m\u00e1s r\u00e1pido del fin de semana en la tan importante <strong>sesi\u00f3n de clasificaci\u00f3n<\/strong> alrededor del <strong>Circuito callejero de Bak\u00fa. <\/strong><\/p>\n<p class=\"ue-c-article__paragraph \">Pese a los intentos de <strong>Ferrari <\/strong>por establecerse como los favoritos para pelear con los <strong>McLaren <\/strong>en la &#8216;qualy&#8217;, Lando Norris dio un golpe de realidad al quedarse con el mejor tiempo del fin de semana en la \u00faltima sesi\u00f3n de entrenamientos libres. <strong>Oscar Piastri (3\u00ba)<\/strong> se qued\u00f3 con el \u00faltimo escal\u00f3n del podio al cruzar la l\u00ednea de meta a dos d\u00e9cimas de su compa\u00f1ero. <strong>El l\u00edder del Mundial <\/strong>no se ha visto especialmente c\u00f3modo alrededor del trazado. <\/p>\n<p class=\"ue-c-article__paragraph \">Mientras tanto, <strong>Max Verstappen<\/strong> es quien vuelve a aparecer como la principal amenaza de los &#8216;<strong>papaya<\/strong>&#8216;. El campe\u00f3n del mundo se qued\u00f3 con la segunda posici\u00f3n, separando a los l\u00edderes del Mundial.<strong> Lewis Hamilton (4\u00ba)<\/strong> mantiene vivas las esperanzas en <strong>Maranello <\/strong>en una jornada en la que el brit\u00e1nico espera subir al podio por primera vez con el mono rojo. Sin embargo, <strong>Charles Leclerc (10\u00ba)<\/strong> no pudo completar una \u00faltima vuelta lanzada, por lo que qued\u00f3 rezagado en el orden de la parrilla. <\/p>\n<p class=\"ue-c-article__paragraph \">Los espa\u00f1oles confirmaron lo que se ven\u00eda construyendo a lo largo del primer d\u00eda de actividad en <strong>Bak\u00fa<\/strong>. <strong>Carlos Sainz (13\u00ba)<\/strong> sigue sin encontrar la manera de calentar sus neum\u00e1ticos blandos para conseguir un tiempo de vuelta competitivo, mientras que <strong>Fernando Alonso (14\u00ba)<\/strong> contin\u00faa en la pelea por salir de <strong>Q1<\/strong>. <\/p>\n<p class=\"ue-c-article__paragraph \">Ahora, nos ponemos c\u00f3modos para disfrutar de la sesi\u00f3n de clasificaci\u00f3n del fin de semana del<strong> Gran Premio de Azerbaiy\u00e1n. Los McLaren, Ferrari y Max Verstappen<\/strong> acaparar\u00e1n todos los ojos en la \u00faltima sesi\u00f3n del d\u00eda. <\/p>\n<p class=\"ue-c-article__paragraph \"><strong>\u00a1Arrancamos! <\/strong><\/p>\n","protected":false},"excerpt":{"rendered":"\u00daltima hora de la sesi\u00f3n de clasificaci\u00f3n de F\u00f3rmula 1 hoy en Bak\u00fa \u00a1\u00a1Muy buenas tardes a todos!!&hellip;\n","protected":false},"author":2,"featured_media":127567,"comment_status":"","ping_status":"","sticky":false,"template":"","format":"standard","meta":{"footnotes":""},"categories":[270],"tags":[2365,2171,168,25,24,306,2096,271,272,40767,2362,23,167,2364],"class_list":{"0":"post-127566","1":"post","2":"type-post","3":"status-publish","4":"format-standard","5":"has-post-thumbnail","7":"category-formula-1","8":"tag-aston-martin-f1","9":"tag-carlos-sainz-jr","10":"tag-deportes","11":"tag-es","12":"tag-espana","13":"tag-f1","14":"tag-fernando-alonso","15":"tag-formula-1","16":"tag-formula1","17":"tag-gp-azerbaiyan-f1","18":"tag-motor","19":"tag-spain","20":"tag-sports","21":"tag-williams-f1"},"share_on_mastodon":{"url":"","error":""},"_links":{"self":[{"href":"https:\/\/www.europesays.com\/es\/wp-json\/wp\/v2\/posts\/127566","targetHints":{"allow":["GET"]}}],"collection":[{"href":"https:\/\/www.europesays.com\/es\/wp-json\/wp\/v2\/posts"}],"about":[{"href":"https:\/\/www.europesays.com\/es\/wp-json\/wp\/v2\/types\/post"}],"author":[{"embeddable":true,"href":"https:\/\/www.europesays.com\/es\/wp-json\/wp\/v2\/users\/2"}],"replies":[{"embeddable":true,"href":"https:\/\/www.europesays.com\/es\/wp-json\/wp\/v2\/comments?post=127566"}],"version-history":[{"count":0,"href":"https:\/\/www.europesays.com\/es\/wp-json\/wp\/v2\/posts\/127566\/revisions"}],"wp:featuredmedia":[{"embeddable":true,"href":"https:\/\/www.europesays.com\/es\/wp-json\/wp\/v2\/media\/127567"}],"wp:attachment":[{"href":"https:\/\/www.europesays.com\/es\/wp-json\/wp\/v2\/media?parent=127566"}],"wp:term":[{"taxonomy":"category","embeddable":true,"href":"https:\/\/www.europesays.com\/es\/wp-json\/wp\/v2\/categories?post=127566"},{"taxonomy":"post_tag","embeddable":true,"href":"https:\/\/www.europesays.com\/es\/wp-json\/wp\/v2\/tags?post=127566"}],"curies":[{"name":"wp","href":"https:\/\/api.w.org\/{rel}","templated":true}]}}