{"id":127568,"date":"2025-09-20T14:10:09","date_gmt":"2025-09-20T14:10:09","guid":{"rendered":"https:\/\/www.europesays.com\/es\/127568\/"},"modified":"2025-09-20T14:10:09","modified_gmt":"2025-09-20T14:10:09","slug":"el-efes-ficha-a-jordan-loyd-el-escolta-que-pretendia-el-real-madrid","status":"publish","type":"post","link":"https:\/\/www.europesays.com\/es\/127568\/","title":{"rendered":"El Efes ficha a Jordan Loyd, el escolta que pretend\u00eda el Real Madrid"},"content":{"rendered":"<p data-mrf-recirculation=\"Links P\u00e1rrafos\" class=\"ue-c-article__paragraph paragraph ue-c-article--first-letter-highlighted\">E<strong>l Anadolu Efes ha hecho oficial el fichaje de Jordan Loyd<\/strong>, escolta de 32 a\u00f1os y 1,93 metros que era uno de los principales objetivos del Real Madrid. Tambi\u00e9n el <strong>Dub\u00e1i B<\/strong>C se hab\u00eda interesado en \u00e9l. Los blancos, que llevan tiempo buscando un &#8216;2&#8217; con capacidad anotadora y de generaci\u00f3n de juego, pretend\u00edan hacerse con el jugador con pasaporte polaco, pero se encontraron con <strong>muchos problemas para cerrar la operaci\u00f3n<\/strong>.<\/p>\n<p data-mrf-recirculation=\"Links P\u00e1rrafos\" class=\"ue-c-article__paragraph paragraph\">En primer lugar, <strong>el Madrid deb\u00eda resolver la salida de Loyd del AS M\u00f3naco<\/strong>. El club monegasco, del que ya se ha despedido en un comunicado, no iba a poner demasiados impedimentos pues, con lo que ya ten\u00eda m\u00e1s lo que fichado, se encontraba con overbooking en los puestos de base y escolta. <strong>Los blancos hab\u00edan propuesto hacerse cargo de la ficha del jugador, que estaba en torno a los 1,2 millones de euros<\/strong>.<\/p>\n<p><img decoding=\"async\" width=\"1980\" height=\"1320\" class=\"ue-c-article__image lazyload\" alt=\"Jordan Loyd hace un coraz\u00f3n con sus manos tras la victoria de Polonia sobre Israel.\" loading=\"lazy\" src=\"https:\/\/www.europesays.com\/es\/wp-content\/uploads\/2025\/09\/68b4157cb1715.jpeg\"\/><\/p>\n<p>Jordan Loyd hace un coraz\u00f3n con sus manos tras la victoria de Polonia sobre Israel.FIBA<\/p>\n<p data-mrf-recirculation=\"Links P\u00e1rrafos\" class=\"ue-c-article__paragraph paragraph\"><strong>El mayor de los obst\u00e1culos es que los derechos de Loyd en la ACB segu\u00edan en poder del Valencia Baske<\/strong>t, que incluy\u00f3 al jugador en el derecho de tanteo cuando finaliz\u00f3 contrato en 2020. Para hacerse con \u00e9l, <strong>el Madrid tendr\u00eda que haber negociado con el club taronja<\/strong>, que suele ser duro de pelar. La operaci\u00f3n habr\u00eda sido demasiado cara si los blancos hubieran tenido que abonar un buyout al M\u00f3naco y otro al Valencia.<\/p>\n<p>Conocido por Scariolo, pasaporte polaco&#8230;<\/p>\n<p data-mrf-recirculation=\"Links P\u00e1rrafos\" class=\"ue-c-article__paragraph paragraph\">Loyd era un jugador muy apetecible para los blancos. <strong>En 2019 hab\u00eda coincidido con Sergio Scariolo en los Raptors<\/strong>, con lo que el t\u00e9cnico ten\u00eda referencias del jugador de primera mano. <strong>El pasaporte polaco que consigui\u00f3 hace poco m\u00e1s de un mes le daba la condici\u00f3n de comunitario en las competiciones ACB<\/strong>. Y acababa de estrenarlo con un gran <strong>Eurobasket <\/strong>con Polonia, a la que lider\u00f3 con <strong>22,4 puntos, 3,3 rebotes y 2,0 asistencias de media<\/strong>.<\/p>\n<p data-mrf-recirculation=\"Links P\u00e1rrafos\" class=\"ue-c-article__paragraph paragraph\">As\u00ed que el conjunto madridista sigue en el mercado en busca de ese pretendido escolta. <strong>Entr\u00f3 en la puja por Vasilije Micic<\/strong>, que acab\u00f3 firmando un gran contrato en el <strong>Hapoel Tel Aviv. Se interes\u00f3 -por segunda vez- por Lonnie Walker<\/strong>, que acab\u00f3 en el <strong>Maccabi<\/strong>. Ahora se ha quedado sin Loyd. Se le siguen uniendo nombres, pero hay mucha demanda. <strong>Varios grandes de la Euroliga buscan el mismo perfil de jugador que el Madrid. La competencia, como se ve, es enorme<\/strong>.<\/p>\n","protected":false},"excerpt":{"rendered":"El Anadolu Efes ha hecho oficial el fichaje de Jordan Loyd, escolta de 32 a\u00f1os y 1,93 metros&hellip;\n","protected":false},"author":2,"featured_media":127569,"comment_status":"","ping_status":"","sticky":false,"template":"","format":"standard","meta":{"footnotes":""},"categories":[269],"tags":[299,298,168,25,24,23,167],"class_list":{"0":"post-127568","1":"post","2":"type-post","3":"status-publish","4":"format-standard","5":"has-post-thumbnail","7":"category-baloncesto","8":"tag-baloncesto","9":"tag-basketball","10":"tag-deportes","11":"tag-es","12":"tag-espana","13":"tag-spain","14":"tag-sports"},"share_on_mastodon":{"url":"","error":""},"_links":{"self":[{"href":"https:\/\/www.europesays.com\/es\/wp-json\/wp\/v2\/posts\/127568","targetHints":{"allow":["GET"]}}],"collection":[{"href":"https:\/\/www.europesays.com\/es\/wp-json\/wp\/v2\/posts"}],"about":[{"href":"https:\/\/www.europesays.com\/es\/wp-json\/wp\/v2\/types\/post"}],"author":[{"embeddable":true,"href":"https:\/\/www.europesays.com\/es\/wp-json\/wp\/v2\/users\/2"}],"replies":[{"embeddable":true,"href":"https:\/\/www.europesays.com\/es\/wp-json\/wp\/v2\/comments?post=127568"}],"version-history":[{"count":0,"href":"https:\/\/www.europesays.com\/es\/wp-json\/wp\/v2\/posts\/127568\/revisions"}],"wp:featuredmedia":[{"embeddable":true,"href":"https:\/\/www.europesays.com\/es\/wp-json\/wp\/v2\/media\/127569"}],"wp:attachment":[{"href":"https:\/\/www.europesays.com\/es\/wp-json\/wp\/v2\/media?parent=127568"}],"wp:term":[{"taxonomy":"category","embeddable":true,"href":"https:\/\/www.europesays.com\/es\/wp-json\/wp\/v2\/categories?post=127568"},{"taxonomy":"post_tag","embeddable":true,"href":"https:\/\/www.europesays.com\/es\/wp-json\/wp\/v2\/tags?post=127568"}],"curies":[{"name":"wp","href":"https:\/\/api.w.org\/{rel}","templated":true}]}}