{"id":127570,"date":"2025-09-20T14:11:11","date_gmt":"2025-09-20T14:11:11","guid":{"rendered":"https:\/\/www.europesays.com\/es\/127570\/"},"modified":"2025-09-20T14:11:11","modified_gmt":"2025-09-20T14:11:11","slug":"el-espanyol-una-prueba-de-fuego-para-el-real-madrid","status":"publish","type":"post","link":"https:\/\/www.europesays.com\/es\/127570\/","title":{"rendered":"El Espanyol, una prueba de fuego para el Real Madrid"},"content":{"rendered":"<p data-gtm-element-container=\"modulo-texto-link\" class=\"paragraph\">El <strong>Real Madrid <\/strong>pone esta tarde en juego (16.15 horas) el liderato de LaLiga y su pleno de triunfos. Lo hace ante un <strong>Espanyol<\/strong> que tampoco conoce la derrota en la competici\u00f3n liguera. De hecho, el equipo \u2018perico\u2019 puede salir l\u00edder del Bernab\u00e9u su suma los tres puntos ante el Real Madrid, lo que, por otro lado, significar\u00eda acabar con 30 a\u00f1os sin ganar en el Bernab\u00e9u. Toda una prueba de fuego para el equipo de<strong> Xabi Alonso.<\/strong> No s\u00f3lo por mantener su pleno de triunfos, sino por comprobar su estado f\u00edsico. El conjunto blanco ha sufrido un baj\u00f3n en las segundas partes de todos los encuentros que ha disputado hasta ahora y tras haber jugado este pasado martes, habr\u00e1 que ver c\u00f3mo responde f\u00edsicamente.<\/p>\n<p>    Lee tambi\u00e9n<\/p>\n<p data-gtm-element-container=\"modulo-texto-link\" class=\"paragraph\"><strong>Xabi Alonso<\/strong> tendr\u00e1 que recomponer su defensa. <strong>Huijsen<\/strong> es baja tras su expulsi\u00f3n en Anoeta y no puede contar con<strong> R\u00fcdiger<\/strong> ni con <strong>Trent,<\/strong> lesionados. As\u00ed las cosas, Carvajal ser\u00e1 titular y todo apunta que <strong>Asencio a<\/strong>compa\u00f1ar\u00e1 a <strong>Militao <\/strong>en el centro de la zaga.<strong> Carreras<\/strong> parece intocable en el lateral izquierdo, pero a\u00fan no ha rotado y no ser\u00eda raro que Xabi Alonso diese entrada a <strong>Fran Garc\u00eda.<\/strong><\/p>\n<p>                <img loading=\"lazy\" decoding=\"async\" data-full-src=\"https:\/\/www.mundodeportivo.com\/uploads\/2025\/09\/19\/68cd824620771.jpeg\" alt=\"Los posibles onces\" width=\"449\" height=\"950\" src=\"https:\/\/www.europesays.com\/es\/wp-content\/uploads\/2025\/09\/68cd824620771.jpeg\" class=\"lazy\"\/><\/p>\n<p class=\"caption-title \">Los posibles onces<\/p>\n<p>                    MD<\/p>\n<p data-gtm-element-container=\"modulo-texto-link\" class=\"paragraph\">\u00a0El que parece que va a ser titular es <strong>Vinicius <\/strong>tras comenzar en el banquillo ante el Marsella. Eso supondr\u00e1 que Rodyrgo regresar\u00e1 al banquillo. Con <strong>Mbapp\u00e9 <\/strong>fijo en la delantera, como V<strong>alverde, Tchouam\u00e9ni y Arda <\/strong>en la medular,  la inc\u00f3gnita est\u00e1 en la derecha, <strong>Brahim y Mastantuono <\/strong>optan a ese puesto, sin olvidar a <strong>Bellingham<\/strong>, ya recuperado. Lo mismo que<strong> Camavinga y Endrick,<\/strong> aunque no parece que ninguno de ellos vayan a salir de inicio. Pueden tener minutos y debutar esta temporada, pero parece que Xabi no va a arriesgar con tres jugadores que salen de una lesi\u00f3n.<\/p>\n<p data-gtm-element-container=\"modulo-texto-link\" class=\"paragraph\">El<strong> Espanyol,<\/strong> por su parte,  llega al  Bernab\u00e9u en su mejor versi\u00f3n, con diez puntos de doce posibles. lo que le ha llevado a firmar o su mejor arranque liguero de las \u00faltimas tres d\u00e9cadas, desde 1995, justo cuando por \u00faltima vez gan\u00f3 en Chamart\u00edn. Para este duelo, Manolo Gonz\u00e1lez no podr\u00e1 contar con el delantero<strong> Pere Milla,<\/strong> sancionado con dos partidos por la roja que vio ante el Mallorca. Es una baja sensible en el cuadro blanquiazul ya que no podr\u00e1 contar ante el Real Madrid con  su m\u00e1ximo realizador, con tres dianas. Su lugar en el equipo lo ocupar\u00e1 <strong>Exp\u00f3sito,<\/strong> un jugador que reforzar\u00e1 el centro del campo perico para intentar asaltar el Bernab\u00e9u.<\/p>\n","protected":false},"excerpt":{"rendered":"El Real Madrid pone esta tarde en juego (16.15 horas) el liderato de LaLiga y su pleno de&hellip;\n","protected":false},"author":2,"featured_media":127571,"comment_status":"","ping_status":"","sticky":false,"template":"","format":"standard","meta":{"footnotes":""},"categories":[268],"tags":[168,25,24,280,282,281,23,167],"class_list":{"0":"post-127570","1":"post","2":"type-post","3":"status-publish","4":"format-standard","5":"has-post-thumbnail","7":"category-futbol","8":"tag-deportes","9":"tag-es","10":"tag-espana","11":"tag-football","12":"tag-futbol","13":"tag-soccer","14":"tag-spain","15":"tag-sports"},"share_on_mastodon":{"url":"","error":""},"_links":{"self":[{"href":"https:\/\/www.europesays.com\/es\/wp-json\/wp\/v2\/posts\/127570","targetHints":{"allow":["GET"]}}],"collection":[{"href":"https:\/\/www.europesays.com\/es\/wp-json\/wp\/v2\/posts"}],"about":[{"href":"https:\/\/www.europesays.com\/es\/wp-json\/wp\/v2\/types\/post"}],"author":[{"embeddable":true,"href":"https:\/\/www.europesays.com\/es\/wp-json\/wp\/v2\/users\/2"}],"replies":[{"embeddable":true,"href":"https:\/\/www.europesays.com\/es\/wp-json\/wp\/v2\/comments?post=127570"}],"version-history":[{"count":0,"href":"https:\/\/www.europesays.com\/es\/wp-json\/wp\/v2\/posts\/127570\/revisions"}],"wp:featuredmedia":[{"embeddable":true,"href":"https:\/\/www.europesays.com\/es\/wp-json\/wp\/v2\/media\/127571"}],"wp:attachment":[{"href":"https:\/\/www.europesays.com\/es\/wp-json\/wp\/v2\/media?parent=127570"}],"wp:term":[{"taxonomy":"category","embeddable":true,"href":"https:\/\/www.europesays.com\/es\/wp-json\/wp\/v2\/categories?post=127570"},{"taxonomy":"post_tag","embeddable":true,"href":"https:\/\/www.europesays.com\/es\/wp-json\/wp\/v2\/tags?post=127570"}],"curies":[{"name":"wp","href":"https:\/\/api.w.org\/{rel}","templated":true}]}}