{"id":127578,"date":"2025-09-20T14:17:08","date_gmt":"2025-09-20T14:17:08","guid":{"rendered":"https:\/\/www.europesays.com\/es\/127578\/"},"modified":"2025-09-20T14:17:08","modified_gmt":"2025-09-20T14:17:08","slug":"esto-es-lo-que-no-se-vio-en-la-pelicula-star-wars-la-venganza-de-los-sith-cuando-anakin-se-convirtio-en-darth-vader","status":"publish","type":"post","link":"https:\/\/www.europesays.com\/es\/127578\/","title":{"rendered":"Esto es lo que no se vio en la pel\u00edcula \u2018Star Wars: La venganza de los Sith\u2019 cuando Anakin se convirti\u00f3 en Darth Vader"},"content":{"rendered":"<p class=\"\">Despu\u00e9s de que <a href=\"https:\/\/as.com\/meristation\/series\/el-actor-de-anakin-skywalker-cree-que-la-historia-de-darth-vader-no-ha-concluido-hay-mucho-que-podemos-explorar-n\/\" target=\"_self\" rel=\"nofollow noopener\" title=\"https:\/\/as.com\/meristation\/series\/el-actor-de-anakin-skywalker-cree-que-la-historia-de-darth-vader-no-ha-concluido-hay-mucho-que-podemos-explorar-n\/\">Anakin Skywalker<\/a> fuera derrotado por <a href=\"https:\/\/as.com\/meristation\/libros\/star-wars-intento-arreglar-asi-la-contradiccion-de-que-kenobi-siguiera-usando-su-apellido-en-la-epoca-de-ermitano-en-tatooine-n\/\" target=\"_self\" rel=\"nofollow noopener\" title=\"https:\/\/as.com\/meristation\/libros\/star-wars-intento-arreglar-asi-la-contradiccion-de-que-kenobi-siguiera-usando-su-apellido-en-la-epoca-de-ermitano-en-tatooine-n\/\">Obi-Wan Kenobi<\/a> en Mustafar, Darth Sidious lo salv\u00f3 de morir abrasado. Al final de \u2018Star Wars Episodio III: La Venganza de los Sith\u2019 <b>el proceso de curaci\u00f3n del nuevo Sith<\/b> culmina con la colocaci\u00f3n de la caracter\u00edstica armadura de Darth Vader, pero \u00bfqu\u00e9 pasa a continuaci\u00f3n?<\/p>\n<p class=\"\">En la pel\u00edcula, el emperador miente a Vader y le dice que fue el propio Anakin el que asesin\u00f3 a su mujer, la senadora Padm\u00e9 Amidala. En ese instante,<b> a Vader le embarga el dolor y la Fuerza se desata<\/b> destruyendo todos los artefactos m\u00e9dicos. Todo eso se ve en \u2018La venganza de los Sith\u2019, pero la escena concluye en ese punto.<\/p>\n<p><img decoding=\"async\" src=\"https:\/\/www.europesays.com\/es\/wp-content\/uploads\/2025\/09\/KYZM7OVVQ5F37I3MXDDV7P2HJQ.jpg\" alt=\"Darth Vader, Obi-Wan Kenobi\" class=\"mm__img\"   width=\"1280\" height=\"718\" loading=\"lazy\"\/><\/p>\n<p>Ampliar<\/p>\n<p>El error de Darth Vader<\/p>\n<p class=\"\">El c\u00f3mic \u2018Darth Vader\u2019 no se limita solo a ampliar la escena, sino que contin\u00faa la historia a partir de ese momento. <b>El emperador Palpatine utiliza su el rayo de la Fuerza y lo dirige hacia su nuevo aprendiz<\/b>, que sufre el dolor f\u00edsico de la electricidad recorriendo su cuerpo. Sidious le advierte de que la pr\u00f3xima vez que se le ocurra tocarle con la Fuerza acabar\u00e1 el trabajo que Obi-Wan no puedo concluir, es decir, que lo matar\u00e1.<\/p>\n<p class=\"\">Sin tiempo para recuperarse, Darth Sidious env\u00eda a Darth Vader <a href=\"https:\/\/as.com\/meristation\/comics\/star-wars-revela-como-darth-vader-obtuvo-su-sable-laser-una-historia-de-asesinato-en-el-lado-oscuro-n\/\" target=\"_self\" rel=\"nofollow noopener\" title=\"https:\/\/as.com\/meristation\/comics\/star-wars-revela-como-darth-vader-obtuvo-su-sable-laser-una-historia-de-asesinato-en-el-lado-oscuro-n\/\">a su primera misi\u00f3n<\/a> (o mejor dicho, su segunda, la primera fue aniquilar a los Jedi del templo): <b>asesinar a un Jedi para arrebatarle su sable l\u00e1ser<\/b> y hacer que el cristal Kyber sangre. Solo as\u00ed podr\u00e1 obtener el arma de un Sith.<\/p>\n<p class=\"\">El c\u00f3mic \u2018Darth Vader\u2019 <b>est\u00e1 disponible en espa\u00f1ol de la mano de Planeta.<\/b><\/p>\n<p>Noticias relacionadas<\/p>\n<p class=\"\">Suscr\u00edbete al <a href=\"https:\/\/www.youtube.com\/@meristation\" target=\"_self\" rel=\"nofollow noopener\" title=\"https:\/\/www.youtube.com\/@meristation\">canal de MeriStation en YouTube<\/a>, tu web de videojuegos y entretenimiento para conocer todas las noticias y novedades sobre el mundo del videojuego, cine, series, manga y anime. An\u00e1lisis, entrevistas, tr\u00e1ileres, gameplays, p\u00f3dcast y mucho m\u00e1s. Tambi\u00e9n te animamos a seguir <a href=\"https:\/\/www.tiktok.com\/@meristation\" rel=\"nofollow noopener\" title=\"https:\/\/www.tiktok.com\/@meristation\" target=\"_blank\">nuestra cuenta de TikTok<\/a>. <\/p>\n<p class=\"\">\u00a1S\u00edguenos en ambas y, si est\u00e1s interesado en licenciar este contenido, pincha <a href=\"https:\/\/profesional.elpais.com\/soluciones-sindicacion?utm_medium=interno&amp;utm_source=crosslinking&amp;utm_campaign=sindicacion_as_pie_articulos\" target=\"_blank\" rel=\"nofollow noopener\" title=\"https:\/\/profesional.elpais.com\/soluciones-sindicacion?utm_medium=interno&amp;utm_source=crosslinking&amp;utm_campaign=sindicacion_as_pie_articulos\">aqu\u00ed<\/a>!<\/p>\n<p><script async src=\"\/\/www.tiktok.com\/embed.js\"><\/script><\/p>\n","protected":false},"excerpt":{"rendered":"Despu\u00e9s de que Anakin Skywalker fuera derrotado por Obi-Wan Kenobi en Mustafar, Darth Sidious lo salv\u00f3 de morir&hellip;\n","protected":false},"author":2,"featured_media":127579,"comment_status":"","ping_status":"","sticky":false,"template":"","format":"standard","meta":{"footnotes":""},"categories":[169],"tags":[177,146,147,25,24,176,175,23],"class_list":{"0":"post-127578","1":"post","2":"type-post","3":"status-publish","4":"format-standard","5":"has-post-thumbnail","7":"category-cine","8":"tag-cine","9":"tag-entertainment","10":"tag-entretenimiento","11":"tag-es","12":"tag-espana","13":"tag-film","14":"tag-movies","15":"tag-spain"},"share_on_mastodon":{"url":"","error":""},"_links":{"self":[{"href":"https:\/\/www.europesays.com\/es\/wp-json\/wp\/v2\/posts\/127578","targetHints":{"allow":["GET"]}}],"collection":[{"href":"https:\/\/www.europesays.com\/es\/wp-json\/wp\/v2\/posts"}],"about":[{"href":"https:\/\/www.europesays.com\/es\/wp-json\/wp\/v2\/types\/post"}],"author":[{"embeddable":true,"href":"https:\/\/www.europesays.com\/es\/wp-json\/wp\/v2\/users\/2"}],"replies":[{"embeddable":true,"href":"https:\/\/www.europesays.com\/es\/wp-json\/wp\/v2\/comments?post=127578"}],"version-history":[{"count":0,"href":"https:\/\/www.europesays.com\/es\/wp-json\/wp\/v2\/posts\/127578\/revisions"}],"wp:featuredmedia":[{"embeddable":true,"href":"https:\/\/www.europesays.com\/es\/wp-json\/wp\/v2\/media\/127579"}],"wp:attachment":[{"href":"https:\/\/www.europesays.com\/es\/wp-json\/wp\/v2\/media?parent=127578"}],"wp:term":[{"taxonomy":"category","embeddable":true,"href":"https:\/\/www.europesays.com\/es\/wp-json\/wp\/v2\/categories?post=127578"},{"taxonomy":"post_tag","embeddable":true,"href":"https:\/\/www.europesays.com\/es\/wp-json\/wp\/v2\/tags?post=127578"}],"curies":[{"name":"wp","href":"https:\/\/api.w.org\/{rel}","templated":true}]}}