{"id":127590,"date":"2025-09-20T14:24:08","date_gmt":"2025-09-20T14:24:08","guid":{"rendered":"https:\/\/www.europesays.com\/es\/127590\/"},"modified":"2025-09-20T14:24:08","modified_gmt":"2025-09-20T14:24:08","slug":"el-pp-pide-el-cese-del-presidente-del-chj-y-que-comparezca-ante-la-comision-de-investigacion-de-la-dana-es-un-peligro-publico-lasexta","status":"publish","type":"post","link":"https:\/\/www.europesays.com\/es\/127590\/","title":{"rendered":"El PP pide el cese del presidente del CHJ y que comparezca ante la comisi\u00f3n de investigaci\u00f3n de la DANA: &quot;Es un peligro p\u00fablico&quot; &#8211; LaSexta"},"content":{"rendered":"<ol>\n<li><a href=\"https:\/\/news.google.com\/rss\/articles\/CBMi9gFBVV95cUxNYUtoVldBQnFnTVFXTTM3Qy13bGFrdFNJNWFyeWpWSXYyejFKNW1odkNlUzFsazlsYjNMSnNHUWNha1BmQkdsOVEwcXExY1dQeDU4eGgxOEE2U3huMm0tdDRjbjlEMUtweU4wdjlJclRJQ3poOVlGSGk0bmhTR2RYc05UQjRqYzVrVXg3SFI4ZHAwRjEwNy1iVmJXUW5HdURjM2RMcTBnN0Q5S3NXamFhSHdPZkhTZl9pdDhHWElfWmpqX3RHdVYtOVM3eUF5dG1FRGlmbXJyXzdwekM1RVZnRlQ0Mmw2TXlWR2lRcGR3Qi1EZFpCaXc?oc=5\" target=\"_blank\" rel=\"nofollow noopener\">El PP pide el cese del presidente del CHJ y que comparezca ante la comisi\u00f3n de investigaci\u00f3n de la DANA: \u00abEs un peligro p\u00fablico\u00bb<\/a>&nbsp;&nbsp;LaSexta<\/li>\n<li><a href=\"https:\/\/news.google.com\/rss\/articles\/CBMixAFBVV95cUxObTZBX3RrQ1lvOXdncGN4LXFVUUFCZ0hNcXBSZUVWZWNaeUpQV3dqQm0zT0V5QXhhemRxYUF1NnV0RGRweXpUam5WN3FXU3hKaHZ4U2pLMmd6MUdVMmJZSS14ei1iSDBJdkM3TDBOeHpDcDNqQ3lkeWN6bVhCM2o3SzRRZUR1QnhXZm1oZ0pmUGk4SEo4QW9oaTMwalJ0c2tob0VOajBPdWRYZHdrWWlpcmxXb3JYcEZaY2lySWpZc0VmakFh?oc=5\" target=\"_blank\" rel=\"nofollow noopener\">Las contradicciones ante la juez de la dana dejan en evidencia las versiones del Gobierno sobre la cat\u00e1strofe<\/a>&nbsp;&nbsp;ABC<\/li>\n<li><a href=\"https:\/\/news.google.com\/rss\/articles\/CBMijAFBVV95cUxOQjhhZzlIc0NSSTBsR2FhRGppaEZobXM5RjhVQ2NTeUJvNUJYOERsUEVNMW85NENtd3NBR01aMTZPOXRRYzBOaEVJUHNLZUxmSlBJOC1oNHBsUXdNRGxhSjY5NUtsLUxJSGdvTXlzc3ZPRHZjTktYeGljZDZRRm9EMnd1LXlESUpJeEtfYQ?oc=5\" target=\"_blank\" rel=\"nofollow noopener\">El relato de Polo ante la jueza apuntala la tesis de la Generalitat y da aire a Maz\u00f3n: \u00abNadie pod\u00eda prever lo que iba a suceder\u00bb<\/a>&nbsp;&nbsp;El Mundo<\/li>\n<li><a href=\"https:\/\/news.google.com\/rss\/articles\/CBMi2wFBVV95cUxPbFA3eWlVLW4tRzdJckNvVHJ3b2xyOWZTWU5ZV3pTRGxVemdBUE9KYVFCWWpIN1QtMWJBY1ZBMUx6cmZtQ012Zl9kWldkenpZYjRPaHh4QUxLRkhWLUZLYTJ4N3ExY1dFNWktTTBBRUFCbE9iZFpGajRFMUpvV2cwWHQyaXAzcS16cExBT1RESXhtbWN5MmhpZmVFTm1jeE8zWmQtZHNSSXJMR0Yyd1g2WnZFU2dmME5rM3pXYTdJTHZhTWJQcmZ1SUdnRU9JbkhZUVZpZHdZcTMzczg?oc=5\" target=\"_blank\" rel=\"nofollow noopener\">\u00ab\u00a1No hab\u00e9is mandado ning\u00fan mensaje!\u00bb: la perplejidad de la Confederaci\u00f3n del J\u00facar ante la \u00abindecisi\u00f3n\u00bb de Salom\u00e9 Pradas<\/a>&nbsp;&nbsp;elDiario.es<\/li>\n<li><a href=\"https:\/\/news.google.com\/rss\/articles\/CBMizgFBVV95cUxPdVQ3VWlGQzAybDBqZ2xvQTVGTkFmVXFHM01MS3lfWjlabkIwTVY0T205QTZYSnBjOTlqNkJ0cFFuRDJhSUZuR0JRNmRpWE9xaWRydzFkbkNxOGlBUWhISG14X09idTFFTDNVa1JpVjdZVXZURk91eGw5MUtHclBqRWlCVWhQYlltVnlWMEhrV2ZZeWN3dHRBSGhENTVuZmdmVldTUEtUWDlQVWJmWlIxdDFtcGdiaTljNXlMaGdVT0d1M2VpZ1U4SXdrUXZ2QdIB6gFBVV95cUxPWHl1X2RvUkpZYldzd3pLTjRHc2oxa3lVUUxPbVNRY3dBMVNwbGQ2dTUxRTdTcEVNU1A0OHlqU1FELTZGeTVqNzIwWDJ3SExzQjZhUG5PaGNtdFVFY3pGT3lyalJVSXd0bFA1bWZmaDB2ZVpCVm9KeGxJM0hMLWlxNUw3Wi1YUm5WNGU1ZkV5eEJteXFYMU40eVRoMHpEZjQwVFYzTXlRblFqOVl0czlEOWZEeElaczJESlk3LWI4TlB0bnBMMHRYNl9mVEphdTd5U2JVZE5YQ3NfLXlRV0h3Z3FOYVVlYmVGM2c?oc=5\" target=\"_blank\" rel=\"nofollow noopener\">El presidente de la CHJ no vio \u00abrelevantes\u00bb los datos del Poyo hasta casi las siete de la tarde<\/a>&nbsp;&nbsp;La Voz de Galicia<\/li>\n<\/ol>\n","protected":false},"excerpt":{"rendered":"El PP pide el cese del presidente del CHJ y que comparezca ante la comisi\u00f3n de investigaci\u00f3n de&hellip;\n","protected":false},"author":2,"featured_media":123323,"comment_status":"","ping_status":"","sticky":false,"template":"","format":"standard","meta":{"footnotes":""},"categories":[8],"tags":[17,18,25,24,13,14,11,19,20,9,10,15,16,23,12,21,22],"class_list":{"0":"post-127590","1":"post","2":"type-post","3":"status-publish","4":"format-standard","5":"has-post-thumbnail","7":"category-espana","8":"tag-breaking-news","9":"tag-breakingnews","10":"tag-es","11":"tag-espana","12":"tag-featured-news","13":"tag-featurednews","14":"tag-headlines","15":"tag-latest-news","16":"tag-latestnews","17":"tag-news","18":"tag-noticias","19":"tag-noticias-destacadas","20":"tag-noticiasdestacadas","21":"tag-spain","22":"tag-titulares","23":"tag-ultimas-noticias","24":"tag-ultimasnoticias"},"share_on_mastodon":{"url":"","error":""},"_links":{"self":[{"href":"https:\/\/www.europesays.com\/es\/wp-json\/wp\/v2\/posts\/127590","targetHints":{"allow":["GET"]}}],"collection":[{"href":"https:\/\/www.europesays.com\/es\/wp-json\/wp\/v2\/posts"}],"about":[{"href":"https:\/\/www.europesays.com\/es\/wp-json\/wp\/v2\/types\/post"}],"author":[{"embeddable":true,"href":"https:\/\/www.europesays.com\/es\/wp-json\/wp\/v2\/users\/2"}],"replies":[{"embeddable":true,"href":"https:\/\/www.europesays.com\/es\/wp-json\/wp\/v2\/comments?post=127590"}],"version-history":[{"count":0,"href":"https:\/\/www.europesays.com\/es\/wp-json\/wp\/v2\/posts\/127590\/revisions"}],"wp:featuredmedia":[{"embeddable":true,"href":"https:\/\/www.europesays.com\/es\/wp-json\/wp\/v2\/media\/123323"}],"wp:attachment":[{"href":"https:\/\/www.europesays.com\/es\/wp-json\/wp\/v2\/media?parent=127590"}],"wp:term":[{"taxonomy":"category","embeddable":true,"href":"https:\/\/www.europesays.com\/es\/wp-json\/wp\/v2\/categories?post=127590"},{"taxonomy":"post_tag","embeddable":true,"href":"https:\/\/www.europesays.com\/es\/wp-json\/wp\/v2\/tags?post=127590"}],"curies":[{"name":"wp","href":"https:\/\/api.w.org\/{rel}","templated":true}]}}