{"id":127593,"date":"2025-09-20T14:30:14","date_gmt":"2025-09-20T14:30:14","guid":{"rendered":"https:\/\/www.europesays.com\/es\/127593\/"},"modified":"2025-09-20T14:30:14","modified_gmt":"2025-09-20T14:30:14","slug":"federer-y-nadal-ya-estan-organizando-exhibiciones-conjuntas","status":"publish","type":"post","link":"https:\/\/www.europesays.com\/es\/127593\/","title":{"rendered":"Federer y Nadal ya est\u00e1n organizando exhibiciones conjuntas"},"content":{"rendered":"<p class=\"quota-display text-align-center\">\n        <a href=\"https:\/\/www.puntodebreak.com\/MDBA-B3-PDB-QUOTA-25\" rel=\"sponsored nofollow noopener\" title=\"Apuesta en bet365\" target=\"_blank\"><\/p>\n<p>            <img decoding=\"async\" alt=\"Bet365\" class=\"bet-logo lazyload\" loading=\"lazy\" src=\"https:\/\/www.europesays.com\/es\/wp-content\/uploads\/2025\/09\/1758368948_520_b365.jpg\"\/>Streaming ITF M25 Setubal en directo<\/p>\n<p> \ud83c\udfbe Ryan Peniston vs Mario G Fernandez<\/p>\n<ol class=\"stream-card__steps\">\n<li>Entra aqu\u00ed y reg\u00edstrate en Bet365<\/li>\n<li>Haz tu primer dep\u00f3sito de m\u00ednimo 5\u00a0\u20ac<\/li>\n<li>Entra en la secci\u00f3n \u00abDirecto\u00bb y ve todos los partidos<\/li>\n<\/ol>\n<p>\n                                Ver partido en Bet365\n                            <\/p>\n<p>             <a href=\"https:\/\/www.ordenacionjuego.es\/participantes-juego\/juego-seguro\/rgiaj\" target=\"_blank\" rel=\"nofollow noopener\"><br \/>\n                <img decoding=\"async\" loading=\"lazy\" alt=\"autoexclusion\" width=\"38\" height=\"38\" class=\"lazyload\" src=\"https:\/\/www.europesays.com\/es\/wp-content\/uploads\/2025\/09\/1758368949_348_18.webp.webp\"\/><\/a><br \/>\n             <a href=\"https:\/\/www.ordenacionjuego.es\/participantes-juego\/juego-seguro\/rgiaj\" target=\"_blank\" rel=\"nofollow noopener\"><br \/>\n              <img decoding=\"async\" loading=\"lazy\" alt=\"autoexclusion\" width=\"50\" height=\"38\" class=\"lazyload\" src=\"https:\/\/www.europesays.com\/es\/wp-content\/uploads\/2025\/09\/1758368950_756_autoprohibicion.webp.webp\"\/><\/a><br \/>\n             <a href=\"https:\/\/www.ordenacionjuego.es\/participantes-juego\/juego-seguro\" target=\"_blank\" rel=\"nofollow noopener\"><br \/>\n                <img decoding=\"async\" loading=\"lazy\" alt=\"juego seguro\" width=\"223\" height=\"38\" class=\"lazyload\" src=\"https:\/\/www.europesays.com\/es\/wp-content\/uploads\/2025\/09\/1758368950_181_juego-seguro.webp.webp\"\/><\/a><br \/>\n             <a href=\"https:\/\/www.ordenacionjuego.es\/participantes-juego\" target=\"_blank\" rel=\"nofollow noopener\"><br \/>\n                <img decoding=\"async\" loading=\"lazy\" style=\"background:#000;padding:2px;\" alt=\"juega con responsabilidad\" width=\"206\" height=\"55\" class=\"lazyload\" src=\"https:\/\/www.europesays.com\/es\/wp-content\/uploads\/2025\/09\/1758368951_637_juega-con-responsabilidad.webp.webp\"\/><\/a><br \/>\n             \u00a0PUBLICIDAD<\/p>\n<p>        <\/a>\n      <\/p>\n<p class=\"text-align-justify\">Se est\u00e1 gestando algo grande y pronto tendremos noticias. Eso es lo que se desprende de las \u00faltimas palabras de <strong>Roger Federer<\/strong> y, sobre todo, de <strong>Tony Godsick<\/strong>. El agente del exjugador suizo reconoci\u00f3 que ya ha habido conversaciones entre Roger y <strong>Rafael Nadal<\/strong> para organizar un circuito de exhibiciones por lugares ic\u00f3nicos del mundo. Godsick rdesvela que Federer est\u00e1 yendo mucho al gimnasio, haciendo trabajo de recuperaci\u00f3n y fortalecimiento de su rodilla para poder competir en plenas condiciones.<\/p>\n<blockquote class=\"twitter-tweet\">\n<p dir=\"ltr\" lang=\"en\" xml:lang=\"en\">Roger \ud83e\udd1d Rafa on court again?!<\/p>\n<p>Tony Godsick &#8211; longtime agent of Roger Federer &#8211; confirms on our TC Live desk that discussions have been had with Rafa about a comeback tour \ud83e\udd2f <a href=\"https:\/\/t.co\/RD35mexQjl\" rel=\"nofollow\">pic.twitter.com\/RD35mexQjl<\/a><\/p>\n<p>\u2014 Tennis Channel (@TennisChannel) <a href=\"https:\/\/twitter.com\/TennisChannel\/status\/1969241620911374845?ref_src=twsrc%5Etfw\" rel=\"nofollow noopener\" target=\"_blank\">September 20, 2025<\/a><\/p><\/blockquote>\n<p><script async src=\"https:\/\/platform.twitter.com\/widgets.js\" charset=\"utf-8\"><\/script><\/p>\n","protected":false},"excerpt":{"rendered":"Streaming ITF M25 Setubal en directo \ud83c\udfbe Ryan Peniston vs Mario G Fernandez Entra aqu\u00ed y reg\u00edstrate en&hellip;\n","protected":false},"author":2,"featured_media":127594,"comment_status":"","ping_status":"","sticky":false,"template":"","format":"standard","meta":{"footnotes":""},"categories":[274],"tags":[168,25,24,23,167,327,326],"class_list":{"0":"post-127593","1":"post","2":"type-post","3":"status-publish","4":"format-standard","5":"has-post-thumbnail","7":"category-tenis","8":"tag-deportes","9":"tag-es","10":"tag-espana","11":"tag-spain","12":"tag-sports","13":"tag-tenis","14":"tag-tennis"},"share_on_mastodon":{"url":"","error":""},"_links":{"self":[{"href":"https:\/\/www.europesays.com\/es\/wp-json\/wp\/v2\/posts\/127593","targetHints":{"allow":["GET"]}}],"collection":[{"href":"https:\/\/www.europesays.com\/es\/wp-json\/wp\/v2\/posts"}],"about":[{"href":"https:\/\/www.europesays.com\/es\/wp-json\/wp\/v2\/types\/post"}],"author":[{"embeddable":true,"href":"https:\/\/www.europesays.com\/es\/wp-json\/wp\/v2\/users\/2"}],"replies":[{"embeddable":true,"href":"https:\/\/www.europesays.com\/es\/wp-json\/wp\/v2\/comments?post=127593"}],"version-history":[{"count":0,"href":"https:\/\/www.europesays.com\/es\/wp-json\/wp\/v2\/posts\/127593\/revisions"}],"wp:featuredmedia":[{"embeddable":true,"href":"https:\/\/www.europesays.com\/es\/wp-json\/wp\/v2\/media\/127594"}],"wp:attachment":[{"href":"https:\/\/www.europesays.com\/es\/wp-json\/wp\/v2\/media?parent=127593"}],"wp:term":[{"taxonomy":"category","embeddable":true,"href":"https:\/\/www.europesays.com\/es\/wp-json\/wp\/v2\/categories?post=127593"},{"taxonomy":"post_tag","embeddable":true,"href":"https:\/\/www.europesays.com\/es\/wp-json\/wp\/v2\/tags?post=127593"}],"curies":[{"name":"wp","href":"https:\/\/api.w.org\/{rel}","templated":true}]}}