{"id":127603,"date":"2025-09-20T14:40:09","date_gmt":"2025-09-20T14:40:09","guid":{"rendered":"https:\/\/www.europesays.com\/es\/127603\/"},"modified":"2025-09-20T14:40:09","modified_gmt":"2025-09-20T14:40:09","slug":"primeros-pasos-y-los-fans-se-preguntan-por-que-eliminaron-contenido-tan-bueno-de-la-pelicula","status":"publish","type":"post","link":"https:\/\/www.europesays.com\/es\/127603\/","title":{"rendered":"Primeros pasos y los fans se preguntan por qu\u00e9 eliminaron contenido tan bueno de la pel\u00edcula"},"content":{"rendered":"<p>La versi\u00f3n digital de Los 4 Fant\u00e1sticos: Primeros pasos est\u00e1 a punto de caramelo y ya se empiezan a desvelar las primeras escenas eliminadas de la pel\u00edcula de Marvel.\u00a0<\/p>\n<p>El mundo de <a href=\"https:\/\/www.hobbyconsolas.com\/noticias\/robert-redford-tuvo-ultima-aparicion-cine-peliculas-marvel-aclamadas-1484188\" title=\"Robert Redford tuvo su \u00faltima aparici\u00f3n en el cine con una de las pel\u00edculas de Marvel m\u00e1s aclamadas\" rel=\"nofollow noopener\" target=\"_blank\"><strong>Marvel <\/strong><\/a>no para en su universo cinematogr\u00e1fico y este mismo verano hemos podido disfrutar de una de las pel\u00edculas m\u00e1s esperadas de la compa\u00f1\u00eda. En efecto, hablamos de<a href=\"https:\/\/www.hobbyconsolas.com\/noticias\/4-fantasticos-primeros-pasos-tardara-estar-disponible-streaming-traves-disney-1481614\" title=\"Los 4 Fant\u00e1sticos: Primeros pasos tardar\u00e1 lo suyo en estar disponible en streaming a trav\u00e9s de Disney+\" rel=\"nofollow noopener\" target=\"_blank\"><strong> Los 4 Fant\u00e1sticos: Primeros pasos<\/strong><\/a>, la nueva incursi\u00f3n de la familia fant\u00e1stica en la gran pantalla.<\/p>\n<p>Y ojo, que este proyecto ten\u00eda su riesgo, sobre todo despu\u00e9s de alg\u00fan que otro patinazo de esta familia en el pasado&#8230; Al menos, en esta ocasi\u00f3n se ha cuidado el producto hasta el m\u00e1s m\u00ednimo detalle, haciendo las delicias de los fans m\u00e1s comiqueros. \u00bfY qu\u00e9 tal le ha ido en taquilla?<\/p>\n<p><img alt=\"Date de alta en Disney+ desde 5,99\u20ac\" loading=\"lazy\" width=\"127\" height=\"72\" decoding=\"async\" data-nimg=\"1\" style=\"color:transparent\"  src=\"https:\/\/www.europesays.com\/es\/wp-content\/uploads\/2025\/09\/cardimage1726133014977-4155467.jpg\"\/>Date de alta en Disney+ desde 5,99\u20ac<\/p>\n<p>Disney mantiene un gran cat\u00e1logo de pel\u00edculas y series en exclusiva. Adem\u00e1s de los cl\u00e1sicos, tambi\u00e9n tiene grandes estrenos.<\/p>\n<p><a class=\"product-button\" href=\"http:\/\/disneyplus.bn5x.net\/c\/2096496\/772703\/9358?sharedid=hobbyconsolas\" title=\"Date de alta en Disney+ desde 5,99\u20ac\" data-gacat=\"Tarjetas\" data-gaact=\"impresion-tarjeta\" target=\"_blank\" rel=\"noreferrer nofollow noopener\">Darse de alta<\/a><\/p>\n<p>A decir verdad, no ha sido uno de los mayores \u00e9xitos de Marvel, eso seguro&#8230; Pese a su bella factura t\u00e9cnica y unos personajes realmente carism\u00e1ticos, la cinta apenas ha superado los 519 millones de d\u00f3lares a nivel mundial.\u00a0<\/p>\n<p>Para que te hagas una idea de la calidad del largometraje, te dejamos justo abajo nuestra cr\u00edtica en v\u00eddeo. Y de regalo, la sinopsis de la cinta: Obligados a equilibrar sus roles como h\u00e9roes con la fortaleza de su v\u00ednculo familiar, la familia fant\u00e1stica debe defender la Tierra de un dios espacial voraz llamado Galactus y su enigm\u00e1tico Heraldo, Silver Surfer.\u00a0<\/p>\n<p>\u00bfA que te han entrado ganas de verla? Lamentablemente, todav\u00eda no est\u00e1 disponible en formato digital, aunque el pistoletazo de salida para algunos pa\u00edses ser\u00e1 el 23 de septiembre. Por esta misma raz\u00f3n, se han empezado a desvelar las primeras escenas eliminadas de la cinta.\u00a0<\/p>\n<p>Justo debajo de estas l\u00edneas puedes ver una de ellas, centrada en los personajes de<strong> <\/strong><a href=\"https:\/\/www.hobbyconsolas.com\/noticias\/marvel-rivals-reutiliza-culo-psylocke-sue-storm-mujer-invisible-streamer-asegura-han-basado-cuerpo-1434798\" title=\"Marvel Rivals reutiliza el culo de Psylocke para Sue Storm, la Mujer Invisible, y una streamer asegura que se han basado en su cuerpo\" rel=\"nofollow noopener\" target=\"_blank\"><strong>Sue Storm<\/strong><\/a><strong> <\/strong>y <strong>Ben Grimm<\/strong>. Es m\u00e1s, tambi\u00e9n ha trascendido otra escena de Sue Storm que ha llamado mucho la atenci\u00f3n (no te queremos hacer spoilers, pero tiene que ver con un enclave subterr\u00e1neo), algo que ha hecho preguntarse a la gente por qu\u00e9 no las incluyeron en el filme, pues habr\u00eda ganado enteros.\u00a0<\/p>\n<p>Por si esto fuera poco, algunos usuarios est\u00e1n llegando a afirmar que preferir\u00edan estas escenas eliminadas a muchas otras que no recortaron de la versi\u00f3n cinematogr\u00e1fica. \u00bfT\u00fa tambi\u00e9n compartes su opini\u00f3n o est\u00e1n exagerando con sus reacciones en redes sociales?<\/p>\n<p>De momento, te podemos asegurar que en cuesti\u00f3n de un mes podr\u00e1s disfrutar en Espa\u00f1a de Los 4 Fant\u00e1sticos: Primeros pasos en formato f\u00edsico. \u00a1Ya queda menos para volver a disfrutar de la familia fant\u00e1stica, esta vez, en el sal\u00f3n de tu casa!<\/p>\n<p>Conoce <a href=\"https:\/\/www.hobbyconsolas.com\/como-trabajamos\" title=\"&quot;C\u00f3mo trabajamos en HobbyConsolas&quot;\" target=\"_blank\" rel=\"nofollow noopener\">c\u00f3mo trabajamos<\/a> en HobbyConsolas.<\/p>\n","protected":false},"excerpt":{"rendered":"La versi\u00f3n digital de Los 4 Fant\u00e1sticos: Primeros pasos est\u00e1 a punto de caramelo y ya se empiezan&hellip;\n","protected":false},"author":2,"featured_media":127604,"comment_status":"","ping_status":"","sticky":false,"template":"","format":"standard","meta":{"footnotes":""},"categories":[169],"tags":[177,146,147,25,24,176,175,23],"class_list":{"0":"post-127603","1":"post","2":"type-post","3":"status-publish","4":"format-standard","5":"has-post-thumbnail","7":"category-cine","8":"tag-cine","9":"tag-entertainment","10":"tag-entretenimiento","11":"tag-es","12":"tag-espana","13":"tag-film","14":"tag-movies","15":"tag-spain"},"share_on_mastodon":{"url":"","error":""},"_links":{"self":[{"href":"https:\/\/www.europesays.com\/es\/wp-json\/wp\/v2\/posts\/127603","targetHints":{"allow":["GET"]}}],"collection":[{"href":"https:\/\/www.europesays.com\/es\/wp-json\/wp\/v2\/posts"}],"about":[{"href":"https:\/\/www.europesays.com\/es\/wp-json\/wp\/v2\/types\/post"}],"author":[{"embeddable":true,"href":"https:\/\/www.europesays.com\/es\/wp-json\/wp\/v2\/users\/2"}],"replies":[{"embeddable":true,"href":"https:\/\/www.europesays.com\/es\/wp-json\/wp\/v2\/comments?post=127603"}],"version-history":[{"count":0,"href":"https:\/\/www.europesays.com\/es\/wp-json\/wp\/v2\/posts\/127603\/revisions"}],"wp:featuredmedia":[{"embeddable":true,"href":"https:\/\/www.europesays.com\/es\/wp-json\/wp\/v2\/media\/127604"}],"wp:attachment":[{"href":"https:\/\/www.europesays.com\/es\/wp-json\/wp\/v2\/media?parent=127603"}],"wp:term":[{"taxonomy":"category","embeddable":true,"href":"https:\/\/www.europesays.com\/es\/wp-json\/wp\/v2\/categories?post=127603"},{"taxonomy":"post_tag","embeddable":true,"href":"https:\/\/www.europesays.com\/es\/wp-json\/wp\/v2\/tags?post=127603"}],"curies":[{"name":"wp","href":"https:\/\/api.w.org\/{rel}","templated":true}]}}