{"id":12761,"date":"2025-07-29T23:43:16","date_gmt":"2025-07-29T23:43:16","guid":{"rendered":"https:\/\/www.europesays.com\/es\/12761\/"},"modified":"2025-07-29T23:43:16","modified_gmt":"2025-07-29T23:43:16","slug":"las-sensaciones-de-oriol-riera-ante-su-primer-test-con-unionistas-es-una-buena-prueba-de-fuego-sobre-todo-a-nivel-defensivo","status":"publish","type":"post","link":"https:\/\/www.europesays.com\/es\/12761\/","title":{"rendered":"Las sensaciones de Oriol Riera, ante su primer test con Unionistas: \u00abEs una buena prueba de fuego, sobre todo a nivel defensivo\u00bb"},"content":{"rendered":"<p><img fetchpriority=\"high\" class=\"v-a-img\" src=\"https:\/\/www.europesays.com\/es\/wp-content\/uploads\/2025\/07\/Imagen UNIONISTAS ENTRENAMIENTO EN EL ANEXO (16)-RQGLj4I0Rw0M4vGWAxAmMCP-1200x840@Gaceta Salamanca.j.jpeg\" loading=\"eager\" decoding=\"async\" alt=\"Oriol Riera haciendo una correcci\u00f3n durante la sesi\u00f3n de entrenamiento de este lunes en el anexo al Reina Sof\u00eda.\"  width=\"1200\" height=\"840\"\/><\/p>\n<p>Oriol Riera haciendo una correcci\u00f3n durante la sesi\u00f3n de entrenamiento de este lunes en el anexo al Reina Sof\u00eda.          LAYA        <\/p>\n<p>El preparador catal\u00e1n enfoca el encuentro a nivel defensivo, por la entidad de la Real Sociedad B, y apunta a tener muchos \u00abclips\u00bb para poder \u00abguiar\u00bb a sus jugadores<\/p>\n<p><a class=\"v-mdl-ath__fig-a\" href=\"https:\/\/www.lagacetadesalamanca.es\/autor\/ivan-ramajo-5957.html\" title=\"Iv\u00e1n Ramajo\" rel=\"nofollow noopener\" target=\"_blank\"><br \/>\n<img decoding=\"async\" class=\"v-mdl-ath__img\" src=\"https:\/\/www.europesays.com\/es\/wp-content\/uploads\/2025\/07\/1753832595_473_autor-5957-foto-1.png\" alt=\"Iv\u00e1n Ramajo\"\/><br \/>\n<\/a><\/p>\n<p class=\"v-mdl-ath__p v-mdl-ath__p--6\">\nMartes, 29 de julio 2025, 18:23<\/p>\n<p class=\"v-p\">Oriol Riera y su Unionistas (que este martes se ha &#8216;catado&#8217; el c\u00e9sped natural del Reina Sof\u00eda) <strong>se enfrentan este mi\u00e9rcoles a su primer test de preparaci\u00f3n<\/strong>, tras dos semanas y media de preparaci\u00f3n. El primero duelo del curso, de car\u00e1cter amistoso, ser\u00e1 frente a la Real Sociedad B de Segunda Divisi\u00f3n en los campos de Varea (La Rioja) a partir de las 19:30 horas.<strong> A este choque viajar\u00e1n<\/strong> (el bus de la expedici\u00f3n blanquinegra partir\u00e1 de Salamanca a las 14:00 horas) <strong>todos los jugadores de la primera plantilla m\u00e1s los canteranos Fon, Toni, Rafa, Huguito, Tom\u00e1s, Miki y \u00d3scar Lorenzo<\/strong>.<\/p>\n<p class=\"v-p\">En este sentido, el entrenador blanquinegro ha se\u00f1alado que la prueba en Varea ser\u00e1 \u00abde fuego\u00bb: <strong>\u00abTengo muchas ganas de poder verlos en acci\u00f3n<\/strong>, en un partido real, donde ya no sea entrenar, sino competir contra un equipo. Adem\u00e1s, es un equipo que lleva junto tiempo y que nos pondr\u00e1 a prueba a nivel defensivo. Nos permitir\u00e1 ver en qu\u00e9 momento estamos, en qu\u00e9 situaci\u00f3n estamos, qu\u00e9 debemos mejorar, qu\u00e9 han incorporado bien. <strong>Es una prueba de fuego buena para jugar contra ese equipo que nos tendr\u00e1 la mayor parte del partido en una situaci\u00f3n defensiva<\/strong>, que es algo que podemos encontrarnos durante el a\u00f1o. Creo que podremos tomar muchas notas y tener muchos \u00abclips\u00bb para poder guiar a los chicos y poder ense\u00f1arles y seguir mejorando colectivamente\u00bb, apunt\u00f3.<\/p>\n<p><img decoding=\"async\" loading=\"lazy\" src=\"https:\/\/www.europesays.com\/es\/wp-content\/uploads\/2025\/07\/GxBFOdCXUAAEarA (1)-U78538230401bFe-650x455@Gaceta Salamanca.jpg\" class=\"v-a-img\" width=\"650\" height=\"455\" alt=\"Palmero durante el tramo de la sesi\u00f3n de este martes celebrada sobre el c\u00e9sped natural del Reina Sof\u00eda.\" data-voc-vtm-id=\"in-text-traffic\"\/><\/p>\n<p>Palmero durante el tramo de la sesi\u00f3n de este martes celebrada sobre el c\u00e9sped natural del Reina Sof\u00eda.<\/p>\n<p><img loading=\"lazy\" decoding=\"async\" src=\"https:\/\/www.europesays.com\/es\/wp-content\/uploads\/2025\/07\/GxBFOdCXUAAEarA (1)-U78538230401bFe-650x455@Gaceta Salamanca.jpg\" class=\"v-mdl__img-z\" width=\"650\" height=\"455\" alt=\"\"\/><\/p>\n<p class=\"v-p\">Con respecto a las dos primeras semanas de trabajo,<strong> Riera dijo estar \u00abmuy contento\u00bb<\/strong>: \u00abLa verdad es que estamos sumando efectivos y poco a poco vamos teniendo m\u00e1s gente. Pero estamos muy contentos con el trabajo que est\u00e1n haciendo, muy contentos con las ganas y la predisposici\u00f3n que tienen para <strong>incorporar nuevos conceptos y hacer cosas diferentes a lo que est\u00e1n acostumbrados, que no es nada f\u00e1cil<\/strong>. Muy contento, la verdad es que es un grupo estupendo y con muchas ganas ya de poder enfocarnos en una semana de partidos\u00bb.<\/p>\n<p class=\"v-p\">Por \u00faltimo, no quiso dejar pasar por alto a los jugadores de <strong>cantera<\/strong> que est\u00e1n completando las sesiones: \u00abTengo aqu\u00ed nueve o diez chicos y hemos incorporado alguno m\u00e1s. Contentos. <strong>La sensaci\u00f3n es que est\u00e1n preparados para competir en Tercera RFEF<\/strong>. Tenemos alg\u00fan juvenil tambi\u00e9n, que conozco la categor\u00eda, tambi\u00e9n preparados. Han asumido muy bien las cargas, que era algo que ten\u00edamos dudas, as\u00ed que, bueno, contento con todos ellos. <strong>Ir\u00e1n participando durante el a\u00f1o, no tengo ninguna duda de que ser\u00e1n part\u00edcipes, sobre todo en entrenamiento<\/strong>s, y bueno, \u00bfpor qu\u00e9 no tener la situaci\u00f3n de poder estar en el primer equipo? Cada uno se lo gana y se lo pierde en el c\u00e9sped y entrenando bien. As\u00ed que, de momento, muy contento con ellos, su predisposici\u00f3n, sus ganas. Algunos de ellos incluso trabajando por las tardes y en las ma\u00f1anas estando aqu\u00ed, as\u00ed que bueno, para m\u00ed me parece un orgullo poder tenerlos y poder seguir entren\u00e1ndoles, poder seguir haciendo que los chicos sigan creciendo, incorporando nuevos conceptos, y para m\u00ed eso es lo m\u00e1s importante\u00bb.<\/p>\n<p>Comenta<\/p>\n<p>Reporta un error<\/p>\n","protected":false},"excerpt":{"rendered":"Oriol Riera haciendo una correcci\u00f3n durante la sesi\u00f3n de entrenamiento de este lunes en el anexo al Reina&hellip;\n","protected":false},"author":2,"featured_media":12762,"comment_status":"","ping_status":"","sticky":false,"template":"","format":"standard","meta":{"footnotes":""},"categories":[268],"tags":[1575,2136,8850,168,25,24,280,4513,282,3579,6144,977,2761,6145,8848,57,281,23,167,6313,8849],"class_list":{"0":"post-12761","1":"post","2":"type-post","3":"status-publish","4":"format-standard","5":"has-post-thumbnail","7":"category-futbol","8":"tag-ante","9":"tag-buena","10":"tag-defensivo","11":"tag-deportes","12":"tag-es","13":"tag-espana","14":"tag-football","15":"tag-fuego","16":"tag-futbol","17":"tag-nivel","18":"tag-oriol","19":"tag-primer","20":"tag-prueba","21":"tag-riera","22":"tag-sensaciones","23":"tag-sobre","24":"tag-soccer","25":"tag-spain","26":"tag-sports","27":"tag-test","28":"tag-unionistas"},"share_on_mastodon":{"url":"","error":""},"_links":{"self":[{"href":"https:\/\/www.europesays.com\/es\/wp-json\/wp\/v2\/posts\/12761","targetHints":{"allow":["GET"]}}],"collection":[{"href":"https:\/\/www.europesays.com\/es\/wp-json\/wp\/v2\/posts"}],"about":[{"href":"https:\/\/www.europesays.com\/es\/wp-json\/wp\/v2\/types\/post"}],"author":[{"embeddable":true,"href":"https:\/\/www.europesays.com\/es\/wp-json\/wp\/v2\/users\/2"}],"replies":[{"embeddable":true,"href":"https:\/\/www.europesays.com\/es\/wp-json\/wp\/v2\/comments?post=12761"}],"version-history":[{"count":0,"href":"https:\/\/www.europesays.com\/es\/wp-json\/wp\/v2\/posts\/12761\/revisions"}],"wp:featuredmedia":[{"embeddable":true,"href":"https:\/\/www.europesays.com\/es\/wp-json\/wp\/v2\/media\/12762"}],"wp:attachment":[{"href":"https:\/\/www.europesays.com\/es\/wp-json\/wp\/v2\/media?parent=12761"}],"wp:term":[{"taxonomy":"category","embeddable":true,"href":"https:\/\/www.europesays.com\/es\/wp-json\/wp\/v2\/categories?post=12761"},{"taxonomy":"post_tag","embeddable":true,"href":"https:\/\/www.europesays.com\/es\/wp-json\/wp\/v2\/tags?post=12761"}],"curies":[{"name":"wp","href":"https:\/\/api.w.org\/{rel}","templated":true}]}}