{"id":127614,"date":"2025-09-20T14:47:10","date_gmt":"2025-09-20T14:47:10","guid":{"rendered":"https:\/\/www.europesays.com\/es\/127614\/"},"modified":"2025-09-20T14:47:10","modified_gmt":"2025-09-20T14:47:10","slug":"montero-carga-contra-israel-y-tilda-a-tellado-de-abuson-de-clase-por-criticar-la-manifestaciones-violentas","status":"publish","type":"post","link":"https:\/\/www.europesays.com\/es\/127614\/","title":{"rendered":"Montero carga contra Israel y tilda a Tellado de \u00ababus\u00f3n de clase\u00bb por criticar la manifestaciones violentas"},"content":{"rendered":"<p class=\"paragraph\">la vicepresidenta primera del Gobierno, ministra de Hacienda y secretaria general del PSOE-A, <b>Mar\u00eda Jes\u00fas Montero<\/b>, ha cargado contra Israel durante el Comit\u00e9 Director del <b>PSOE andaluz<\/b>. As\u00ed, ha indicado que \u00abmientras se celebra este acto, a miles de kil\u00f3metros Israel est\u00e1 ejecutando una ofensiva militar en Gaza que se ha convertido en el epicentro de la violencia humana\u00bb.<\/p>\n<p class=\"paragraph\">\u00abEl PSOE-A no se va a callar, es una <b>campa\u00f1a de destrucci\u00f3n masiva<\/b>, es una masacre genocida la que est\u00e1 ejecutando Israel. Estamos trabajando con otros pa\u00edses, como Portugal, que va a reconocer al estado palestino\u00bb, ha remarcado Montero.<\/p>\n<p>            <a href=\"#\" title=\"\"><br \/>\n                <img decoding=\"async\" loading=\"lazy\" width=\"120px\" height=\"90px\" alt=\"El secretario general del Partido Popular, Miguel Tellado\" src=\"https:\/\/imagenes.eldebate.com\/files\/related_image\/files\/fp\/uploads\/2025\/09\/15\/68c7b97209fea.r_d.559-393.jpeg\" data-full-src=\"https:\/\/www.europesays.com\/es\/wp-content\/uploads\/2025\/09\/68c7b97209fea.jpeg\"\/><br \/>\n            <\/a><\/p>\n<p class=\"paragraph\">La vicepresidenta del Gobierno ha cargado contra el presidente de la Junta de Andaluc\u00eda, Juanma Moreno, y le ha llamado a que \u00abreconozca que es un <b>genocidio<\/b>\u00bb. \u00abHay quien se dedica a defender esta situaci\u00f3n antes que condenar los ataques a ni\u00f1os. Para el PSOE-A no hay causa m\u00e1s justa que exigir un alto al fuego\u00bb, ha se\u00f1alado la secretaria general del PSOE-A.<\/p>\n<p class=\"paragraph\">Asimismo, Montero ha comentado que \u00abel equilibrio de alguno no es neutralidad, para nosotros son indecentes. No vamos a permitir que no se <b>condene una barbarie<\/b> que pasa a escasos kil\u00f3metros de nuestro pa\u00eds. \u00bfCu\u00e1nto ni\u00f1os m\u00e1s tiene que morir para que Bonilla se posicione con el sentir del pueblo andaluz que condena el genocidio de Israel?\u00bb.<\/p>\n<p class=\"paragraph\">\u00abAndaluc\u00eda respalda la actitud del presidente del Gobierno, que defiende los derechos humanos. Es para sentirse <b>orgulloso del presidente <\/b>S\u00e1nchez. Sabemos que el pueblo andaluz comparte este compromiso que esta lucha contra un genocidio\u00bb, ha a\u00f1adido la vicepresidenta del Gobierno.<\/p>\n<p class=\"paragraph\">En este sentido, Montero ha indicado que \u00abel PSOE han sido hemos sido claros y contundentes, no tenemos que disimular como hace el PP. El se\u00f1or <b>Aznar<\/b> ya viene a decir cu\u00e1l es la posici\u00f3n de su grupo pol\u00edtico. Nosotros estamos en el lado correcto de la historia porque Espa\u00f1a est\u00e1 actuando con valent\u00eda\u00bb.<\/p>\n<p>            <a href=\"#\" title=\"\"><br \/>\n                <img decoding=\"async\" loading=\"lazy\" width=\"120px\" height=\"90px\" alt=\"El parlamentario andaluz de Vox por C\u00f3rdoba, Alejandro Hern\u00e1ndez\" src=\"https:\/\/imagenes.eldebate.com\/files\/related_image\/uploads\/2025\/09\/20\/68ce6c74d4ac5.jpeg\" data-full-src=\"https:\/\/www.europesays.com\/es\/wp-content\/uploads\/2025\/09\/68ce6c74d4ac5.jpeg\"\/><br \/>\n            <\/a><\/p>\n<p class=\"paragraph\">\u00abSi Espa\u00f1a se mueve, Europa se mueve. Marcamos la pauta a nivel internacional. <b>Hay que moverse<\/b>. Que nadie diga que mientras sucede este genocidio no hacemos nada\u00bb, ha remarcado Montero.<\/p>\n<p class=\"paragraph\">La vicepresidenta ha subrayado que est\u00e1 \u00abel estilo de Tellado que se convierte en el abus\u00f3n de clase\u00bb por criticar las <b>manifestaciones violentas<\/b>. \u00abLo que est\u00e1 claro es que el Partido Popular est\u00e1 nervioso porque no les est\u00e1 saliendo las cosas\u00bb, ha concluido.<\/p>\n","protected":false},"excerpt":{"rendered":"la vicepresidenta primera del Gobierno, ministra de Hacienda y secretaria general del PSOE-A, Mar\u00eda Jes\u00fas Montero, ha cargado&hellip;\n","protected":false},"author":2,"featured_media":127615,"comment_status":"","ping_status":"","sticky":false,"template":"","format":"standard","meta":{"footnotes":""},"categories":[8],"tags":[17,18,25,24,13,14,11,19,20,9,10,15,16,23,12,21,22],"class_list":{"0":"post-127614","1":"post","2":"type-post","3":"status-publish","4":"format-standard","5":"has-post-thumbnail","7":"category-espana","8":"tag-breaking-news","9":"tag-breakingnews","10":"tag-es","11":"tag-espana","12":"tag-featured-news","13":"tag-featurednews","14":"tag-headlines","15":"tag-latest-news","16":"tag-latestnews","17":"tag-news","18":"tag-noticias","19":"tag-noticias-destacadas","20":"tag-noticiasdestacadas","21":"tag-spain","22":"tag-titulares","23":"tag-ultimas-noticias","24":"tag-ultimasnoticias"},"share_on_mastodon":{"url":"","error":""},"_links":{"self":[{"href":"https:\/\/www.europesays.com\/es\/wp-json\/wp\/v2\/posts\/127614","targetHints":{"allow":["GET"]}}],"collection":[{"href":"https:\/\/www.europesays.com\/es\/wp-json\/wp\/v2\/posts"}],"about":[{"href":"https:\/\/www.europesays.com\/es\/wp-json\/wp\/v2\/types\/post"}],"author":[{"embeddable":true,"href":"https:\/\/www.europesays.com\/es\/wp-json\/wp\/v2\/users\/2"}],"replies":[{"embeddable":true,"href":"https:\/\/www.europesays.com\/es\/wp-json\/wp\/v2\/comments?post=127614"}],"version-history":[{"count":0,"href":"https:\/\/www.europesays.com\/es\/wp-json\/wp\/v2\/posts\/127614\/revisions"}],"wp:featuredmedia":[{"embeddable":true,"href":"https:\/\/www.europesays.com\/es\/wp-json\/wp\/v2\/media\/127615"}],"wp:attachment":[{"href":"https:\/\/www.europesays.com\/es\/wp-json\/wp\/v2\/media?parent=127614"}],"wp:term":[{"taxonomy":"category","embeddable":true,"href":"https:\/\/www.europesays.com\/es\/wp-json\/wp\/v2\/categories?post=127614"},{"taxonomy":"post_tag","embeddable":true,"href":"https:\/\/www.europesays.com\/es\/wp-json\/wp\/v2\/tags?post=127614"}],"curies":[{"name":"wp","href":"https:\/\/api.w.org\/{rel}","templated":true}]}}