{"id":127634,"date":"2025-09-20T15:05:19","date_gmt":"2025-09-20T15:05:19","guid":{"rendered":"https:\/\/www.europesays.com\/es\/127634\/"},"modified":"2025-09-20T15:05:19","modified_gmt":"2025-09-20T15:05:19","slug":"es-incurable-tiene-79-enfermedades-asociadas-pero-se-puede-tratar","status":"publish","type":"post","link":"https:\/\/www.europesays.com\/es\/127634\/","title":{"rendered":"es incurable, tiene 79 enfermedades asociadas&#8230; \u00a1pero se puede tratar!"},"content":{"rendered":"<p class=\"ft-text\">La <strong>enfermedad pulmonar obstructiva cr\u00f3nica (EPOC)<\/strong> es una enfermedad <strong>prevalente, prevenible y tratable<\/strong> que afecta tanto a hombres como mujeres de todo el mundo.<\/p>\n<ul class=\"ft-list ft-list--primary\" data-aida-text=\"\">\n<li class=\"ft-list__item\">Se trata de una <strong>patolog\u00eda pulmonar inflamatoria cr\u00f3nica que causa la obstrucci\u00f3n al paso del aire en los pulmones<\/strong>.\u00a0<\/li>\n<li class=\"ft-list__item\">En la gran mayor\u00eda de los casos la enfermedad est\u00e1 derivada de la inhalaci\u00f3n del humo del tabaco durante un largo periodo de tiempo y, por ello, <strong>son los <\/strong><a class=\"ft-link ft-link--decoration\" href=\"https:\/\/www.informacion.es\/salud\/guia\/2024\/09\/13\/fumar-coche-razones-peligro-92055456.html\" target=\"_blank\" rel=\"nofollow noopener\"><strong>fumadores<\/strong><\/a><strong> los m\u00e1s afectados <\/strong>aunque no los \u00fanicos.\u00a0<\/li>\n<\/ul>\n<p class=\"ft-text\">En nuestro pa\u00eds, <strong>la prevalencia de la EPOC entre la poblaci\u00f3n de 40 a 80 a\u00f1os es del 11,8%<\/strong>. Pero estos porcentajes podr\u00edan ser mucho m\u00e1s altos porque seg\u00fan el <a href=\"https:\/\/www.fesemi.org\/grupos\/epoc\/noticias\" class=\"ft-link ft-link--decoration\" rel=\"nofollow noopener\" target=\"_blank\">grupo EPOC de la Sociedad Espa\u00f1ola de Medicina Interna (SEMI) <\/a>se calcula que <strong>el infradiagn\u00f3stico de esta patolog\u00eda se sit\u00faa en torno al 80%<\/strong>.\u00a0<\/p>\n<p class=\"ft-text\">Cada a\u00f1o, adem\u00e1s, <strong>se estima que fallecen en Espa\u00f1a m\u00e1s de 13.500 personas a causa de esta enfermedad <\/strong>(13.808 en 2019) y que a nivel mundial es la patolog\u00eda principal que est\u00e1 detr\u00e1s de alrededor de 3 millones de muertes.\u00a0<\/p>\n<p><img decoding=\"async\" src=\"https:\/\/www.europesays.com\/es\/wp-content\/uploads\/2025\/09\/b725da26-376f-4f8f-a1e5-b6de98589623_alta-libre-aspect-ratio_default_0.jpg\" width=\"1200\" height=\"800\" alt=\"EPOC, una enfermedad que un pulsiox\u00edmetro nos puede ayudar a detectar\" class=\"ft-helper-img-rd\" loading=\"lazy\" hasdataaida=\"true\"\/><\/p>\n<p class=\"ft-helper-fontColor-quaternary ft-helper-fontSize-body-S ft-helper-spacer-t-xxs\">EPOC, una enfermedad que un pulsiox\u00edmetro nos puede ayudar a detectar  \/ Foto de Tima Miroshnichenko: https:\/\/www.pexels.com\/es-es\/<\/p>\n<p>S\u00edntomas de la EPOC<\/p>\n<p class=\"ft-text\">Una de las caracter\u00edsticas de esta enfermedad respiratoria es que <strong>sus s\u00edntomas no aparecen al inicio de la enfermedad<\/strong>, cuando comienzan a afectar a los alveolos, los bronquios se dilatan y los pulmones comienzan a producir m\u00e1s moco de lo normal.\u00a0<\/p>\n<p class=\"ft-text\">Como explica la <strong>doctora Ruth Mart\u00edn de Diego<\/strong>, miembro del <a href=\"https:\/\/www.semg.es\/index.php\/grupos-de-trabajo\/area-de-conocimiento\/area-de-conocimiento-clinico\/respiratorio\" class=\"ft-link ft-link--decoration\" rel=\"nofollow noopener\" target=\"_blank\">Grupo de Patolog\u00eda Respiratoria de la Sociedad Espa\u00f1ola de M\u00e9dicos Generales y de Familia (SEMG)<\/a>.<\/p>\n<p class=\"ft-text\">\u00abLos s\u00edntomas son:<\/p>\n<ul class=\"ft-list ft-list--primary\" data-aida-text=\"\">\n<li class=\"ft-list__item\">Dificultad para respirar<\/li>\n<li class=\"ft-list__item\">Tos<\/li>\n<li class=\"ft-list__item\">Producci\u00f3n de moco<\/li>\n<li class=\"ft-list__item\">Sibilancias.<\/li>\n<\/ul>\n<p class=\"ft-text\">No suelen aparecer hasta que se produce un da\u00f1o pulmonar significativo, y suelen empeorar con el tiempo, sobre todo si la exposici\u00f3n al principal agente causal (por ejemplo, el tabaco)\u00bb.<\/p>\n<p class=\"ft-text\">Adem\u00e1s de ser una <strong>patolog\u00eda que tarda en dar la cara<\/strong>, tiene las siguientes constantes, tal y como nos muestra la doctora:<\/p>\n<ul class=\"ft-list ft-list--primary\" data-aida-text=\"\">\n<li class=\"ft-list__item\">\u00ab<strong>No tiene cura.<\/strong><\/li>\n<li class=\"ft-list__item\">Es una enfermedad <strong>progresiva<\/strong>, que se agrava con el tiempo<\/li>\n<li class=\"ft-list__item\">Afortunadamente es <strong>tratable<\/strong>. Con un manejo adecuado<\/li>\n<li class=\"ft-list__item\">La mayor\u00eda de las personas <strong>pueden lograr un buen control de los s\u00edntomas<\/strong> y la calidad de vida\u201d.<\/li>\n<\/ul>\n<p><img decoding=\"async\" src=\"https:\/\/www.europesays.com\/es\/wp-content\/uploads\/2025\/09\/74fa8407-bb94-47ad-a15d-2606e3eb3ccb_alta-libre-aspect-ratio_default_0.jpg\" width=\"1200\" height=\"800\" alt=\"Los especialistas advierten del aumento de enfermedades respiratorias entre mujeres a causa del tabaco.\" class=\"ft-helper-img-rd\" loading=\"lazy\" hasdataaida=\"true\"\/><\/p>\n<p class=\"ft-helper-fontColor-quaternary ft-helper-fontSize-body-S ft-helper-spacer-t-xxs\">Los especialistas advierten del aumento de enfermedades respiratorias entre mujeres a causa del tabaco. <\/p>\n<p>M\u00e1s disnea, depresi\u00f3n y osteoporosis entre las mujeres con EPOC, pero menos mortalidad<\/p>\n<p class=\"ft-text\">A pesar de que <strong>el g\u00e9nero no es un factor de riesgo <\/strong>para el desarrollo de la enfermedad obstructiva cr\u00f3nica, los especialistas en medicina general est\u00e1n observando c\u00f3mo la prevalencia de la EPOC y de las<strong> enfermedades respiratorias asociadas al tabaquismo est\u00e1 aumentando en Espa\u00f1a entre las mujeres<\/strong>.<\/p>\n<p class=\"ft-text\">Y es que hay que recordar que el 16,4% de las f\u00e9minas son fumadoras habituales. Por eso, seg\u00fan la doctora Mart\u00edn:<\/p>\n<ul class=\"ft-list ft-list--primary\" data-aida-text=\"\">\n<li class=\"ft-list__item\">\u201cLa EPOC puede ser un <strong>problema de salud creciente tambi\u00e9n en las mujeres<\/strong>, y es necesario un cambio en su abordaje\u201d.<\/li>\n<\/ul>\n<p class=\"ft-text\">A pesar de ello, el infradiagn\u00f3stico de EPOC en nuestro pa\u00eds es superior en el colectivo femenino que en el masculino.<\/p>\n<p>Diferencias de la EPOC en hombres y en mujeres<\/p>\n<p class=\"ft-text\">Con el fin de solucionar esta brecha de g\u00e9nero en el diagn\u00f3stico de la EPOC, la doctora Mart\u00edn, ha analizado si esta patolog\u00eda presenta diferencias en la mujer con respecto a los hombres. Y la conclusi\u00f3n es que s\u00ed.\u00a0<\/p>\n<p class=\"ft-text\">Seg\u00fan los estudios e investigaciones recientes, las mujeres con EPOC presentan:<\/p>\n<ul class=\"ft-list ft-list--primary\" data-aida-text=\"\">\n<li class=\"ft-list__item\">M\u00e1s disnea (dificultad para respirar)<\/li>\n<li class=\"ft-list__item\">Peor calidad de vida relacionada con la salud<\/li>\n<li class=\"ft-list__item\">M\u00e1s ansiedad<\/li>\n<li class=\"ft-list__item\">M\u00e1s depresi\u00f3n<\/li>\n<li class=\"ft-list__item\">Peor estado nutricional<\/li>\n<li class=\"ft-list__item\">M\u00e1s osteoporosis.\u00a0<\/li>\n<\/ul>\n<p class=\"ft-text\">Otras de las diferencias con respecto a los varones es que:<\/p>\n<ol class=\"ft-list ft-list--numbered\">\n<li class=\"ft-list__item\">Las mujeres que cursan la enfermedad tienen <strong>m\u00e1s agudizaciones<\/strong><\/li>\n<li class=\"ft-list__item\">En cambio, a diferencia de los hombres sufren <strong>menos reingresos y la mortalidad<\/strong> a causa de la EPOC es menor.\u00a0<\/li>\n<\/ol>\n<p><img decoding=\"async\" src=\"https:\/\/www.europesays.com\/es\/wp-content\/uploads\/2025\/09\/22bffab1-0d8f-4290-ab26-f6d0b4e832c6_alta-libre-aspect-ratio_default_0.jpg\" width=\"1200\" height=\"800\" alt=\"Las mujeres con EPOC sufren m\u00e1s problemas para respirar, osteoporosis y depresi\u00f3n que los hombres\" class=\"ft-helper-img-rd\" loading=\"lazy\" hasdataaida=\"true\"\/><\/p>\n<p class=\"ft-helper-fontColor-quaternary ft-helper-fontSize-body-S ft-helper-spacer-t-xxs\">Las mujeres con EPOC sufren m\u00e1s problemas para respirar, osteoporosis y depresi\u00f3n que los hombres  \/ DCStudio. FREEPIK<\/p>\n<p>79 enfermedades asociadas a la EPOC <\/p>\n<p class=\"ft-text\">Los <strong>doctores Bel\u00e9n Alonso y Jes\u00fas D\u00edez Manglano<\/strong>, miembros del Grupo de EPOC de la SEMI, explican que hasta el momento se han descrito un total de <strong>\u201c79 comorbilidades asociadas a la EPOC\u201d.\u00a0<\/strong><\/p>\n<p class=\"ft-text\">Seg\u00fan los estudios ECCO y ESMI, ambos realizados por este grupo de trabajo, <strong>las comorbilidades m\u00e1s frecuentes<\/strong> en este grupo de pacientes fueron:\u00a0<\/p>\n<ul class=\"ft-list ft-list--primary\" data-aida-text=\"\">\n<li class=\"ft-list__item\">Hipertensi\u00f3n arterial.<\/li>\n<li class=\"ft-list__item\">Dislipemia.<\/li>\n<li class=\"ft-list__item\"><a class=\"ft-link ft-link--decoration\" href=\"https:\/\/www.informacion.es\/salud\/guia\/2024\/11\/14\/diabetes-revisiones-todo-debes-saber-enfermedad-espana-94594897.html\" target=\"_blank\" rel=\"nofollow noopener\">Diabetes <\/a>mellitus.<\/li>\n<li class=\"ft-list__item\">Insuficiencia card\u00edaca.<\/li>\n<li class=\"ft-list__item\">Fibrilaci\u00f3n auricular.<\/li>\n<li class=\"ft-list__item\">Cardiopat\u00eda isqu\u00e9mica.<\/li>\n<\/ul>\n<p><img decoding=\"async\" src=\"https:\/\/www.europesays.com\/es\/wp-content\/uploads\/2025\/09\/ec96f933-9344-4013-bdb7-9ee0887f2c05_alta-libre-aspect-ratio_default_0.jpg\" width=\"1200\" height=\"934\" alt=\"Gafas nasales para ayudar a mejorar el flujo de ox\u00edgeno en enfermos de EPOC y otras dolencias respiratorias\" class=\"ft-helper-img-rd\" loading=\"lazy\" hasdataaida=\"true\"\/><\/p>\n<p class=\"ft-helper-fontColor-quaternary ft-helper-fontSize-body-S ft-helper-spacer-t-xxs\">Gafas nasales para ayudar a mejorar el flujo de ox\u00edgeno en enfermos de EPOC y otras dolencias respiratorias  \/ Foto: James Heilman, MD<\/p>\n<p class=\"ft-text\">Adem\u00e1s de estos, los internistas se\u00f1alan otras patolog\u00edas que \u201caunque menos frecuentes -como la enfermedad por <strong>reflujo gastroesof\u00e1gico, la hepatopat\u00eda cr\u00f3nica, la neoplasia pulmonar, o la depresi\u00f3n <\/strong>&#8211; no son menos importantes y, por supuesto, no deben ser ignoradas\u201d.\u00a0<\/p>\n<p class=\"ft-text\">La importancia de saber las comorbilidades asociadas a la enfermedad pulmonar obstructiva cr\u00f3nica est\u00e1 en que puede mejorar, y mucho, la atenci\u00f3n que desde los servicios de medicina interna se da a los pacientes con EPOC.\u00a0<\/p>\n<p class=\"ft-text\">\u201c<strong>El abordaje y tratamiento correcto de las comorbilidades asociadas a la EPOC <\/strong>es clave para:<\/p>\n<ul class=\"ft-list ft-list--primary\" data-aida-text=\"\">\n<li class=\"ft-list__item\">Mejorar la calidad de vida del paciente<\/li>\n<li class=\"ft-list__item\">Disminuir el n\u00famero de exacerbaciones<\/li>\n<li class=\"ft-list__item\">Reducir la morbimortalidad<\/li>\n<li class=\"ft-list__item\">Evitar los reingresos hospitalarios.<\/li>\n<\/ul>\n<p class=\"ft-text\">\u00abPor ello, resulta fundamental hacer una b\u00fasqueda activa de las comorbilidades tanto en fase aguda como en fase estable de la enfermedad\u201d.<\/p>\n","protected":false},"excerpt":{"rendered":"La enfermedad pulmonar obstructiva cr\u00f3nica (EPOC) es una enfermedad prevalente, prevenible y tratable que afecta tanto a hombres&hellip;\n","protected":false},"author":2,"featured_media":127635,"comment_status":"","ping_status":"","sticky":false,"template":"","format":"standard","meta":{"footnotes":""},"categories":[92],"tags":[41313,14808,25,24,165,33127,166,23],"class_list":{"0":"post-127634","1":"post","2":"type-post","3":"status-publish","4":"format-standard","5":"has-post-thumbnail","7":"category-salud","8":"tag-enfermedad-pulmonar-obstructiva-cronica","9":"tag-epoc","10":"tag-es","11":"tag-espana","12":"tag-health","13":"tag-neumologia","14":"tag-salud","15":"tag-spain"},"share_on_mastodon":{"url":"","error":""},"_links":{"self":[{"href":"https:\/\/www.europesays.com\/es\/wp-json\/wp\/v2\/posts\/127634","targetHints":{"allow":["GET"]}}],"collection":[{"href":"https:\/\/www.europesays.com\/es\/wp-json\/wp\/v2\/posts"}],"about":[{"href":"https:\/\/www.europesays.com\/es\/wp-json\/wp\/v2\/types\/post"}],"author":[{"embeddable":true,"href":"https:\/\/www.europesays.com\/es\/wp-json\/wp\/v2\/users\/2"}],"replies":[{"embeddable":true,"href":"https:\/\/www.europesays.com\/es\/wp-json\/wp\/v2\/comments?post=127634"}],"version-history":[{"count":0,"href":"https:\/\/www.europesays.com\/es\/wp-json\/wp\/v2\/posts\/127634\/revisions"}],"wp:featuredmedia":[{"embeddable":true,"href":"https:\/\/www.europesays.com\/es\/wp-json\/wp\/v2\/media\/127635"}],"wp:attachment":[{"href":"https:\/\/www.europesays.com\/es\/wp-json\/wp\/v2\/media?parent=127634"}],"wp:term":[{"taxonomy":"category","embeddable":true,"href":"https:\/\/www.europesays.com\/es\/wp-json\/wp\/v2\/categories?post=127634"},{"taxonomy":"post_tag","embeddable":true,"href":"https:\/\/www.europesays.com\/es\/wp-json\/wp\/v2\/tags?post=127634"}],"curies":[{"name":"wp","href":"https:\/\/api.w.org\/{rel}","templated":true}]}}