{"id":127636,"date":"2025-09-20T15:06:09","date_gmt":"2025-09-20T15:06:09","guid":{"rendered":"https:\/\/www.europesays.com\/es\/127636\/"},"modified":"2025-09-20T15:06:09","modified_gmt":"2025-09-20T15:06:09","slug":"lorenzo-mila-arrasa-con-su-reaccion-a-lo-que-ha-dicho-trump-tras-el-despido-de-jimmy-kimmel","status":"publish","type":"post","link":"https:\/\/www.europesays.com\/es\/127636\/","title":{"rendered":"Lorenzo Mil\u00e1 arrasa con su reacci\u00f3n a lo que ha dicho Trump tras el despido de Jimmy Kimmel"},"content":{"rendered":"<p>Menuda la que se ha liado en Estados Unidos. <b><a href=\"https:\/\/www.huffingtonpost.es\/sociedad\/hollywood-estalla-despido-jimmy-kimmel-el-fascismo-esta-aqui-da-miedo.html\" rel=\"nofollow noopener\" target=\"_blank\">La televisi\u00f3n nocturna estadounidense tiembla <\/a><\/b>despu\u00e9s de l<a href=\"https:\/\/www.huffingtonpost.es\/life\/cultura\/primero-stephen-colbert-le-toca-jimmy-kimmelbr.html\" rel=\"nofollow noopener\" target=\"_blank\">a suspensi\u00f3n indefinida del late night<\/a>\u00a0presentado por uno de los c\u00f3micos m\u00e1s famosos del pa\u00eds, <b>Jimmy Kimmel<\/b>, tras este hacer comentarios sobre el asesinato de Charlie Kirk.<\/p>\n<p>El canal ABC, cuya cadena es propiedad del grupo Disney, anunci\u00f3 esta medida el pasado mi\u00e9rcoles, dos meses despu\u00e9s del cese de Stephen Colbert de la programaci\u00f3n de CBS. Kimmel pronuncio que \u00abla pandilla de MAGA\u2014Make America Great Again\u2014 se ha deado la piel intentando retratar a este chaval\u2014Tyler Robinson, presunto asesino de Kirk\u2014, que mat\u00f3 a Charlie Kirk,<b> como si no tuviera nada que ver con ellos<\/b>, mientras trataban de sacar tajada pol\u00edtica del asunto\u00bb. Y c\u00f3mo no, se burl\u00f3 de la reacci\u00f3n de Trump, que ha vuelto a ser el protagonista.<\/p>\n<p>Ahora, el mandatario estadounidense amenaza con \u00abretirar licencias\u00bb a los canales y medios que lo critiquen y que las emisiones <b>\u00abtodo lo que hacen\u00bb es ir contra su figura<\/b>. \u00abSi miras atr\u00e1s ves que no han tenido a un conservador en a\u00f1os. Creo que alguien dijo que &#8216;\u00e9chale un vistazo, lo \u00fanico que hacen es golpear a Trump&#8217;. Tienen licencia. No tienen permitido hacer eso. Son un brazo del Partido Dem\u00f3crata\u00bb, expres\u00f3.<\/p>\n<p>Han sido decenas de miles de reacciones\u2014y nos quedamos cortos\u2014 de todo el mundo hablando sobre la censura y el control de Trump sobre los medios. Aqu\u00ed en Espa\u00f1a una de las r\u00e9plicas m\u00e1s sonadas ha sido, sin duda, <b>la del periodista de TVE Lorenzo Mil\u00e1<\/b>, que fue durante a\u00f1os corresponsal en Estados Unidos.<\/p>\n<p><b>\u00abCerrar medios porque hablan mal de \u00e9l. Nunca pens\u00e9 que ver\u00eda un EEUU as\u00ed\u00bb<\/b>, ha expresado Mil\u00e1 con contundencia en un tuit de su perfil oficial de X\u2014Twitter\u2014, acumulando m\u00e1s de 200.000 visualizaciones y 4.000 &#8216;me gusta&#8217;.<\/p>\n<p>M\u00e1s de 500 usuarios han reaccionado a sus dos frases, muchos de acuerdo con \u00e9l: \u00ab\u00bfEn serio? <b>\u00bfHay alguien que no supiera c\u00f3mo piensa y qu\u00e9 quer\u00eda hacer\u2014y est\u00e1 haciendo\u2014 en todos los \u00e1mbitos?<\/b> Nacional, internacional, b\u00e9lico&#8230; Cualquiera con dos dedos de frente sabe c\u00f3mo es este tipo de &#8216;seres'\u00bb.<\/p>\n","protected":false},"excerpt":{"rendered":"Menuda la que se ha liado en Estados Unidos. La televisi\u00f3n nocturna estadounidense tiembla despu\u00e9s de la suspensi\u00f3n&hellip;\n","protected":false},"author":2,"featured_media":127637,"comment_status":"","ping_status":"","sticky":false,"template":"","format":"standard","meta":{"footnotes":""},"categories":[91],"tags":[352,146,147,25,24,20754,518,23],"class_list":{"0":"post-127636","1":"post","2":"type-post","3":"status-publish","4":"format-standard","5":"has-post-thumbnail","7":"category-entretenimiento","8":"tag-donald-trump","9":"tag-entertainment","10":"tag-entretenimiento","11":"tag-es","12":"tag-espana","13":"tag-jimmy-kimmel","14":"tag-rtve","15":"tag-spain"},"share_on_mastodon":{"url":"","error":""},"_links":{"self":[{"href":"https:\/\/www.europesays.com\/es\/wp-json\/wp\/v2\/posts\/127636","targetHints":{"allow":["GET"]}}],"collection":[{"href":"https:\/\/www.europesays.com\/es\/wp-json\/wp\/v2\/posts"}],"about":[{"href":"https:\/\/www.europesays.com\/es\/wp-json\/wp\/v2\/types\/post"}],"author":[{"embeddable":true,"href":"https:\/\/www.europesays.com\/es\/wp-json\/wp\/v2\/users\/2"}],"replies":[{"embeddable":true,"href":"https:\/\/www.europesays.com\/es\/wp-json\/wp\/v2\/comments?post=127636"}],"version-history":[{"count":0,"href":"https:\/\/www.europesays.com\/es\/wp-json\/wp\/v2\/posts\/127636\/revisions"}],"wp:featuredmedia":[{"embeddable":true,"href":"https:\/\/www.europesays.com\/es\/wp-json\/wp\/v2\/media\/127637"}],"wp:attachment":[{"href":"https:\/\/www.europesays.com\/es\/wp-json\/wp\/v2\/media?parent=127636"}],"wp:term":[{"taxonomy":"category","embeddable":true,"href":"https:\/\/www.europesays.com\/es\/wp-json\/wp\/v2\/categories?post=127636"},{"taxonomy":"post_tag","embeddable":true,"href":"https:\/\/www.europesays.com\/es\/wp-json\/wp\/v2\/tags?post=127636"}],"curies":[{"name":"wp","href":"https:\/\/api.w.org\/{rel}","templated":true}]}}