{"id":127647,"date":"2025-09-20T15:16:12","date_gmt":"2025-09-20T15:16:12","guid":{"rendered":"https:\/\/www.europesays.com\/es\/127647\/"},"modified":"2025-09-20T15:16:12","modified_gmt":"2025-09-20T15:16:12","slug":"roger-federer-da-su-favorito-para-esta-laver-cup-2025","status":"publish","type":"post","link":"https:\/\/www.europesays.com\/es\/127647\/","title":{"rendered":"Roger Federer da su favorito para esta Laver Cup 2025"},"content":{"rendered":"<p class=\"quota-display text-align-center\">\n        <a href=\"https:\/\/www.puntodebreak.com\/MDBA-B3-PDB-QUOTA-25\" rel=\"sponsored nofollow noopener\" title=\"Apuesta en bet365\" target=\"_blank\"><\/p>\n<p>            <img decoding=\"async\" alt=\"Bet365\" class=\"bet-logo lazyload\" loading=\"lazy\" src=\"https:\/\/www.europesays.com\/es\/wp-content\/uploads\/2025\/09\/1758368948_520_b365.jpg\"\/>Streaming Challenger Villa Maria MD en directo<\/p>\n<p> \ud83c\udfbe Duran\/Kestelboim vs Dutra Da Silva\/Villanueva<\/p>\n<ol class=\"stream-card__steps\">\n<li>Entra aqu\u00ed y reg\u00edstrate en Bet365<\/li>\n<li>Haz tu primer dep\u00f3sito de m\u00ednimo 5\u00a0\u20ac<\/li>\n<li>Entra en la secci\u00f3n \u00abDirecto\u00bb y ve todos los partidos<\/li>\n<\/ol>\n<p>\n                                Ver partido en Bet365\n                            <\/p>\n<p>        <\/a>\n      <\/p>\n<p class=\"text-align-justify\">Aunque no vaya a saltar a la pista vestido de corto, la figura de <a href=\"https:\/\/www.puntodebreak.com\/tag\/roger-federer\" rel=\"nofollow noopener\" target=\"_blank\"><b>Roger Federer<\/b><\/a> siempre coge especia relevancia cuando llega el fin de semana la la <a href=\"https:\/\/www.puntodebreak.com\/tenis\/laver-cup-2025\" rel=\"nofollow noopener\" target=\"_blank\"><b>Laver Cup<\/b><\/a>. No ser\u00e1 diferente en esta ocasi\u00f3n, ya que seguramente sea el suizo el que m\u00e1s entrevistas haya dado estos d\u00edas, por encima de cualquier jugador. Es lo que tiene estar detr\u00e1s de un proyecto que cumple ya ocho ediciones, con un balance de victorias favorable al <b>#TeamEurope<\/b> de 5-2. Aunque eso no sea lo m\u00e1s importante, la gente quiere saber lo que piensa Federer, aunque para eso tendr\u00e1s que esperar al final del art\u00edculo. De momento, escuchamos unas declaraciones recogidas por <strong>Eurosport<\/strong> acerca de la acogida que ha tenido este evento desde el d\u00eda en que naci\u00f3.<\/p>\n<p class=\"text-align-justify\">\u201cSiento que la Laver Cup ha evolucionado de una gran manera\u201d, admite el helv\u00e9tico, retirado en este mismo torneo hace tres temporadas. \u201cEstamos muy contentos con el desarrollo de todos estos a\u00f1os, con las ciudades, con todo el \u00e9xito que hemos tenido con el evento. Personalmente, te dir\u00eda que hemos superado completamente mis expectativas de cuando tuvimos la visi\u00f3n de crear la Laver Cup y realmente dar luz a la generaci\u00f3n pasada que abri\u00f3 todo el camino para nosotros\u2026 y eso ha sido incre\u00edble\u201d, afirma con orgullo el campe\u00f3n de 20 Grand Slams, una persona muy cercana a Rod Laver, la leyenda de quien coge nombre este certamen.<\/p>\n<p class=\"text-align-justify\">\u201cEs fenomenal que aqu\u00ed, en San Francisco, tengamos casi 19.000 personas de aforo y que vendamos todo en las cinco sesiones. No lo esperaba, as\u00ed que <b>estoy muy agradecido a todo el equipo, especialmente a John McEnroe y Bj\u00f6rn Borg<\/b>, quienes nos ayudaron en un momento en el que nadie sab\u00eda realmente qu\u00e9 iba a ser la Laver Cup. Hoy miro atr\u00e1s y me alegra ver que los jugadores se sientan atra\u00eddos por ella, as\u00ed que espero que a los aficionados tambi\u00e9n les encante porque esa es la idea: traer un nuevo concepto al tenis, algo que pienso puede ser muy beneficioso para el mundo del tenis\u201d, subraya el de Basilea.<\/p>\n<p class=\"text-align-justify\"><b>\u00bfQUI\u00c9N ES EL FAVORITO?<\/b><\/p>\n<p class=\"text-align-justify\">Lo dicho, no es la cuesti\u00f3n m\u00e1s importante, pero el marcador general dice que el #TeamEurope domina por 5-2 al #TeamWorld en un verano, precisamente, los segundos llegan con much\u00edsimas bajas y pocas opciones en las quinielas. \u00bfQu\u00e9 piensa el suizo? \u00bfTiene favorito en San Francisco? Lo cierto es que s\u00ed lo tiene, adem\u00e1s, lo tiene tan claro que ni siquiera le importa verbalizarlo delante de una c\u00e1mara, en este caso, delante de la c\u00e1mara de Eurosport, cadena donde podr\u00e1n disfrutar de todos los partidos desde esta misma noche.<\/p>\n<p><img decoding=\"async\" alt=\"Roger Federer durante un evento en San Francisco. Fuente: Getty\" data-entity-type=\"file\" data-entity-uuid=\"51485a0e-cb47-497d-881f-891e0bcea4c1\" class=\"align-center lazyload\" width=\"690\" height=\"452\" loading=\"lazy\" src=\"https:\/\/www.europesays.com\/es\/wp-content\/uploads\/2025\/09\/Roger-Federer-Opini\u00f3n-Laver-Cup-2025-Favorito-Alcaraz.png\"\/><\/p>\n<p class=\"text-align-justify\">\u00a0<\/p>\n<p class=\"text-align-justify\">\u201cEsta es siempre la pregunta cl\u00e1sicas ante de cada Laver Cup, es curioso porque siempre pienso que s\u00e9 la respuesta, pero luego no es as\u00ed (risas). Tengo la sensaci\u00f3n, como ya hemos visto, que la Costa Oeste puede ser un lugar complicado para jugar para los europeos, ya que a veces, cuando viajan desde Europa, est\u00e1 lejos y el desfase horario puede pasar factura. Ahora bien, creo que Europa probablemente tenga un equipo m\u00e1s fuerte. Pienso que el dobles no es tan crucial esta vez, porque creo que ambos equipo son m\u00e1s o menos igual de fuertes en dobles, as\u00ed que todo se decidir\u00e1 en los individuales. Obviamente, ah\u00ed es donde creo que, <b>con Carlos Alcaraz en el equipo, ya llegado a San Francisco y listo para competir, doy a Europa la ventaja para volver a llevarse el t\u00edtulo<\/b>\u201d, vaticina el maestro.<\/p>\n","protected":false},"excerpt":{"rendered":"Streaming Challenger Villa Maria MD en directo \ud83c\udfbe Duran\/Kestelboim vs Dutra Da Silva\/Villanueva Entra aqu\u00ed y reg\u00edstrate en&hellip;\n","protected":false},"author":2,"featured_media":127648,"comment_status":"","ping_status":"","sticky":false,"template":"","format":"standard","meta":{"footnotes":""},"categories":[274],"tags":[168,25,24,23,167,327,326],"class_list":{"0":"post-127647","1":"post","2":"type-post","3":"status-publish","4":"format-standard","5":"has-post-thumbnail","7":"category-tenis","8":"tag-deportes","9":"tag-es","10":"tag-espana","11":"tag-spain","12":"tag-sports","13":"tag-tenis","14":"tag-tennis"},"share_on_mastodon":{"url":"","error":""},"_links":{"self":[{"href":"https:\/\/www.europesays.com\/es\/wp-json\/wp\/v2\/posts\/127647","targetHints":{"allow":["GET"]}}],"collection":[{"href":"https:\/\/www.europesays.com\/es\/wp-json\/wp\/v2\/posts"}],"about":[{"href":"https:\/\/www.europesays.com\/es\/wp-json\/wp\/v2\/types\/post"}],"author":[{"embeddable":true,"href":"https:\/\/www.europesays.com\/es\/wp-json\/wp\/v2\/users\/2"}],"replies":[{"embeddable":true,"href":"https:\/\/www.europesays.com\/es\/wp-json\/wp\/v2\/comments?post=127647"}],"version-history":[{"count":0,"href":"https:\/\/www.europesays.com\/es\/wp-json\/wp\/v2\/posts\/127647\/revisions"}],"wp:featuredmedia":[{"embeddable":true,"href":"https:\/\/www.europesays.com\/es\/wp-json\/wp\/v2\/media\/127648"}],"wp:attachment":[{"href":"https:\/\/www.europesays.com\/es\/wp-json\/wp\/v2\/media?parent=127647"}],"wp:term":[{"taxonomy":"category","embeddable":true,"href":"https:\/\/www.europesays.com\/es\/wp-json\/wp\/v2\/categories?post=127647"},{"taxonomy":"post_tag","embeddable":true,"href":"https:\/\/www.europesays.com\/es\/wp-json\/wp\/v2\/tags?post=127647"}],"curies":[{"name":"wp","href":"https:\/\/api.w.org\/{rel}","templated":true}]}}