{"id":127650,"date":"2025-09-20T15:18:09","date_gmt":"2025-09-20T15:18:09","guid":{"rendered":"https:\/\/www.europesays.com\/es\/127650\/"},"modified":"2025-09-20T15:18:09","modified_gmt":"2025-09-20T15:18:09","slug":"sainz-torea-la-lluvia-y-es-segundo-en-baku-solo-superado-por-la-pole-de-verstappen","status":"publish","type":"post","link":"https:\/\/www.europesays.com\/es\/127650\/","title":{"rendered":"Sainz torea la lluvia y es segundo en Baku, s\u00f3lo superado por la pole de Verstappen"},"content":{"rendered":"<p data-mrf-recirculation=\"Links P\u00e1rrafos\" class=\"ue-c-article__paragraph paragraph ue-c-article--first-letter-highlighted\">Se lo merec\u00eda, por lo mucho que ha batallado y sufrido desde su llegada a <strong>Williams<\/strong>, y en el escenario m\u00e1s dif\u00edcil, por una ligera lluvia que apareci\u00f3 en Bak\u00fa en la Q3, <strong>Carlos Sainz sac\u00f3 lo mejor para torear en el mal terreno y se hizo con un maravilloso segundo<\/strong> puesto en la parrilla del GP de Azerbaiy\u00e1n, el mejor de su equipo <strong>desde Austria 2014, <\/strong>cuando Massa logr\u00f3 la \u00faltima pole de la hist\u00f3rica escuadra.<\/p>\n<p data-mrf-recirculation=\"Links P\u00e1rrafos\" class=\"ue-c-article__paragraph paragraph\"><strong>Oscar Piastri<\/strong> se fue al muro de forma estrepitosa, como Charles <strong>Leclerc <\/strong>antes, cuando fue frontal al no controlar el Ferrari en una<strong> l\u00edneas mojadas que eran \u00abcomo el hielo\u00bb, <\/strong>seg\u00fan reportaban por la radio. <strong>Norris estuvo a punto de darle la pole<\/strong> al espa\u00f1ol con otra bandera roja, pero se salv\u00f3 por poco y <strong>Max Vertstappen, rozando las paredes tambi\u00e9n, super\u00f3 finalmente al madrile\u00f1o por 0.478 <\/strong>en el \u00faltimo momento.<\/p>\n<p data-mrf-recirculation=\"Links P\u00e1rrafos\" class=\"ue-c-article__paragraph paragraph\">La <strong>parrilla est\u00e1 descabezada por completo, pero lo bueno es que Williams tiene buen ritmo de carrera en el FW47. <\/strong>No ser\u00e1 f\u00e1cil mantener la posici\u00f3n, pero los rivales que tiene por detr\u00e1s, <strong>Lawson, Antonelli y Russell, no lo tendr\u00e1n f\u00e1cil para pasar al espa\u00f1ol, <\/strong>que con los medios rodaba realmente bien el viernes,<\/p>\n<p data-mrf-recirculation=\"Links P\u00e1rrafos\" class=\"ue-c-article__paragraph paragraph\">\u00abEstoy muy contento, hemos acertado con el neum\u00e1tico y hemos hecho buenas vueltas en el momento adecuado.<strong> S\u00f3lo me ha superado Max. pero no me sorprende.<\/strong> Estamos segundos y podemos hacerlo bien en clasificaci\u00f3n y lo hemos demostrado.<strong> Para ma\u00f1ana intentar\u00e9 hacer todo lo posible para lograr el podio y d\u00e1rselo a Williams\u00bb<\/strong>, dec\u00eda el espa\u00f1ol sonriente a pie de pista.<\/p>\n<p data-mrf-recirculation=\"Links P\u00e1rrafos\" class=\"ue-c-article__paragraph paragraph\">Ser\u00e1 su objetivo, <strong>el primer podio del a\u00f1o, en un a\u00f1o en el que parec\u00eda una quimera<\/strong> estar en esa posici\u00f3n. Carlos eligi\u00f3 a los de Grove por la promesa de un progreso claro y devolverlos al sitio que merece su historia y este s\u00e1bado ha cumplido en parte las expectativas.<\/p>\n<p>Debacle McLaren<\/p>\n<p data-mrf-recirculation=\"Links P\u00e1rrafos\" class=\"ue-c-article__paragraph paragraph\">La <strong>cruz fue para McLaren,<\/strong> el equipo dominador, cuyos pilotos, con pista deslizante, se vieron sobrepasados por la situaci\u00f3n. Piastri se fue al muro y Norris estuvo a punto de seguir el mismo camino. <strong>Lando parte s\u00e9ptimo y Oscar noveno, <\/strong>con opciones de llegar al podio, pero en una carrera muy complicada para ambos.\u00a0<\/p>\n<p data-mrf-recirculation=\"Links P\u00e1rrafos\" class=\"ue-c-article__paragraph paragraph\"><strong>Ferrari<\/strong>, con el <strong>d\u00e9cimo de Leclerc y el 12\u00ba de Hamilton, por detr\u00e1s del propio Alonso, fue otro de los equipos zaheridos por el viento y la lluvia <\/strong>en Bak\u00fa. No habr\u00e1 primera victoria roja ni podio de Lewis con los de Maranello este fin de semana, a menos que llegue un vuelco hist\u00f3rico.<\/p>\n<p><img decoding=\"async\" width=\"370\" height=\"576\" class=\"ue-c-article__image lazyload\" alt=\"Tiempos finales tras la Q3.\" loading=\"lazy\" src=\"https:\/\/www.europesays.com\/es\/wp-content\/uploads\/2025\/09\/68ceb5c92b810.jpeg\"\/><\/p>\n<p>Tiempos finales tras la Q3.LTN<\/p>\n<p>Q2: Sainz pasaba con un vuelt\u00f3n y Alonso ca\u00eda por poco<\/p>\n<p data-mrf-recirculation=\"Links P\u00e1rrafos\" class=\"ue-c-article__paragraph paragraph\"><strong>Carlos se marc\u00f3 una vuelta impresionante<\/strong> con el compuesto medio, nada m\u00e1s empezar, lo que le vali\u00f3 <strong>su pase entre los mejores como noveno<\/strong>. Verstappen se impon\u00eda a Norris y Piastri y<strong> Hamilton, perjudicado por una bandera amarilla de Leclerc al inicio, no era capaz de reacciona<\/strong>r y estaba fuera (12\u00ba), cuando hab\u00eda estado mucho m\u00e1s entonado.<\/p>\n<p data-mrf-recirculation=\"Links P\u00e1rrafos\" class=\"ue-c-article__paragraph paragraph\"><strong>Alonso <\/strong>estaba dentro, pero con el tiempo ya cumplido <strong>era eliminado por 0.075, a manos de Yuki Tsunoda, <\/strong>con todo un Red Bull. Roz\u00f3 la heroicidad de nuevo con un coche que no lo val\u00eda ni de lejos. Stroll se quedaba fuera tambi\u00e9n por una racha de viento que hizo estragos toda la tarde en Bak\u00fa.<\/p>\n<p><img decoding=\"async\" width=\"372\" height=\"571\" class=\"ue-c-article__image lazyload\" alt=\"Tiempos de la Q2\" loading=\"lazy\" src=\"https:\/\/www.europesays.com\/es\/wp-content\/uploads\/2025\/09\/68cea8b03cbe6.jpeg\"\/><\/p>\n<p>Tiempos de la Q2LTN<\/p>\n<p>Q1: Alonso y Sainz pasaron<\/p>\n<p data-mrf-recirculation=\"Links P\u00e1rrafos\" class=\"ue-c-article__paragraph paragraph\">Fernando pas\u00f3 por meta <strong>dos segundos antes de una bandera roja<\/strong> por accidente <strong>doble de Gasly y Colapinto,<\/strong> \u00a1en la misma curva!.\u00a0<\/p>\n<p data-mrf-recirculation=\"Links P\u00e1rrafos\" class=\"ue-c-article__paragraph paragraph\">Lo hac\u00eda el asturiano como noveno tras una gran vuelta y justo por detr\u00e1s de Lance Stroll, en un golpe de mano de Aston Martin que no se esperaba en un principio.\u00a0<\/p>\n<p data-mrf-recirculation=\"Links P\u00e1rrafos\" class=\"ue-c-article__paragraph paragraph\">Y Carlos lograba entrar como 14\u00ba, tras un tiempo discreto, pero suficiente para calificarse entre los 15 mejores<\/p>\n<p data-mrf-recirculation=\"Links P\u00e1rrafos\" class=\"ue-c-article__paragraph paragraph\"><strong>Alex Albon,<\/strong> que tuvo un primer mal intento, apur\u00f3 en el segundo y se <strong>choc\u00f3 por dentro con el muro en la curva 1<\/strong>. La suspensi\u00f3n estaba rota y el tailand\u00e9s de Williams, <strong>eliminado<\/strong>. Un error claro que le obligar\u00e1 a remontar desde atr\u00e1s en la carrera para puntuar, aunque ya lo ha hecho en varias ocasiones este a\u00f1o.<\/p>\n<p><img decoding=\"async\" width=\"280\" height=\"580\" class=\"ue-c-article__image lazyload\" alt=\"Tiempos de la Q1\" loading=\"lazy\" src=\"https:\/\/www.europesays.com\/es\/wp-content\/uploads\/2025\/09\/68cea091e9af3.jpeg\"\/><\/p>\n<p>Tiempos de la Q1LTN<\/p>\n","protected":false},"excerpt":{"rendered":"Se lo merec\u00eda, por lo mucho que ha batallado y sufrido desde su llegada a Williams, y en&hellip;\n","protected":false},"author":2,"featured_media":127651,"comment_status":"","ping_status":"","sticky":false,"template":"","format":"standard","meta":{"footnotes":""},"categories":[270],"tags":[168,25,24,306,271,272,23,167],"class_list":{"0":"post-127650","1":"post","2":"type-post","3":"status-publish","4":"format-standard","5":"has-post-thumbnail","7":"category-formula-1","8":"tag-deportes","9":"tag-es","10":"tag-espana","11":"tag-f1","12":"tag-formula-1","13":"tag-formula1","14":"tag-spain","15":"tag-sports"},"share_on_mastodon":{"url":"","error":""},"_links":{"self":[{"href":"https:\/\/www.europesays.com\/es\/wp-json\/wp\/v2\/posts\/127650","targetHints":{"allow":["GET"]}}],"collection":[{"href":"https:\/\/www.europesays.com\/es\/wp-json\/wp\/v2\/posts"}],"about":[{"href":"https:\/\/www.europesays.com\/es\/wp-json\/wp\/v2\/types\/post"}],"author":[{"embeddable":true,"href":"https:\/\/www.europesays.com\/es\/wp-json\/wp\/v2\/users\/2"}],"replies":[{"embeddable":true,"href":"https:\/\/www.europesays.com\/es\/wp-json\/wp\/v2\/comments?post=127650"}],"version-history":[{"count":0,"href":"https:\/\/www.europesays.com\/es\/wp-json\/wp\/v2\/posts\/127650\/revisions"}],"wp:featuredmedia":[{"embeddable":true,"href":"https:\/\/www.europesays.com\/es\/wp-json\/wp\/v2\/media\/127651"}],"wp:attachment":[{"href":"https:\/\/www.europesays.com\/es\/wp-json\/wp\/v2\/media?parent=127650"}],"wp:term":[{"taxonomy":"category","embeddable":true,"href":"https:\/\/www.europesays.com\/es\/wp-json\/wp\/v2\/categories?post=127650"},{"taxonomy":"post_tag","embeddable":true,"href":"https:\/\/www.europesays.com\/es\/wp-json\/wp\/v2\/tags?post=127650"}],"curies":[{"name":"wp","href":"https:\/\/api.w.org\/{rel}","templated":true}]}}