{"id":127654,"date":"2025-09-20T15:24:07","date_gmt":"2025-09-20T15:24:07","guid":{"rendered":"https:\/\/www.europesays.com\/es\/127654\/"},"modified":"2025-09-20T15:24:07","modified_gmt":"2025-09-20T15:24:07","slug":"la-caza-irati-la-formula-sigue-funcionando-pero-da-sintomas-de-agotamiento","status":"publish","type":"post","link":"https:\/\/www.europesays.com\/es\/127654\/","title":{"rendered":"\u2018La caza. Irati\u2019. La f\u00f3rmula sigue funcionando, pero da s\u00edntomas de agotamiento"},"content":{"rendered":"<p>(3 estrellas)<\/p>\n<p class=\"\"><b>La cuarta temporada de <\/b><b>La caza<\/b><b> no arriesga y sigue los mismos patrones que convirtieron a las tres anteriores en un producto atractivo: <\/b>un thriller sencillo en su trama, entornos naturales de gran belleza rodados con maestr\u00eda y personajes interesantes. Sin embargo, esta vez lo son algo menos, ya que se percibe la sensaci\u00f3n de que queda poco por contar sobre ellos. Esto se nota en el desarrollo de la historia, donde la parte policial ha cedido protagonismo en favor de lo costumbrista.<\/p>\n<p class=\"\">El asesinato de una activista ecologista en los montes de Irati activa la intervenci\u00f3n de la UCO, con Sara Campos (Megan Montaner:) colaborando en la investigaci\u00f3n como psic\u00f3loga de la unidad de comportamiento. Como no est\u00e1 su inseparable compa\u00f1ero, el teniente Selva (F\u00e9lix G\u00f3mez), y se incorpora al equipo la capitana Gloria Menc\u00eda, interpretada por Silvia Alonso.<\/p>\n<p class=\"\"><b>Como en entregas anteriores, el crimen destapa una serie de secretos oscuros que permanec\u00edan latentes en el pueblo: estafas, enga\u00f1os, viejos rencores&#8230;<\/b> que no son m\u00e1s que cortinas de humo para desviar la atenci\u00f3n hacia distintos sospechosos. En esta ocasi\u00f3n, la mitolog\u00eda vasca \u2014al estilo de las novelas de Dolores Redondo\u2014 cobra un peso importante, sugiriendo al espectador que el bosque navarro est\u00e1 habitado por criaturas misteriosas.<\/p>\n<p class=\"\"><b>Tanto Sara como Selva tienen menos relevancia esta temporada:<\/b> sus personajes apenas evolucionan, y la psic\u00f3loga a\u00f1ade alg\u00fan fichaje relevante a su particular colecci\u00f3n de fantasmas. En cuanto a Silvia Alonso, su papel como nueva l\u00edder de la investigaci\u00f3n pasa pr\u00e1cticamente desapercibido. Por el contrario,<b> los secundarios brillan m\u00e1s que en otras ocasiones, con interpretaciones destacadas tanto de talentos consolidados como Roger Casamajor o Eloy Azor\u00edn,<\/b> como de nuevos descubrimientos: Claudia Salanueva, Pablo Louazel&#8230;<\/p>\n<p class=\"\">La serie ha mejorado a\u00fan m\u00e1s en su producci\u00f3n, con una<b> excelente direcci\u00f3n de fotograf\u00eda, aunque ha perdido el factor sorpresa.<\/b> Su atractivo reside ahora m\u00e1s en el apartado art\u00edstico que en el narrativo, algo similar a lo que ocurri\u00f3 con el reciente \u00e9xito de Netflix, \u2018Indomable\u2019.<\/p>\n<p class=\"\"><b>La cuarta temporada de \u2018La caza\u2019 est\u00e1 disponible en Movistar+ y consta de ocho episodios.<\/b><\/p>\n<p><img decoding=\"async\" src=\"https:\/\/www.europesays.com\/es\/wp-content\/uploads\/2025\/09\/CF3KWBAL3ZCZFAQNEENKVSHPMQ.jpg\" alt=\"La caza. Irati\" class=\"mm__img\"   width=\"1200\" height=\"675\" loading=\"lazy\"\/><\/p>\n<p>Ampliar<\/p>\n<p><b>\u00bfMerece la pena ver \u2018La caza. Irati\u2019?<\/b><\/p>\n<ul>\n<li>Thriller ameno, f\u00e1cil de ver y con una trama sencilla.<\/li>\n<li>Magn\u00edfica direcci\u00f3n de fotograf\u00eda en entornos de gran belleza.<\/li>\n<li>Gran reparto de secundarios que eleva una historia algo tramposa.<\/li>\n<\/ul>\n<p><b>\u00bfQu\u00e9 m\u00e1s series hay para ver?<\/b>Noticias relacionadas<\/p>\n<p class=\"\">Suscr\u00edbete al <a href=\"https:\/\/www.youtube.com\/@meristation\" target=\"_self\" rel=\"nofollow noopener\" title=\"https:\/\/www.youtube.com\/@meristation\">canal de MeriStation en YouTube<\/a>, tu web de videojuegos y entretenimiento para conocer todas las noticias y novedades sobre el mundo del videojuego, cine, series, manga y anime. An\u00e1lisis, entrevistas, tr\u00e1ileres, gameplays, p\u00f3dcast y mucho m\u00e1s. Tambi\u00e9n te animamos a seguir <a href=\"https:\/\/www.tiktok.com\/@meristation\" rel=\"nofollow noopener\" title=\"https:\/\/www.tiktok.com\/@meristation\" target=\"_blank\">nuestra cuenta de TikTok<\/a>. <\/p>\n<p class=\"\">\u00a1S\u00edguenos en ambas y, si est\u00e1s interesado en licenciar este contenido, pincha <a href=\"https:\/\/profesional.elpais.com\/soluciones-sindicacion?utm_medium=interno&amp;utm_source=crosslinking&amp;utm_campaign=sindicacion_as_pie_articulos\" target=\"_blank\" rel=\"nofollow noopener\" title=\"https:\/\/profesional.elpais.com\/soluciones-sindicacion?utm_medium=interno&amp;utm_source=crosslinking&amp;utm_campaign=sindicacion_as_pie_articulos\">aqu\u00ed<\/a>!<\/p>\n<p><script async src=\"\/\/www.tiktok.com\/embed.js\"><\/script><\/p>\n","protected":false},"excerpt":{"rendered":"(3 estrellas) La cuarta temporada de La caza no arriesga y sigue los mismos patrones que convirtieron a&hellip;\n","protected":false},"author":2,"featured_media":127655,"comment_status":"","ping_status":"","sticky":false,"template":"","format":"standard","meta":{"footnotes":""},"categories":[171],"tags":[146,147,25,24,23,214],"class_list":{"0":"post-127654","1":"post","2":"type-post","3":"status-publish","4":"format-standard","5":"has-post-thumbnail","7":"category-tv","8":"tag-entertainment","9":"tag-entretenimiento","10":"tag-es","11":"tag-espana","12":"tag-spain","13":"tag-tv"},"share_on_mastodon":{"url":"","error":""},"_links":{"self":[{"href":"https:\/\/www.europesays.com\/es\/wp-json\/wp\/v2\/posts\/127654","targetHints":{"allow":["GET"]}}],"collection":[{"href":"https:\/\/www.europesays.com\/es\/wp-json\/wp\/v2\/posts"}],"about":[{"href":"https:\/\/www.europesays.com\/es\/wp-json\/wp\/v2\/types\/post"}],"author":[{"embeddable":true,"href":"https:\/\/www.europesays.com\/es\/wp-json\/wp\/v2\/users\/2"}],"replies":[{"embeddable":true,"href":"https:\/\/www.europesays.com\/es\/wp-json\/wp\/v2\/comments?post=127654"}],"version-history":[{"count":0,"href":"https:\/\/www.europesays.com\/es\/wp-json\/wp\/v2\/posts\/127654\/revisions"}],"wp:featuredmedia":[{"embeddable":true,"href":"https:\/\/www.europesays.com\/es\/wp-json\/wp\/v2\/media\/127655"}],"wp:attachment":[{"href":"https:\/\/www.europesays.com\/es\/wp-json\/wp\/v2\/media?parent=127654"}],"wp:term":[{"taxonomy":"category","embeddable":true,"href":"https:\/\/www.europesays.com\/es\/wp-json\/wp\/v2\/categories?post=127654"},{"taxonomy":"post_tag","embeddable":true,"href":"https:\/\/www.europesays.com\/es\/wp-json\/wp\/v2\/tags?post=127654"}],"curies":[{"name":"wp","href":"https:\/\/api.w.org\/{rel}","templated":true}]}}