{"id":127659,"date":"2025-09-20T15:28:11","date_gmt":"2025-09-20T15:28:11","guid":{"rendered":"https:\/\/www.europesays.com\/es\/127659\/"},"modified":"2025-09-20T15:28:11","modified_gmt":"2025-09-20T15:28:11","slug":"panel-de-los-cdc-elimina-la-recomendacion-universal-de-vacunacion-contra-el-covid","status":"publish","type":"post","link":"https:\/\/www.europesays.com\/es\/127659\/","title":{"rendered":"Panel de los CDC elimina la recomendaci\u00f3n universal de vacunaci\u00f3n contra el Covid"},"content":{"rendered":"<p class=\"default__StyledText-sc-108h6at-0 iMTDFl body-paragraph\">Bloomberg \u2014 Un panel de nuevos asesores de vacunas elegidos por el secretario de Salud, <b>Robert F. Kennedy Jr.<\/b>, vot\u00f3 el viernes para <b>poner fin a la recomendaci\u00f3n universal <\/b>de los Centros para el Control y la Prevenci\u00f3n de Enfermedades de que <b>las personas de todas las edades se vacunen contra el Covid<\/b>, trasladando la decisi\u00f3n de los individuos a una que se tome en coordinaci\u00f3n con profesionales m\u00e9dicos.<\/p>\n<p class=\"default__StyledText-sc-108h6at-0 iMTDFl body-paragraph\">Las vacunas Covid han estado en el punto de mira desde que Kennedy, un cr\u00edtico de las vacunas, fue nombrado secretario de Sanidad.<\/p>\n<p class=\"default__StyledText-sc-108h6at-0 iMTDFl body-paragraph\"><b>Ver m\u00e1s: <\/b><a href=\"https:\/\/www.bloomberglinea.com\/mundo\/estados-unidos\/eeuu-aprueba-versiones-actualizadas-de-la-vacuna-contra-el-covid-19\/\" target=\"_self\" rel=\"nofollow noopener\" title=\"https:\/\/www.bloomberglinea.com\/mundo\/estados-unidos\/eeuu-aprueba-versiones-actualizadas-de-la-vacuna-contra-el-covid-19\/\">EE.UU. aprueba versiones actualizadas de la vacuna contra el Covid-19<\/a><\/p>\n<p class=\"default__StyledText-sc-108h6at-0 iMTDFl body-paragraph\"><b>\u201cCreemos que es apropiado que se discuta entre un proveedor m\u00e9dico y un paciente\u201d<\/b>, dijo el panelista Retsef Levi, profesor de gesti\u00f3n de operaciones en el Instituto Tecnol\u00f3gico de Massachusetts y l\u00edder del grupo de trabajo del panel sobre Covid. El grupo cree que la eficacia del refuerzo de Covid se basa en \u201cdatos y an\u00e1lisis de baja calidad\u201d, dijo, con preocupaciones sobre la seguridad que a\u00fan no se han abordado. <\/p>\n<p class=\"default__StyledText-sc-108h6at-0 iMTDFl body-paragraph\">Lea m\u00e1s en Bloomberg.com<\/p>\n","protected":false},"excerpt":{"rendered":"Bloomberg \u2014 Un panel de nuevos asesores de vacunas elegidos por el secretario de Salud, Robert F. Kennedy&hellip;\n","protected":false},"author":2,"featured_media":127660,"comment_status":"","ping_status":"","sticky":false,"template":"","format":"standard","meta":{"footnotes":""},"categories":[92],"tags":[41315,4425,4426,4427,4428,4429,4430,94,25,24,4434,4437,4438,165,87,4441,88,166,23,4445,4446,4447,4448,4449,1559,4450],"class_list":{"0":"post-127659","1":"post","2":"type-post","3":"status-publish","4":"format-standard","5":"has-post-thumbnail","7":"category-salud","8":"tag-2024uspolitics","9":"tag-american","10":"tag-americas","11":"tag-building","12":"tag-buildings","13":"tag-business-news","14":"tag-central-bank","15":"tag-economy","16":"tag-es","17":"tag-espana","18":"tag-exteriors","19":"tag-government","20":"tag-government-news","21":"tag-health","22":"tag-macro-economics","23":"tag-north-american","24":"tag-politics","25":"tag-salud","26":"tag-spain","27":"tag-stands","28":"tag-the-federal-reserve","29":"tag-u-s-government","30":"tag-u-s-a","31":"tag-united-states-of-america","32":"tag-us","33":"tag-usa"},"share_on_mastodon":{"url":"","error":""},"_links":{"self":[{"href":"https:\/\/www.europesays.com\/es\/wp-json\/wp\/v2\/posts\/127659","targetHints":{"allow":["GET"]}}],"collection":[{"href":"https:\/\/www.europesays.com\/es\/wp-json\/wp\/v2\/posts"}],"about":[{"href":"https:\/\/www.europesays.com\/es\/wp-json\/wp\/v2\/types\/post"}],"author":[{"embeddable":true,"href":"https:\/\/www.europesays.com\/es\/wp-json\/wp\/v2\/users\/2"}],"replies":[{"embeddable":true,"href":"https:\/\/www.europesays.com\/es\/wp-json\/wp\/v2\/comments?post=127659"}],"version-history":[{"count":0,"href":"https:\/\/www.europesays.com\/es\/wp-json\/wp\/v2\/posts\/127659\/revisions"}],"wp:featuredmedia":[{"embeddable":true,"href":"https:\/\/www.europesays.com\/es\/wp-json\/wp\/v2\/media\/127660"}],"wp:attachment":[{"href":"https:\/\/www.europesays.com\/es\/wp-json\/wp\/v2\/media?parent=127659"}],"wp:term":[{"taxonomy":"category","embeddable":true,"href":"https:\/\/www.europesays.com\/es\/wp-json\/wp\/v2\/categories?post=127659"},{"taxonomy":"post_tag","embeddable":true,"href":"https:\/\/www.europesays.com\/es\/wp-json\/wp\/v2\/tags?post=127659"}],"curies":[{"name":"wp","href":"https:\/\/api.w.org\/{rel}","templated":true}]}}