{"id":127671,"date":"2025-09-20T15:34:10","date_gmt":"2025-09-20T15:34:10","guid":{"rendered":"https:\/\/www.europesays.com\/es\/127671\/"},"modified":"2025-09-20T15:34:10","modified_gmt":"2025-09-20T15:34:10","slug":"una-mujer-muerta-y-un-herido-grave-en-un-accidente-en-la-a-2-al-chocar-un-coche-con-un-camion-en-zaragoza","status":"publish","type":"post","link":"https:\/\/www.europesays.com\/es\/127671\/","title":{"rendered":"Una mujer muerta y un herido grave en un accidente en la A-2 al chocar un coche con un cami\u00f3n en Zaragoza"},"content":{"rendered":"<p>            Una mujer muerta y un herido grave en un accidente en la A-2 al chocar un coche con un cami\u00f3n en Zaragoza                <\/p>\n<p>Una mujer muerta y un herido grave en un accidente en la A-2 al chocar un coche con un cami\u00f3n en Zaragoza<\/p>\n<p class=\"epigraph\">La colisi\u00f3n se ha producido en el carril de salida de la A-2 hacia el barrio de Santa Isabel<\/p>\n<p class=\"paragraph\">Una<b> mujer ha muerto y otra persona ha resultado herida de gravedad en un<a href=\"https:\/\/www.heraldo.es\/noticias\/aragon\/zaragoza\/2025\/09\/19\/herido-accidente-zaragoza-patinete-vehiculo-1855343.html\" title=\"Un herido en un accidente entre un patinete y un veh\u00edculo en la plaza Mozart de Zaragoza\" rel=\"nofollow noopener\" target=\"_blank\"> accidente de tr\u00e1fico<\/a> registrado este s\u00e1bado en Zaragoza<\/b>. El suceso se ha registrado sobre las 12.33 en la A-2, cuando un turismo ha chocado por alcance contra un cami\u00f3n articulado en el carril de salida hacia el barrio de Santa Isabel.\u00a0<\/p>\n<p>            Conforme a los criterios de<br \/>\n            <a class=\"trustproject_img\" id=\"trustproject_img\" href=\"https:\/\/thetrustproject.org\/\" target=\"_blank\" rel=\"nofollow noopener\" aria-label=\"Trust Project\"><img decoding=\"async\" loading=\"lazy\" src=\"https:\/\/www.heraldo.es\/images\/Trust-Logo-Horizontal.svg\" alt=\"Logo Trust Project\" width=\"200\" height=\"34\"\/><\/a><\/p>\n<p>        <a href=\"https:\/\/www.henneo.com\/\" title=\"Grupo Henneo\" class=\"logo\" rel=\"nofollow noopener\" target=\"_blank\"><br \/>\n            <img decoding=\"async\" src=\"https:\/\/www.heraldo.es\/images\/logo_henneo_gris.svg\" alt=\"Logo Henneo\" width=\"559\" height=\"389\" loading=\"lazy\"\/><br \/>\n        <\/a><\/p>\n<p>\u00a9 HERALDO DE ARAGON EDITORA, S.L.U.<br \/>Tel\u00e9fono 976 765 000 \/ &#8211; P\u00ba. Independencia, 29, 50001 Zaragoza &#8211; CIF: B99288763 &#8211; Inscrita en el Registro Mercantil de Zaragoza al Tomo 3796, Libro 0, Folio 177, Secci\u00f3n 8, Hoja Z-50564<br \/>Queda prohibida toda reproducci\u00f3n sin permiso escrito de la empresa a los efectos del art\u00edculo 32.1, p\u00e1rrafo segundo, de la Ley de Propiedad Intelectual<\/p>\n<p>\n                P\u00ba Independencia, 29, 50001 Zaragoza<br \/> Tel\u00e9fono 976 765 000\n            <\/p>\n<p>                    Actualmente tu navegador no permite ejecutar JavaScript. Para poder disfrutar de nuestro contenido es necesario que lo permita.<br \/>\n                                        <img decoding=\"async\" loading=\"lazy\" alt=\"Heraldo logo\" src=\"https:\/\/dkumiip2e9ary.cloudfront.net\/xalok\/heraldo\/especiales\/hola-de-nuevo\/logo-heraldo.svg\" width=\"215\" height=\"43\"\/><\/p>\n","protected":false},"excerpt":{"rendered":"Una mujer muerta y un herido grave en un accidente en la A-2 al chocar un coche con&hellip;\n","protected":false},"author":2,"featured_media":127672,"comment_status":"","ping_status":"","sticky":false,"template":"","format":"standard","meta":{"footnotes":""},"categories":[5],"tags":[4205,17,18,41318,13794,25,24,13,14,11,53,19,20,9,10,15,16,23,12,21,22,491],"class_list":{"0":"post-127671","1":"post","2":"type-post","3":"status-publish","4":"format-standard","5":"has-post-thumbnail","7":"category-titulares","8":"tag-accidente","9":"tag-breaking-news","10":"tag-breakingnews","11":"tag-camion","12":"tag-chocar","13":"tag-es","14":"tag-espana","15":"tag-featured-news","16":"tag-featurednews","17":"tag-headlines","18":"tag-herido","19":"tag-latest-news","20":"tag-latestnews","21":"tag-news","22":"tag-noticias","23":"tag-noticias-destacadas","24":"tag-noticiasdestacadas","25":"tag-spain","26":"tag-titulares","27":"tag-ultimas-noticias","28":"tag-ultimasnoticias","29":"tag-zaragoza"},"share_on_mastodon":{"url":"","error":""},"_links":{"self":[{"href":"https:\/\/www.europesays.com\/es\/wp-json\/wp\/v2\/posts\/127671","targetHints":{"allow":["GET"]}}],"collection":[{"href":"https:\/\/www.europesays.com\/es\/wp-json\/wp\/v2\/posts"}],"about":[{"href":"https:\/\/www.europesays.com\/es\/wp-json\/wp\/v2\/types\/post"}],"author":[{"embeddable":true,"href":"https:\/\/www.europesays.com\/es\/wp-json\/wp\/v2\/users\/2"}],"replies":[{"embeddable":true,"href":"https:\/\/www.europesays.com\/es\/wp-json\/wp\/v2\/comments?post=127671"}],"version-history":[{"count":0,"href":"https:\/\/www.europesays.com\/es\/wp-json\/wp\/v2\/posts\/127671\/revisions"}],"wp:featuredmedia":[{"embeddable":true,"href":"https:\/\/www.europesays.com\/es\/wp-json\/wp\/v2\/media\/127672"}],"wp:attachment":[{"href":"https:\/\/www.europesays.com\/es\/wp-json\/wp\/v2\/media?parent=127671"}],"wp:term":[{"taxonomy":"category","embeddable":true,"href":"https:\/\/www.europesays.com\/es\/wp-json\/wp\/v2\/categories?post=127671"},{"taxonomy":"post_tag","embeddable":true,"href":"https:\/\/www.europesays.com\/es\/wp-json\/wp\/v2\/tags?post=127671"}],"curies":[{"name":"wp","href":"https:\/\/api.w.org\/{rel}","templated":true}]}}