{"id":127679,"date":"2025-09-20T15:41:15","date_gmt":"2025-09-20T15:41:15","guid":{"rendered":"https:\/\/www.europesays.com\/es\/127679\/"},"modified":"2025-09-20T15:41:15","modified_gmt":"2025-09-20T15:41:15","slug":"alonso-y-hamilton-eliminados-en-la-segunda-ronda-de-la-calificacion-q2","status":"publish","type":"post","link":"https:\/\/www.europesays.com\/es\/127679\/","title":{"rendered":"Alonso y Hamilton, eliminados en la segunda ronda de la calificaci\u00f3n (Q2)"},"content":{"rendered":"<p class=\"mb-4 text-lg md:leading-8 break-words\">El espa\u00f1ol Fernando Alonso (Aston Martin), doble campe\u00f3n del mundo -con el und\u00e9cimo tiempo-, y el s\u00e9ptuple campe\u00f3n mundial ingl\u00e9s Lewis Hamilton (Ferrari) quedaron eliminados este s\u00e1bado en la segunda ronda (Q2) de la calificaci\u00f3n para el Gran Premio de Azerbaiy\u00e1n, el decimos\u00e9ptimo del Mundial de F1, que se disputa en el circuito urbano de Baku.<\/p>\n<p class=\"mb-4 text-lg md:leading-8 break-words\">El cu\u00e1druple campe\u00f3n mundial neerland\u00e9s Max Verstappen (Red Bull) marc\u00f3 el mejor tiempo de la ronda, al cubrir los 6.003 metros de la pista azerbaiyana -la cuarta m\u00e1s larga del Mundial- en un minuto, 41 segundos y 255 mil\u00e9simas -con el neum\u00e1tico medio-, 141 menos que el ingl\u00e9s Lando Norris y con 159 sobre el otro McLaren, el del australiano Oscar Piastri, l\u00edder del Mundial -ambos con gomas blandas-.<\/p>\n<p class=\"mb-4 text-lg md:leading-8 break-words\">La tercera ronda (Q3), reservada a los mejores diez, se disputar\u00e1 a continuaci\u00f3n.<\/p>\n<p class=\"mb-4 text-lg md:leading-8 break-words\">&#8211; Eliminados en la segunda ronda (Q2):<\/p>\n<p class=\"mb-4 text-lg md:leading-8 break-words\">11. Fernando Alonso ESP Aston Martin 1:41,85<\/p>\n<p class=\"mb-4 text-lg md:leading-8 break-words\">12. Lewis Hamilton GBR Ferrari 1:42,18<\/p>\n<p class=\"mb-4 text-lg md:leading-8 break-words\">13. Gabriel Bortoleto BRA Kick Sauber 1:42,27<\/p>\n<p class=\"mb-4 text-lg md:leading-8 break-words\">14. Lance Stroll CAN Aston Martin 1:43,06<\/p>\n<p class=\"mb-4 text-lg md:leading-8 break-words\">15. Oliver Bearman GBR Haas sin tiempo<\/p>\n<p class=\"mb-4 text-lg md:leading-8 break-words\">&#8211; Eliminados en la primera ronda (Q1):<\/p>\n<p class=\"mb-4 text-lg md:leading-8 break-words\">16. Franco Colapinto ARG Alpine 1:42,779<\/p>\n<p class=\"mb-4 text-lg md:leading-8 break-words\">17. Nico H\u00fclkenberg GER Kick Sauber 1:42,916<\/p>\n<p class=\"mb-4 text-lg md:leading-8 break-words\">18. Esteban Ocon FRA Haas 1:43,004<\/p>\n<p class=\"mb-4 text-lg md:leading-8 break-words\">19. Pierre Gasly FRA Alpine 1:43,139<\/p>\n<p class=\"mb-4 text-lg md:leading-8 break-words\">20. Alexander Albon THA Williams 1:44,778<\/p>\n<p class=\"mb-4 text-lg md:leading-8 break-words\">EFE<\/p>\n<p class=\"mb-4 text-lg md:leading-8 break-words\">arh<\/p>\n<p class=\"mb-4 text-lg md:leading-8 break-words\">(c) Agencia EFE<\/p>\n","protected":false},"excerpt":{"rendered":"El espa\u00f1ol Fernando Alonso (Aston Martin), doble campe\u00f3n del mundo -con el und\u00e9cimo tiempo-, y el s\u00e9ptuple campe\u00f3n&hellip;\n","protected":false},"author":2,"featured_media":127680,"comment_status":"","ping_status":"","sticky":false,"template":"","format":"standard","meta":{"footnotes":""},"categories":[270],"tags":[3077,168,25,24,306,2096,2091,271,272,2097,2099,23,167],"class_list":{"0":"post-127679","1":"post","2":"type-post","3":"status-publish","4":"format-standard","5":"has-post-thumbnail","7":"category-formula-1","8":"tag-aston-martin","9":"tag-deportes","10":"tag-es","11":"tag-espana","12":"tag-f1","13":"tag-fernando-alonso","14":"tag-ferrari","15":"tag-formula-1","16":"tag-formula1","17":"tag-lewis-hamilton","18":"tag-max-verstappen","19":"tag-spain","20":"tag-sports"},"share_on_mastodon":{"url":"","error":""},"_links":{"self":[{"href":"https:\/\/www.europesays.com\/es\/wp-json\/wp\/v2\/posts\/127679","targetHints":{"allow":["GET"]}}],"collection":[{"href":"https:\/\/www.europesays.com\/es\/wp-json\/wp\/v2\/posts"}],"about":[{"href":"https:\/\/www.europesays.com\/es\/wp-json\/wp\/v2\/types\/post"}],"author":[{"embeddable":true,"href":"https:\/\/www.europesays.com\/es\/wp-json\/wp\/v2\/users\/2"}],"replies":[{"embeddable":true,"href":"https:\/\/www.europesays.com\/es\/wp-json\/wp\/v2\/comments?post=127679"}],"version-history":[{"count":0,"href":"https:\/\/www.europesays.com\/es\/wp-json\/wp\/v2\/posts\/127679\/revisions"}],"wp:featuredmedia":[{"embeddable":true,"href":"https:\/\/www.europesays.com\/es\/wp-json\/wp\/v2\/media\/127680"}],"wp:attachment":[{"href":"https:\/\/www.europesays.com\/es\/wp-json\/wp\/v2\/media?parent=127679"}],"wp:term":[{"taxonomy":"category","embeddable":true,"href":"https:\/\/www.europesays.com\/es\/wp-json\/wp\/v2\/categories?post=127679"},{"taxonomy":"post_tag","embeddable":true,"href":"https:\/\/www.europesays.com\/es\/wp-json\/wp\/v2\/tags?post=127679"}],"curies":[{"name":"wp","href":"https:\/\/api.w.org\/{rel}","templated":true}]}}