{"id":127681,"date":"2025-09-20T15:42:16","date_gmt":"2025-09-20T15:42:16","guid":{"rendered":"https:\/\/www.europesays.com\/es\/127681\/"},"modified":"2025-09-20T15:42:16","modified_gmt":"2025-09-20T15:42:16","slug":"la-copa-galicia-de-baloncesto-femenino-en-imagenes-la-voz-de-galicia","status":"publish","type":"post","link":"https:\/\/www.europesays.com\/es\/127681\/","title":{"rendered":"La Copa Galicia de baloncesto femenino, en im\u00e1genes &#8211; La Voz de Galicia"},"content":{"rendered":"<ol>\n<li><a href=\"https:\/\/news.google.com\/rss\/articles\/CBMiwwFBVV95cUxPTGlHU0pZRTBVRm1rRWNwUWdheUlKNGpUOEFUTDNaOHNTVlpadk5VVks1LWROcWdqaW5HN1duck1JNnNtT1dNMWhJR0c1dHFtT1V0VHV1WTNybldjMXZ4R3oxWnNtUUdNdEVCc2FEWTNMdkZxTlM2ZlplNDZ2dVZGUjZSRkdka0RNZTNTRDV2cWxfM2ZIUmJNTktvMVZibkktRWlDZ19IX2Zhem4zVUE5QTN6RXcxeVFjR20xMmRhZkl0eWs?oc=5\" target=\"_blank\" rel=\"nofollow noopener\">La Copa Galicia de baloncesto femenino, en im\u00e1genes<\/a>&nbsp;&nbsp;La Voz de Galicia<\/li>\n<li><a href=\"https:\/\/news.google.com\/rss\/articles\/CBMioAFBVV95cUxNUmNtYXZYaC04ZGQ4UkpBMHhRcUpEb1pNTHoxeDR1RDV0RVcxZkJJSC10bng2QUZQdzBLLUNiNzY2alNUWmNZbGNpN0pfVjdJdi1NN2VjUHJJaXNYN2d4bUVsbGx5ZFFUdk9oSVNHMzJ1bFZCcmJVWE15Q1NaX0d3TmNmdU1wS240NnB6TWpobW9pU3N2WURLNG9DM1hNTlY5?oc=5\" target=\"_blank\" rel=\"nofollow noopener\">Los da\u00f1os del incendio forestal de Pant\u00f3n<\/a>&nbsp;&nbsp;La Voz de Galicia<\/li>\n<li><a href=\"https:\/\/news.google.com\/rss\/articles\/CBMi0wFBVV95cUxPcGZXZTl1MWozQlZVYmFKMVA4MnpsRGxIWkxVY2w2TWRxYlVvcnNVR0UtS2tNUHBya3VlT29BN1p1Q2VGOG1lb0k4bTE0WGY5NjNzb2txU05nTnBJcG1RdDJLR2JjLTVVbkFNZ0FlZk9aZ29oSXJ4RnhhZjhmX0lPM2xfMW1TVUVMaThBSkJLNm9yc3EyazlFOUFRRDdyVFY2dGpxYTJ1SklVZ2NDRGpkajJaQ1lMVVpfVzdZcHRqZlhzQWhEUWJneVBVN056SFQxUFFR0gHnAUFVX3lxTE1lRXUtZGVvR2NxTHhmckM4QkIyUnhyb3Y4eWxFalNlbGs4aVpDVHoya3lPalBGNDRDYVJqMk9OUzVxWnoyaC1GaWF0Q2p0UWlhUkMwb1gwbVVwanBCUGQwTWdSSXoyTzZ0S29abWd5SGVpUWc3SW5SOFA2VnJKeWUyNzVzRVppOElWc1JFMDVhVjZOajdYZHE3bEV3TGNDRmRfSEtiWGhob3k4WUc5MTRkQ2hJMUM5dUVJY2hfM3VCYi1FUGFjUEtmR2hpOUM1b1NHRXo4N1NpU01PQUdIWW5xeXNkR2lRSQ?oc=5\" target=\"_blank\" rel=\"nofollow noopener\">El patr\u00f3n del &#8216;Tafra 3&#8217; afirma en Vigo que el hundimiento en Mauritania fue \u00abmuy r\u00e1pido\u00bb<\/a>&nbsp;&nbsp;Cadena SER<\/li>\n<li><a href=\"https:\/\/news.google.com\/rss\/articles\/CBMimgFBVV95cUxNTEVsZ0FpTC1xTWZtYXZKcUdzMEJHOC1VOFZqY0lMTkFPTmVKWGZMYXE5Y0hXSTFmcmxuVElJVHVIaWl0TVQ3OVIyUDJaMS1pdjhsVG1UVnVFNm5sVEJEMG1velRocnFnNzh4aW94bXkwZHJMRnBfMDB5QWNMMVNaeG1HV1NxNF9XanVoREM3c2t5UUF1aWx2V2ZB0gGaAUFVX3lxTE4wS0JmYy1WVXNCaVBTLXBqLUtnS1hhYTR1dHdZOWVRMk0wdHJ3Ym90SEh4TkRlWEszZmM4eDA5NHR1bkJfS0hPWDBUT1NNcktMVEZ2Q2N0LVp6a1NrT3RsT2p2Si1kTGp1UmhCbDd3OV80TVlreHhDRHBMN2g5VnlKVHNFY2xFRkFyXzhFNG1lc2Z3dmdaYkFDZUE?oc=5\" target=\"_blank\" rel=\"nofollow noopener\">Javier Gestido, patr\u00f3n del barco gallego &#8216;Tafra 3&#8217;: \u00abEst\u00e1bamos parados pr\u00e1cticamente; no dio tiempo a nada\u00bb<\/a>&nbsp;&nbsp;El Peri\u00f3dico<\/li>\n<li><a href=\"https:\/\/news.google.com\/rss\/articles\/CBMi4gFBVV95cUxPaW5DLUZ3aldCRFNrQ3JhTEotQTZzblVuUjA3ZmNvWERCcVRXV1M1N1Q0SjREVjFYUHMwUHRtWUV3RDE0UjFjSHNVQXBlc25mVW9nMDNGa2xCSnNzRjYwRzRUV2ZuM3pxcFAzT0IxZDFkVXFjTDJRSkd5dHh2WjZya25CeU13UTctV2d3bGtueUMwZ3VwcThVRkFhcUFBV0t6VFdEVlg4V3pvdU9jemxhUFJzamZfdkNKenZKYlVHakhqdnRDZk9xa05YcU8xcDNzTWFINEMxOEhKal9iMzRsdHJ30gHiAUFVX3lxTE5pNk8yUzVQeEZlUUx4WmN5MXg2X0I5VUFvTGdoQndlcDBZZi1hdWdfeHdtOVlSSUZxUk9jcFlfcXlYY2RVSW9JUjE3UG1mVVBQc0ExLTNBY0FOUmpRZVVVR3JRQk1wTUpSS215YVdsMXVURHdRQ3VxM2xpdWxyLWsxeHFPUTVpM3ZWQ1pITkVsalAtOURyUnJsRE9fR05sVjJVSHJoYUxGMFhYVXlmU1F5Q0JBbS15OE9fd1h2X2QxcWo1enE4UTRlNERrTE9EVmZPcjFEQlJrcE9MMS1EOXl2Nmc?oc=5\" target=\"_blank\" rel=\"nofollow noopener\">Las im\u00e1genes del momento en el que un buque arrolla a un pesquero gallego en aguas de Mauritania<\/a>&nbsp;&nbsp;LaSexta<\/li>\n<\/ol>\n","protected":false},"excerpt":{"rendered":"La Copa Galicia de baloncesto femenino, en im\u00e1genes&nbsp;&nbsp;La Voz de Galicia Los da\u00f1os del incendio forestal de Pant\u00f3n&nbsp;&nbsp;La&hellip;\n","protected":false},"author":2,"featured_media":127682,"comment_status":"","ping_status":"","sticky":false,"template":"","format":"standard","meta":{"footnotes":""},"categories":[269],"tags":[299,11503,298,168,25,24,23,167,41029],"class_list":{"0":"post-127681","1":"post","2":"type-post","3":"status-publish","4":"format-standard","5":"has-post-thumbnail","7":"category-baloncesto","8":"tag-baloncesto","9":"tag-baloncesto-femenino","10":"tag-basketball","11":"tag-deportes","12":"tag-es","13":"tag-espana","14":"tag-spain","15":"tag-sports","16":"tag-universitario-ferrol"},"share_on_mastodon":{"url":"","error":""},"_links":{"self":[{"href":"https:\/\/www.europesays.com\/es\/wp-json\/wp\/v2\/posts\/127681","targetHints":{"allow":["GET"]}}],"collection":[{"href":"https:\/\/www.europesays.com\/es\/wp-json\/wp\/v2\/posts"}],"about":[{"href":"https:\/\/www.europesays.com\/es\/wp-json\/wp\/v2\/types\/post"}],"author":[{"embeddable":true,"href":"https:\/\/www.europesays.com\/es\/wp-json\/wp\/v2\/users\/2"}],"replies":[{"embeddable":true,"href":"https:\/\/www.europesays.com\/es\/wp-json\/wp\/v2\/comments?post=127681"}],"version-history":[{"count":0,"href":"https:\/\/www.europesays.com\/es\/wp-json\/wp\/v2\/posts\/127681\/revisions"}],"wp:featuredmedia":[{"embeddable":true,"href":"https:\/\/www.europesays.com\/es\/wp-json\/wp\/v2\/media\/127682"}],"wp:attachment":[{"href":"https:\/\/www.europesays.com\/es\/wp-json\/wp\/v2\/media?parent=127681"}],"wp:term":[{"taxonomy":"category","embeddable":true,"href":"https:\/\/www.europesays.com\/es\/wp-json\/wp\/v2\/categories?post=127681"},{"taxonomy":"post_tag","embeddable":true,"href":"https:\/\/www.europesays.com\/es\/wp-json\/wp\/v2\/tags?post=127681"}],"curies":[{"name":"wp","href":"https:\/\/api.w.org\/{rel}","templated":true}]}}