{"id":127687,"date":"2025-09-20T15:45:07","date_gmt":"2025-09-20T15:45:07","guid":{"rendered":"https:\/\/www.europesays.com\/es\/127687\/"},"modified":"2025-09-20T15:45:07","modified_gmt":"2025-09-20T15:45:07","slug":"un-arquitecto-espanol-cuenta-su-experiencia-en-un-nanopiso","status":"publish","type":"post","link":"https:\/\/www.europesays.com\/es\/127687\/","title":{"rendered":"un arquitecto espa\u00f1ol cuenta su experiencia en un nanopiso"},"content":{"rendered":"<p class=\"L6-news-detail__text\">Hong Kong. Una ciudad en la que al levantar la vista solo se ven rascacielos y donde el precio de la vivienda es el m\u00e1s alto del mundo. Comprar un piso es pr\u00e1cticamente imposible. Con el 60% del territorio dedicado a zonas verdes, siete millones de personas viven distribuidas en unos 700 kil\u00f3metros cuadrados de espacio urbano: la ecuaci\u00f3n perfecta para el surgimiento de los llamados \u2018nanopisos\u2019.<\/p>\n<p class=\"L6-news-detail__text\">Se trata de espacios diminutos, casi \u2018zulos\u2019, que oscilan entre siete y once metros cuadrados, donde incluso llegan a vivir familias. Uno de estos pisos lo ocupa desde hace un mes un arquitecto espa\u00f1ol, que abri\u00f3 su puerta a Equipo de Investigaci\u00f3n.<\/p>\n<p class=\"L6-news-detail__text\">Al visitarlo, lo encontramos comprando comida. \u00abYo no cocino en casa. Cualquier cosa que haga har\u00e1 que todo huela mal\u00bb, explica.<\/p>\n<p class=\"L6-news-detail__text\">\u00abHay de todo aqu\u00ed: estudiantes, inmigrantes de familias enteras de Filipinas e Indonesia\u2026 Incluso bares. Ah\u00ed, en la segunda planta, hay uno con su peque\u00f1a terraza\u00bb, a\u00f1ade.<\/p>\n<p class=\"L6-news-detail__text\">Su piso es de los m\u00e1s grandes del edificio: \u00abEs el segundo m\u00e1s grande. Aqu\u00ed est\u00e1 la cocina, el lavadero, y aqu\u00ed el ba\u00f1o. Ahora mismo est\u00e1s dentro de la ducha y se moja todo. Tengo lo m\u00ednimo para sobrevivir. El precio: mil euros al mes\u00bb.<\/p>\n<p class=\"L6-news-detail__text\">El arquitecto concluye: \u00abAlquilo este piso a una mujer china que ha creado su propia empresa para renovar pisos, subdividirlos y alquilarlos\u2026 Es un negocio bastante com\u00fan aqu\u00ed\u00bb.<\/p>\n<p class=\"L6-news-detail__text\"><b>*El contenido al que hace referencia la informaci\u00f3n forma parte de un programa de 2022 de laSexta.<\/b><\/p>\n<p class=\"L6-news-detail__text\"><b>*Puedes ver el programa completo en <\/b><b><a title=\"atresplayer\" href=\"https:\/\/www.atresplayer.com\/lasexta\/programas\/\" target=\"_blank\" rel=\"nofollow noopener\">atresplayer<\/a><\/b><b>.<\/b><\/p>\n<p class=\"L6-support-news-video__title\">Vive de las rentas<\/p>\n<p>            <a href=\"https:\/\/www.lasexta.com\/programas\/equipo-investigacion\/multipropietario-explica-equipo-investigacion-que-mudado-andorra-importante-parte-fiscal_2025091968cdd112394a81387390a8d0.html\" class=\"L6-news__link\" rel=\"nofollow noopener\" target=\"_blank\"><br \/>\n                Un multipropietario explica a Equipo de Investigaci\u00f3n por qu\u00e9 se ha mudado a Andorra: \u00abEs importante lo de la parte fiscal\u00bb<\/p>\n<p class=\"recirculation-video-desc\">Equipo de Investigaci\u00f3n entrevista a un multipropietario qu\u00e9 ha dejado nuestro pa\u00eds rumbo a Andorra.<\/p>\n<p>            <\/a><\/p>\n","protected":false},"excerpt":{"rendered":"Hong Kong. Una ciudad en la que al levantar la vista solo se ven rascacielos y donde el&hellip;\n","protected":false},"author":2,"featured_media":17899,"comment_status":"","ping_status":"","sticky":false,"template":"","format":"standard","meta":{"footnotes":""},"categories":[173],"tags":[229,233,231,230,232,234,146,147,25,24,23],"class_list":{"0":"post-127687","1":"post","2":"type-post","3":"status-publish","4":"format-standard","5":"has-post-thumbnail","7":"category-arte-y-diseno","8":"tag-arte","9":"tag-arte-y-diseno","10":"tag-arts","11":"tag-arts-and-design","12":"tag-design","13":"tag-diseno","14":"tag-entertainment","15":"tag-entretenimiento","16":"tag-es","17":"tag-espana","18":"tag-spain"},"share_on_mastodon":{"url":"","error":""},"_links":{"self":[{"href":"https:\/\/www.europesays.com\/es\/wp-json\/wp\/v2\/posts\/127687","targetHints":{"allow":["GET"]}}],"collection":[{"href":"https:\/\/www.europesays.com\/es\/wp-json\/wp\/v2\/posts"}],"about":[{"href":"https:\/\/www.europesays.com\/es\/wp-json\/wp\/v2\/types\/post"}],"author":[{"embeddable":true,"href":"https:\/\/www.europesays.com\/es\/wp-json\/wp\/v2\/users\/2"}],"replies":[{"embeddable":true,"href":"https:\/\/www.europesays.com\/es\/wp-json\/wp\/v2\/comments?post=127687"}],"version-history":[{"count":0,"href":"https:\/\/www.europesays.com\/es\/wp-json\/wp\/v2\/posts\/127687\/revisions"}],"wp:featuredmedia":[{"embeddable":true,"href":"https:\/\/www.europesays.com\/es\/wp-json\/wp\/v2\/media\/17899"}],"wp:attachment":[{"href":"https:\/\/www.europesays.com\/es\/wp-json\/wp\/v2\/media?parent=127687"}],"wp:term":[{"taxonomy":"category","embeddable":true,"href":"https:\/\/www.europesays.com\/es\/wp-json\/wp\/v2\/categories?post=127687"},{"taxonomy":"post_tag","embeddable":true,"href":"https:\/\/www.europesays.com\/es\/wp-json\/wp\/v2\/tags?post=127687"}],"curies":[{"name":"wp","href":"https:\/\/api.w.org\/{rel}","templated":true}]}}