{"id":127688,"date":"2025-09-20T15:47:10","date_gmt":"2025-09-20T15:47:10","guid":{"rendered":"https:\/\/www.europesays.com\/es\/127688\/"},"modified":"2025-09-20T15:47:10","modified_gmt":"2025-09-20T15:47:10","slug":"el-estreno-de-la-voz-en-antena-3-se-lleva-por-delante-a-carlo-costanzia-en-telecinco","status":"publish","type":"post","link":"https:\/\/www.europesays.com\/es\/127688\/","title":{"rendered":"el estreno de &#8216;La Voz&#8217; en Antena 3 se lleva por delante a Carlo Costanzia en Telecinco"},"content":{"rendered":"<p><img loading=\"lazy\" decoding=\"async\" src=\"https:\/\/www.europesays.com\/es\/wp-content\/uploads\/2025\/08\/100x100_informalia-logo.jpg\" itemtype=\"\/\/schema.org\/ImageObject\" itemprop=\"url\" alt=\"Informalia\" width=\"64\" height=\"64\" pinger-seen=\"true\"\/><\/p>\n<p>El estreno de La Voz en Antena 3 irrumpi\u00f3 con fuerza en la noche del viernes y se convirti\u00f3 en el l\u00edder indiscutible del prime time. El talent show musical <b>anot\u00f3 un 15,3% de cuota de pantalla<\/b> y reuni\u00f3 a casi 1,2 millones de espectadores (la cantidad m\u00e1s baja en un estreno), imponi\u00e9ndose a la competencia y arrebatando el trono a \u00a1De viernes! en Telecinco.<\/p>\n<p>El espacio presentado por Santi Acosta y Beatriz Archidona, que la semana pasada firmaba un 14,9%, cay\u00f3 hasta un 12,4% con 858.000 espectadores. La esperada entrevista con <b>Carlo Costanzia<\/b>, que hab\u00eda sido promocionada como gran reclamo, a rebufo del revuelo por las memorias de <b>Mar Flores<\/b> no fue suficiente para frenar el empuje del talent musical de Antena 3.<\/p>\n<p>La 1 opt\u00f3 por el cine en su prime y late night. La primera emisi\u00f3n, El pasajero, marc\u00f3 un 8,3% con 779.000 espectadores, mientras que la segunda, el cl\u00e1sico Cadena perpetua, mejor\u00f3 ligeramente con un 8,7% y 475.000 seguidores, sumando +0,4 puntos respecto a la primera pel\u00edcula.<\/p>\n<p>En el grupo Mediaset, Cuatro destac\u00f3 con el cine de acci\u00f3n. Mechanic: Resurrection alcanz\u00f3 un 8,5% de cuota con 749.000 espectadores, superando as\u00ed a La 1 en su primera franja. Por su parte, laSexta firm\u00f3 un 5% con Equipo de investigaci\u00f3n. El reportaje La guerra por una habitaci\u00f3n reuni\u00f3 a medio mill\u00f3n de personas, manteniendo la regularidad habitual del formato.<\/p>\n<p>La batalla de las tardes y los informativos<\/p>\n<p>M\u00e1s all\u00e1 del prime time, <b>la jornada del viernes dej\u00f3 tambi\u00e9n movimientos interesantes otras franjas<\/b>: Ana Rosa Quintana acelera y bate a Espejo P\u00fablico pero aunque comienza a despuntar en Telecinco frente a Susanna Griso en Antena 3, sigue lejos de Intxaurrondo o Ma\u00f1aneros, intratables.<\/p>\n<p>En la tarde, Sue\u00f1os de libertad campa a sus anchas en Antena 3, mientras que La Promesa y las ficciones de La 1 mantienen el tipo con magnificos datos. <b>Marta Flich y Gonzalo Mir\u00f3 se sit\u00faan con Directo Al Grano con una solidez<\/b> que les encumbra por encima de la media de La 1, y del doble d\u00edgito, aunque sin publicidad. Sonsoles \u00d3nega, que s\u00ed lleva anuncios, tambi\u00e9n resiste con esfuerzo en Antena 3, pero, con casi cuatro puntos por debajo de la media de su cadena, no aprovecha ni el arrastre de la ficci\u00f3n mas vista que le precede ni el remate impagable de Pasapalabra, ventajas que s\u00ed son suficientes para mantener a raya a Joaqu\u00edn Prat y a Jorge Javier, que se mantienen por detr\u00e1s y tampoco llegan a la media de Telecinco.<\/p>\n<p>En cuanto a informativos, Antena 3 contin\u00faa imbatible con sus ediciones habituales, que vuelven a liderar con claridad.<b> La 1 aguanta mientras que Telecinco sufre para sostenerse por encima del 8%<\/b> en un d\u00eda bueno como este viernes.<\/p>\n<p>Balance general<\/p>\n<p>El viernes confirma la fortaleza de Antena 3 en el prime time gracias al regreso de La Voz, que marca su peor estreno hist\u00f3rico en n\u00famero de espectadores, pero arrasa frente a sus rivales. Telecinco, pese al revuelo medi\u00e1tico en torno a Carlo Costanzia, no consigue retener a la audiencia de la semana anterior.<b> La 1 y Cuatro mantienen el tipo con el cine, y laSexta cumple con los reportajes de investigaci\u00f3n<\/b>.<\/p>\n<p>WhatsApp<a href=\"https:\/\/api.whatsapp.com\/send?text=https:\/\/www.eleconomista.es\/informalia\/television\/noticias\/13555103\/09\/25\/audiencias-del-viernes-el-estreno-de-la-voz-en-antena-3-se-lleva-por-delante-a-carlo-costanzia-en-telecinco.html?utm_source%3Dwhatsapp%26utm_medium%3Dshare_button&amp;id=1648118629957_whatsapp\" target=\"_blank\" data-action=\"share\/whatsapp\/share\" aria-label=\"Compartir en Whatsapp\" rel=\"nofollow noopener\"><\/a>Facebook<a id=\"fb-share\" href=\"#\" target=\"_blank\" rel=\"noopener noreferrer\" aria-label=\"Compartir en Facebook\"><\/a>Twitter<a href=\"https:\/\/twitter.com\/share?text=Audiencias+del+viernes%3A+el+estreno+de+%27La+Voz%27+en+Antena+3+se+lleva+por+delante+a+Carlo+Costanzia+en+Telecinco&amp;url=https:\/\/www.eleconomista.es\/informalia\/television\/noticias\/13555103\/09\/25\/audiencias-del-viernes-el-estreno-de-la-voz-en-antena-3-se-lleva-por-delante-a-carlo-costanzia-en-telecinco.html&amp;via=Informalia&amp;id=1648118839245_twitter\" target=\"_blank\" aria-label=\"Compartir en Twitter\" rel=\"nofollow noopener\"><\/a>Linkedin<a onclick=\"return abrirLinkedin();\" href=\"https:\/\/www.linkedin.com\/shareArticle?text=Audiencias+del+viernes%3A+el+estreno+de+%27La+Voz%27+en+Antena+3+se+lleva+por+delante+a+Carlo+Costanzia+en+Telecinco&amp;url=https:\/\/www.eleconomista.es\/informalia\/television\/noticias\/13555103\/09\/25\/audiencias-del-viernes-el-estreno-de-la-voz-en-antena-3-se-lleva-por-delante-a-carlo-costanzia-en-telecinco.html&amp;mini=true\" target=\"_blank\" aria-label=\"Compartir en linkedin\" rel=\"nofollow noopener\"><\/a>Beloud<a href=\"https:\/\/beloud.com\/share?text=Audiencias+del+viernes%3A+el+estreno+de+%27La+Voz%27+en+Antena+3+se+lleva+por+delante+a+Carlo+Costanzia+en+Telecinco&amp;url=https:\/\/www.eleconomista.es\/informalia\/television\/noticias\/13555103\/09\/25\/audiencias-del-viernes-el-estreno-de-la-voz-en-antena-3-se-lleva-por-delante-a-carlo-costanzia-en-telecinco.html&amp;via=Informalia&amp;id=1648118839245_beloud\" target=\"_blank\" aria-label=\"Compartir en beloud\" rel=\"nofollow noopener\"><\/a>Bluesky<a href=\"https:\/\/bsky.app\/intent\/compose?text=https:\/\/bsky.app\/intent\/compose?text=https:\/\/www.eleconomista.es\/informalia\/television\/noticias\/13555103\/09\/25\/audiencias-del-viernes-el-estreno-de-la-voz-en-antena-3-se-lleva-por-delante-a-carlo-costanzia-en-telecinco.html&amp;url=https:\/\/www.eleconomista.es\/informalia\/television\/noticias\/13555103\/09\/25\/audiencias-del-viernes-el-estreno-de-la-voz-en-antena-3-se-lleva-por-delante-a-carlo-costanzia-en-telecinco.html&amp;via=elEconomistaes&amp;id=1648118839245_bluesky\" target=\"_blank\" aria-label=\"Compartir en bluesky\" rel=\"nofollow noopener\"><\/a><\/p>\n<p><script async src=\"https:\/\/platform.twitter.com\/widgets.js\" charset=\"utf-8\"><\/script><\/p>\n","protected":false},"excerpt":{"rendered":"El estreno de La Voz en Antena 3 irrumpi\u00f3 con fuerza en la noche del viernes y se&hellip;\n","protected":false},"author":2,"featured_media":127689,"comment_status":"","ping_status":"","sticky":false,"template":"","format":"standard","meta":{"footnotes":""},"categories":[171],"tags":[146,147,25,24,23,807,214],"class_list":{"0":"post-127688","1":"post","2":"type-post","3":"status-publish","4":"format-standard","5":"has-post-thumbnail","7":"category-tv","8":"tag-entertainment","9":"tag-entretenimiento","10":"tag-es","11":"tag-espana","12":"tag-spain","13":"tag-television","14":"tag-tv"},"share_on_mastodon":{"url":"","error":""},"_links":{"self":[{"href":"https:\/\/www.europesays.com\/es\/wp-json\/wp\/v2\/posts\/127688","targetHints":{"allow":["GET"]}}],"collection":[{"href":"https:\/\/www.europesays.com\/es\/wp-json\/wp\/v2\/posts"}],"about":[{"href":"https:\/\/www.europesays.com\/es\/wp-json\/wp\/v2\/types\/post"}],"author":[{"embeddable":true,"href":"https:\/\/www.europesays.com\/es\/wp-json\/wp\/v2\/users\/2"}],"replies":[{"embeddable":true,"href":"https:\/\/www.europesays.com\/es\/wp-json\/wp\/v2\/comments?post=127688"}],"version-history":[{"count":0,"href":"https:\/\/www.europesays.com\/es\/wp-json\/wp\/v2\/posts\/127688\/revisions"}],"wp:featuredmedia":[{"embeddable":true,"href":"https:\/\/www.europesays.com\/es\/wp-json\/wp\/v2\/media\/127689"}],"wp:attachment":[{"href":"https:\/\/www.europesays.com\/es\/wp-json\/wp\/v2\/media?parent=127688"}],"wp:term":[{"taxonomy":"category","embeddable":true,"href":"https:\/\/www.europesays.com\/es\/wp-json\/wp\/v2\/categories?post=127688"},{"taxonomy":"post_tag","embeddable":true,"href":"https:\/\/www.europesays.com\/es\/wp-json\/wp\/v2\/tags?post=127688"}],"curies":[{"name":"wp","href":"https:\/\/api.w.org\/{rel}","templated":true}]}}