{"id":127704,"date":"2025-09-20T15:57:09","date_gmt":"2025-09-20T15:57:09","guid":{"rendered":"https:\/\/www.europesays.com\/es\/127704\/"},"modified":"2025-09-20T15:57:09","modified_gmt":"2025-09-20T15:57:09","slug":"lanzan-varios-artefactos-explosivos-contra-la-residencia-que-acogera-a-80-menores-migrantes-en-monforte-lugo","status":"publish","type":"post","link":"https:\/\/www.europesays.com\/es\/127704\/","title":{"rendered":"Lanzan varios artefactos explosivos contra la residencia que acoger\u00e1 a 80 menores migrantes en Monforte (Lugo)"},"content":{"rendered":"<p>La conselleira de Pol\u00edtica Social ha condenado \u00abcon toda la firmeza\u00bb los ataques, mientras el BNG se\u00f1ala a la \u00abpol\u00edtica ruin\u00bb de Rueda\n<\/p>\n<p><img fetchpriority=\"high\" class=\"voc-img\" src=\"https:\/\/www.europesays.com\/es\/wp-content\/uploads\/2025\/09\/centro_20250920133248-RfDz2oDrF4iCa9RWaQdod2H-1200x840@diario_abc.jpg\" loading=\"eager\" decoding=\"async\" alt=\"La Polic\u00eda investiga el ataque con c\u00f3cteles molotov al centro que acoger\u00e1 menores migrantes en Monforte (Lugo)\" width=\"1200\" height=\"840\"\/><\/p>\n<p>La Polic\u00eda investiga el ataque con c\u00f3cteles molotov al centro que acoger\u00e1 menores migrantes en Monforte (Lugo)    ep  <\/p>\n<p>20\/09\/2025<br \/>\n<br \/><strong><br \/>\nActualizado a las 15:48h.<br \/>\n<\/strong><\/p>\n<p class=\"voc-p\" style=\"\">El edificio residencial Francisco Su\u00e1rez de Monforte de Lemos (Lugo), que acoger\u00e1 a 80 menores migrantes no acompa\u00f1ados, ha amanecido este s\u00e1bado con desperfectos significativos tras <strong>haber sido atacado con varios c\u00f3cteles molotov<\/strong><strong>.<\/strong><\/p>\n<p class=\"voc-p\" style=\"\"><strong>La Polic\u00eda Nacional investiga los hechos<\/strong> que, seg\u00fan ha avanzado Europa Press, se habr\u00edan producido sobre las tres de la madrugada al ser esta la hora en la que salt\u00f3 la alarma del bajo del edificio, tras la explosi\u00f3n de las dos bombas incendiarias de fabricaci\u00f3n casera. <\/p>\n<p class=\"voc-p\" style=\"\">Como consecuencia, <strong>la parte del comedor,<\/strong> que fue donde se produjo el incendio, <strong>qued\u00f3 destrozada<\/strong> ocasionando numerosos da\u00f1os materiales y el resto del edificio est\u00e1 afectado por el humo.<\/p>\n<p class=\"voc-p\" style=\"\">Hasta el punto se desplazaron de madrugada los <strong>bomberos y agentes policiales<\/strong> y durante esta ma\u00f1ana la <strong>Polic\u00eda Cient\u00edfica<\/strong> para analizar el per\u00edmetro y recabar pruebas.<\/p>\n<p class=\"voc-p\" style=\"\"><strong>La conselleira de Pol\u00edtica Social, Fabiola Garc\u00eda, ha condenado \u00abcon toda la firmeza\u00bb los ataques <\/strong>y ha pedido \u00abprudencia\u00bb para que la Polic\u00eda Nacional contin\u00fae con la investigaci\u00f3n y \u00abaclarar cuanto antes\u00bb lo sucedido. <\/p>\n<p class=\"voc-p\" style=\"\">Sin embargo, la portavoz nacional del <strong>BNG<\/strong>, Ana Pont\u00f3n, se ha apresurado en apuntar a la \u00abpol\u00edtica ruin y partidista\u00bb de Rueda y el PP \u00abcon ni\u00f1os y ni\u00f1as que est\u00e1n solos, sin sus familias, y necesitan una oportunidad\u00bb. El secretario general del <strong>PSdeG<\/strong>, Jos\u00e9 Ram\u00f3n G\u00f3mez Besteiro, se\u00f1al\u00f3 a los \u00abdiscursos de odio\u00bb.<\/p>\n<p class=\"voc-p\" style=\"\">La Xunta anunci\u00f3 esta semana que <strong>al centro, que pertenece a la entidad social Prodeme,<\/strong> ir\u00e1n llegando los menores migrantes no acompa\u00f1ados que el Gobierno central tiene previsto trasladar a Galicia. <\/p>\n<p class=\"voc-p\" style=\"\">Este anuncio caus\u00f3 la reacci\u00f3n del alcalde socialista de la localidad y presidente de la Diputaci\u00f3n de Lugo, Jos\u00e9 Tom\u00e9, que <strong>critic\u00f3 que no se consultase antes la decisi\u00f3n<\/strong> con el ayuntamiento.<\/p>\n<p>Reportar un error<\/p>\n","protected":false},"excerpt":{"rendered":"La conselleira de Pol\u00edtica Social ha condenado \u00abcon toda la firmeza\u00bb los ataques, mientras el BNG se\u00f1ala a&hellip;\n","protected":false},"author":2,"featured_media":127705,"comment_status":"","ping_status":"","sticky":false,"template":"","format":"standard","meta":{"footnotes":""},"categories":[5],"tags":[2231,17,18,32313,1563,25,24,13,14,11,16599,19,20,7318,1567,890,19826,27284,9,10,15,16,10827,23,12,21,22],"class_list":{"0":"post-127704","1":"post","2":"type-post","3":"status-publish","4":"format-standard","5":"has-post-thumbnail","7":"category-titulares","8":"tag-acogera","9":"tag-breaking-news","10":"tag-breakingnews","11":"tag-cocteles","12":"tag-dos","13":"tag-es","14":"tag-espana","15":"tag-featured-news","16":"tag-featurednews","17":"tag-headlines","18":"tag-lanzan","19":"tag-latest-news","20":"tag-latestnews","21":"tag-lugo","22":"tag-menores","23":"tag-migrantes","24":"tag-molotov","25":"tag-monforte","26":"tag-news","27":"tag-noticias","28":"tag-noticias-destacadas","29":"tag-noticiasdestacadas","30":"tag-residencia","31":"tag-spain","32":"tag-titulares","33":"tag-ultimas-noticias","34":"tag-ultimasnoticias"},"share_on_mastodon":{"url":"","error":""},"_links":{"self":[{"href":"https:\/\/www.europesays.com\/es\/wp-json\/wp\/v2\/posts\/127704","targetHints":{"allow":["GET"]}}],"collection":[{"href":"https:\/\/www.europesays.com\/es\/wp-json\/wp\/v2\/posts"}],"about":[{"href":"https:\/\/www.europesays.com\/es\/wp-json\/wp\/v2\/types\/post"}],"author":[{"embeddable":true,"href":"https:\/\/www.europesays.com\/es\/wp-json\/wp\/v2\/users\/2"}],"replies":[{"embeddable":true,"href":"https:\/\/www.europesays.com\/es\/wp-json\/wp\/v2\/comments?post=127704"}],"version-history":[{"count":0,"href":"https:\/\/www.europesays.com\/es\/wp-json\/wp\/v2\/posts\/127704\/revisions"}],"wp:featuredmedia":[{"embeddable":true,"href":"https:\/\/www.europesays.com\/es\/wp-json\/wp\/v2\/media\/127705"}],"wp:attachment":[{"href":"https:\/\/www.europesays.com\/es\/wp-json\/wp\/v2\/media?parent=127704"}],"wp:term":[{"taxonomy":"category","embeddable":true,"href":"https:\/\/www.europesays.com\/es\/wp-json\/wp\/v2\/categories?post=127704"},{"taxonomy":"post_tag","embeddable":true,"href":"https:\/\/www.europesays.com\/es\/wp-json\/wp\/v2\/tags?post=127704"}],"curies":[{"name":"wp","href":"https:\/\/api.w.org\/{rel}","templated":true}]}}