{"id":127711,"date":"2025-09-20T16:06:06","date_gmt":"2025-09-20T16:06:06","guid":{"rendered":"https:\/\/www.europesays.com\/es\/127711\/"},"modified":"2025-09-20T16:06:06","modified_gmt":"2025-09-20T16:06:06","slug":"la-alineacion-del-rcd-espanyol-para-asaltar-el-bernabeu-y-situarse-lider-de-laliga","status":"publish","type":"post","link":"https:\/\/www.europesays.com\/es\/127711\/","title":{"rendered":"La alineaci\u00f3n del RCD Espanyol para asaltar el Bernab\u00e9u y situarse l\u00edder de LaLiga"},"content":{"rendered":"<p data-gtm-element-container=\"modulo-texto-link\" class=\"paragraph\">Ya es oficial la alineaci\u00f3n que pondr\u00e1 en liza esta tarde<strong> Manolo Gonz\u00e1lez<\/strong>, t\u00e9cnico de un <strong>RCD Espanyol <\/strong>que visitar\u00e1, a partir de las 16.15 horas, al <strong>Real Madrid<\/strong> con el objetivo de superar a los blancos en la tabla y situarse, as\u00ed, l\u00edder de LaLiga EA Sports.<\/p>\n<p data-gtm-element-container=\"modulo-texto-link\" class=\"paragraph\">El t\u00e9cnico lucense, que <a href=\"https:\/\/www.mundodeportivo.com\/futbol\/rcd-espanyol\/20250919\/1002534959\/manolo-gonzalez-historia-hizo-cristobal-colon-anos-creo-estadisticas.html\" target=\"_blank\" rel=\"nofollow noopener\">en la previa dej\u00f3 claro que los suyos piensan \u201cen ganar, no en ser l\u00edderes\u201d<\/a>, recurre al recuperado <strong>Edu Exp\u00f3sito<\/strong> para sustituir a su m\u00e1ximo goleador en este arranque liguero. Un <strong>Pere Milla<\/strong> que, despu\u00e9s de marcar su tercer gol del curso ante el <strong>Mallorca<\/strong>, fue expulsado con roja directa por decirle \u201ceres mal\u00edsimo\u201d a <strong>Alejandro Hern\u00e1ndez<\/strong>. Por lo dem\u00e1s, todo igual.<\/p>\n<p>Roberto, por delante de Kike Garc\u00eda<\/p>\n<p data-gtm-element-container=\"modulo-texto-link\" class=\"paragraph\">As\u00ed pues, el <strong>Espanyol <\/strong>formar\u00e1, en lo que se prev\u00e9 como un 4-2-3-1, con:<strong> Dmitrovic; Omar El Hilali, Calero, Cabrera, Carlos Romero; Urko, Pol Lozano; Dolan, Edu Exp\u00f3sito, Puado <\/strong>y <strong>Roberto Fern\u00e1ndez<\/strong>, referencia arriba en detrimento de <strong>Kike Garc\u00eda.<\/strong><\/p>\n<p>    Lee tambi\u00e9n<\/p>\n<p data-gtm-element-container=\"modulo-texto-link\" class=\"paragraph\">En el banquillo estar\u00e1n <strong>Fortu\u00f1o <\/strong>(p.s),<strong> Pol Trist\u00e1n <\/strong>(p.s), <strong>Rub\u00e9n S\u00e1nchez, Jos\u00e9 Salinas, Miguel Rubio, Riedel, Ramon Terrats, Pickel, Antoniu Roca, Javi Hern\u00e1ndez, Koleosho, Jofre <\/strong>y <strong>Kike.<\/strong><\/p>\n","protected":false},"excerpt":{"rendered":"Ya es oficial la alineaci\u00f3n que pondr\u00e1 en liza esta tarde Manolo Gonz\u00e1lez, t\u00e9cnico de un RCD Espanyol&hellip;\n","protected":false},"author":2,"featured_media":127712,"comment_status":"","ping_status":"","sticky":false,"template":"","format":"standard","meta":{"footnotes":""},"categories":[268],"tags":[168,25,24,280,282,281,23,167],"class_list":{"0":"post-127711","1":"post","2":"type-post","3":"status-publish","4":"format-standard","5":"has-post-thumbnail","7":"category-futbol","8":"tag-deportes","9":"tag-es","10":"tag-espana","11":"tag-football","12":"tag-futbol","13":"tag-soccer","14":"tag-spain","15":"tag-sports"},"share_on_mastodon":{"url":"","error":""},"_links":{"self":[{"href":"https:\/\/www.europesays.com\/es\/wp-json\/wp\/v2\/posts\/127711","targetHints":{"allow":["GET"]}}],"collection":[{"href":"https:\/\/www.europesays.com\/es\/wp-json\/wp\/v2\/posts"}],"about":[{"href":"https:\/\/www.europesays.com\/es\/wp-json\/wp\/v2\/types\/post"}],"author":[{"embeddable":true,"href":"https:\/\/www.europesays.com\/es\/wp-json\/wp\/v2\/users\/2"}],"replies":[{"embeddable":true,"href":"https:\/\/www.europesays.com\/es\/wp-json\/wp\/v2\/comments?post=127711"}],"version-history":[{"count":0,"href":"https:\/\/www.europesays.com\/es\/wp-json\/wp\/v2\/posts\/127711\/revisions"}],"wp:featuredmedia":[{"embeddable":true,"href":"https:\/\/www.europesays.com\/es\/wp-json\/wp\/v2\/media\/127712"}],"wp:attachment":[{"href":"https:\/\/www.europesays.com\/es\/wp-json\/wp\/v2\/media?parent=127711"}],"wp:term":[{"taxonomy":"category","embeddable":true,"href":"https:\/\/www.europesays.com\/es\/wp-json\/wp\/v2\/categories?post=127711"},{"taxonomy":"post_tag","embeddable":true,"href":"https:\/\/www.europesays.com\/es\/wp-json\/wp\/v2\/tags?post=127711"}],"curies":[{"name":"wp","href":"https:\/\/api.w.org\/{rel}","templated":true}]}}