{"id":127713,"date":"2025-09-20T16:07:10","date_gmt":"2025-09-20T16:07:10","guid":{"rendered":"https:\/\/www.europesays.com\/es\/127713\/"},"modified":"2025-09-20T16:07:10","modified_gmt":"2025-09-20T16:07:10","slug":"del-bonito-papel-pintado-a-la-casita-de-munecas","status":"publish","type":"post","link":"https:\/\/www.europesays.com\/es\/127713\/","title":{"rendered":"del bonito papel pintado a la casita de mu\u00f1ecas"},"content":{"rendered":"<p>Hace un a\u00f1o que Francisco Rivera\u00a0(51 a\u00f1os) y\u00a0Lourdes Montes\u00a0(41) anunciaban que estaban esperando su tercer hijo juntos. Este peque\u00f1o, llamado Nicol\u00e1s, <a href=\"https:\/\/www.lecturas.com\/actualidad\/lourdes-montes-su-bebe-brazos-habla-gran-sorpresa-que-se-llevo-postparto_175706\" rel=\"nofollow noopener\" target=\"_blank\">llegaba el pasado mes de abril<\/a>, ampliando la familia tras los nacimientos de Carmen, en 2015, y de Curro, en 2019. Llevaban tiempo buscando este tercer hijo, que ha llegado para iluminar sus vidas y en el que estar\u00edan totalmente centrados desde que naci\u00f3. El benjam\u00edn de la familia lleva ya varios meses conviviendo con sus padres y hermanos en casa, un hogar del que ahora hemos podido ver nuevos detalles en redes sociales, <strong>habi\u00e9ndonos conquistado el papel de pared de la habitaci\u00f3n infantil de Carmen.<\/strong><\/p>\n<p>El dormitorio infantil de la hija de Lourdes Montes<\/p>\n<p>Ya hace tiempo que hemos podido ver al completo\u00a0<a href=\"https:\/\/www.lecturas.com\/actualidad\/asi-es-casa-encanto-andaluz-francisco-rivera-lourdes-montes-sevilla-estilo-clasico-muy-luminosa-cargada-recuerdos_94487\" rel=\"nofollow noopener\" target=\"_blank\">la casa en Sevilla donde vive la familia<\/a>, una en la que nos conquistaba el gran ventanal que tiene el sal\u00f3n, en el que destaca un enorme sof\u00e1 azul y donde podemos encontrar diferentes objetos relacionados con el mundo del toro, al que se dedicaba el marido de Montes. A la dise\u00f1adora <strong>le apasionan las flores y detalles como las velas <\/strong>perfumadas, que abundan en las diferentes estancias de la casa, de la que ahora hemos podido ver un nuevo cuarto.<\/p>\n<p><img loading=\"lazy\" decoding=\"async\"   src=\"https:\/\/www.europesays.com\/es\/wp-content\/uploads\/2025\/09\/lourdes-montes-y-francisco-rivera_3eb40f4c_250920140749_1200x800.webp.webp\" alt=\"Lourdes Montes y Francisco Rivera\" class=\"lazyload\" width=\"1200\" height=\"800\" data-aspectratio=\"1200\/800\"\/>&#13;GTRES<\/p>\n<p>A trav\u00e9s de las historias temporales de la cuenta oficial de Instagram de la andaluza hemos podido ver una imagen en la que nos ha mostrado el que parece ser el cuarto de su hija mayor. En este destacada <strong>un precioso papel de pared floral de color verde oliva<\/strong> que cuenta con un estampado floral con diferentes flores en colores blanco y rosa.<\/p>\n<p><img loading=\"lazy\" decoding=\"async\"   src=\"https:\/\/www.europesays.com\/es\/wp-content\/uploads\/2025\/09\/lourdes-montes-dormitorio-infantil_75ef397e_250920140841_1200x1908.webp.webp\" alt=\"Lourdes Montes dormitorio infantil\" class=\"lazyload\" width=\"1200\" height=\"1908\" data-aspectratio=\"1200\/1908\"\/>&#13;@lmontesoficial<\/p>\n<p>Muy parecido a este es el edred\u00f3n de la cama de la peque\u00f1a, verde con un gran ribete burdeos, habi\u00e9ndonos apasionado la l\u00e1mpara de pie en color blanco que encontramos a los pies de la cama, <strong>una pieza muy especial de toque mid century<\/strong> que cuenta a su lado con una silla muy especial de madera con el asiento y el respaldo creados en rat\u00e1n natural. Por supuesto, el cuarto cuenta con muchos objetos infantiles como una gran alfombra puzzle muy colorida, mu\u00f1ecos por los suelos y alg\u00fan osito de peluche, que suponemos conviven juntos en esa <strong>gran casa de mu\u00f1ecas de color azul <\/strong>que se encuentra junto a la puerta del cuarto.<\/p>\n<p>Adem\u00e1s de esto, un detalle muy especial cuelga de las paredes, donde podemos ver algunas fotograf\u00edas de los hijos de la pareja.<\/p>\n<p><img decoding=\"async\" src=\"https:\/\/www.europesays.com\/es\/wp-content\/uploads\/2025\/09\/ana-maria-aldon-no-usar_420bfb70_250919123247_800x800.webp.webp\" alt=\"Ana Maria Aldon NO USAR\" class=\"image lazyload\"\/><img loading=\"lazy\" decoding=\"async\" src=\"https:\/\/www.europesays.com\/es\/wp-content\/uploads\/2025\/09\/ana-maria-aldon-no-usar_420bfb70_250919123257_1280x720.webp.webp\" alt=\"As\u00ed se sincer\u00f3 Ana Mar\u00eda Ald\u00f3n en la revista Lecturas: \u201cMe quise quitar de en medio por culpa de mi familia pol\u00edtico&quot;\" class=\"image lazyload\" width=\"1280\" height=\"720\" data-aspectratio=\"1280\/720\"\/>La nueva vida de Lourdes y Fran como familia numerosa<\/p>\n<p>Nicol\u00e1s ha sido el tercer hijo en com\u00fan de la pareja, cuarto para Rivera, que tambi\u00e9n es padre de Tana, fruto de su anterior relaci\u00f3n con\u00a0Eugenia Mart\u00ednez de Irujo. La llegada del peque\u00f1o ha sido una revoluci\u00f3n para todos, algo de lo que quiso hablar en el mes de mayo Lourdes con la revista \u2018\u00a1Hola!\u2019, confesando el papel que est\u00e1 llevando a cabo su marido en la crianza del peque\u00f1o, uno que deja bastante que desear y del que no tuvo problemas a la hora de hablar.<\/p>\n<p><img loading=\"lazy\" decoding=\"async\"   src=\"https:\/\/www.europesays.com\/es\/wp-content\/uploads\/2025\/09\/lourdes-montes_39894d9f_250920143851_1200x1851.webp.webp\" alt=\"Lourdes Montes\" class=\"lazyload\" width=\"1200\" height=\"1851\" data-aspectratio=\"1200\/1851\"\/>&#13;Instagram @lmontesoficial<\/p>\n<p>\u201cYo creo que, como est\u00e1 tan volcado en los otros dos, no se ha dado cuenta de que ven\u00eda.\u00a0<strong>No ha sido muy consciente hasta que ha llegado<\/strong>\u201d, explicaba, siendo clara a la hora de explicar que el exmatador estar\u00eda m\u00e1s centrado en Carmen y Curro que en las necesidades de Nicol\u00e1s. A pesar de no ayudarla todo lo que quisiera con el beb\u00e9, Lourdes tambi\u00e9n quiso a\u00f1adir que sus hijos \u00able adoran. Es muy divertido, juega mucho con ellos, bromea. Por otro lado, tambi\u00e9n les da mucha seguridad. <strong>Es el padre fuerte y protector que a los ni\u00f1os les da calma y paz<\/strong>\u00ab.<\/p>\n<p><img loading=\"lazy\" decoding=\"async\"   src=\"https:\/\/www.europesays.com\/es\/wp-content\/uploads\/2025\/09\/lourdes-montes-y-fran-rivera_a72d3aa3_250920142725_1200x800.webp.webp\" alt=\"Lourdes Montes y Fran Rivera\" class=\"lazyload\" width=\"1200\" height=\"800\" data-aspectratio=\"1200\/800\"\/>&#13;Gtres<br \/>\n<img decoding=\"async\" src=\"https:\/\/www.europesays.com\/es\/wp-content\/uploads\/2025\/09\/angelina-jolie_fff64913_250920133026_800x800.webp.webp\" alt=\"Angelina Jolie\" class=\"image lazyload\"\/><img loading=\"lazy\" decoding=\"async\" src=\"https:\/\/www.europesays.com\/es\/wp-content\/uploads\/2025\/09\/angelina-jolie_fff64913_250920133031_1280x720.webp.webp\" alt=\"Rhonda Rand, dermat\u00f3loga de Angelina Jolie (50 a\u00f1os): \u201cEs la protecci\u00f3n solar que usa la que realmente previene el envejecimiento m\u00e1s que cualquier otra cosa\u201d\" class=\"image lazyload\" width=\"1280\" height=\"720\" data-aspectratio=\"1280\/720\"\/><\/p>\n<p>Aun as\u00ed, esta es consciente de la gran suerte que tienen de haber formado esta familia, algo de lo que se siente muy agradecida cada d\u00eda y que comparte con su marido: \u00ab<strong>Le repito constantemente a Fran\u00a0la suerte que tienen los ni\u00f1os\u00a0de tenerle<\/strong>\u00ab, explicaba, estando muy contenta con la forma en la que se relaci\u00f3n padre e hijos y el enorme v\u00ednculo que han creado: \u00abYo veo la relaci\u00f3n de mis hijos con su padre y la valoro mucho. Con la relaci\u00f3n tan bonita que Carmen tiene con su padre, si le faltara\u2026 Me pongo angustiosa solo repensarlo\u00bb.\u00a0<\/p>\n","protected":false},"excerpt":{"rendered":"Hace un a\u00f1o que Francisco Rivera\u00a0(51 a\u00f1os) y\u00a0Lourdes Montes\u00a0(41) anunciaban que estaban esperando su tercer hijo juntos. Este&hellip;\n","protected":false},"author":2,"featured_media":127714,"comment_status":"","ping_status":"","sticky":false,"template":"","format":"standard","meta":{"footnotes":""},"categories":[174],"tags":[255,146,147,25,24,256,23],"class_list":{"0":"post-127713","1":"post","2":"type-post","3":"status-publish","4":"format-standard","5":"has-post-thumbnail","7":"category-famosos","8":"tag-celebrities","9":"tag-entertainment","10":"tag-entretenimiento","11":"tag-es","12":"tag-espana","13":"tag-famosos","14":"tag-spain"},"share_on_mastodon":{"url":"","error":""},"_links":{"self":[{"href":"https:\/\/www.europesays.com\/es\/wp-json\/wp\/v2\/posts\/127713","targetHints":{"allow":["GET"]}}],"collection":[{"href":"https:\/\/www.europesays.com\/es\/wp-json\/wp\/v2\/posts"}],"about":[{"href":"https:\/\/www.europesays.com\/es\/wp-json\/wp\/v2\/types\/post"}],"author":[{"embeddable":true,"href":"https:\/\/www.europesays.com\/es\/wp-json\/wp\/v2\/users\/2"}],"replies":[{"embeddable":true,"href":"https:\/\/www.europesays.com\/es\/wp-json\/wp\/v2\/comments?post=127713"}],"version-history":[{"count":0,"href":"https:\/\/www.europesays.com\/es\/wp-json\/wp\/v2\/posts\/127713\/revisions"}],"wp:featuredmedia":[{"embeddable":true,"href":"https:\/\/www.europesays.com\/es\/wp-json\/wp\/v2\/media\/127714"}],"wp:attachment":[{"href":"https:\/\/www.europesays.com\/es\/wp-json\/wp\/v2\/media?parent=127713"}],"wp:term":[{"taxonomy":"category","embeddable":true,"href":"https:\/\/www.europesays.com\/es\/wp-json\/wp\/v2\/categories?post=127713"},{"taxonomy":"post_tag","embeddable":true,"href":"https:\/\/www.europesays.com\/es\/wp-json\/wp\/v2\/tags?post=127713"}],"curies":[{"name":"wp","href":"https:\/\/api.w.org\/{rel}","templated":true}]}}