{"id":127715,"date":"2025-09-20T16:08:10","date_gmt":"2025-09-20T16:08:10","guid":{"rendered":"https:\/\/www.europesays.com\/es\/127715\/"},"modified":"2025-09-20T16:08:10","modified_gmt":"2025-09-20T16:08:10","slug":"spencer-tunick-el-fotografo-de-los-desnudos-masivos-captura-el-alma-de-granada-cultura","status":"publish","type":"post","link":"https:\/\/www.europesays.com\/es\/127715\/","title":{"rendered":"Spencer Tunick, el fot\u00f3grafo de los desnudos masivos, captura el alma de Granada | Cultura"},"content":{"rendered":"<p class=\"\">Hace semanas que <a href=\"https:\/\/elpais.com\/cultura\/2016\/06\/05\/actualidad\/1465143525_558150.html\" target=\"_self\" rel=\"nofollow noopener\" title=\"https:\/\/elpais.com\/cultura\/2016\/06\/05\/actualidad\/1465143525_558150.html\">Spencer Tunick,<\/a> el artista neoyorquino que fotograf\u00eda grandes masas de personas desnudas en distintos lugares del mundo, abri\u00f3 la inscripci\u00f3n para una cita en Granada. M\u00e1s de 2.000 personas se apuntaron y alrededor de 1.000 han aparecido esta ma\u00f1ana de s\u00e1bado de septiembre en el olivar granadino en el que estaban convocados. La raz\u00f3n para acudir, en general, era vivir la experiencia. Luego, como en todo, aparecen tambi\u00e9n razones m\u00e1s alambicadas. Josefina Fern\u00e1ndez, de Macael (Almer\u00eda): \u201cQuer\u00eda comprobar que pod\u00eda quedarme desnuda delante de tanta gente; adem\u00e1s, me encanta la fusi\u00f3n entre fotograf\u00eda y paisaje\u201d. Grace Ortega y Juan Abell\u00e1n, reci\u00e9n \u201cestrenados como seniors\u201d, comentan, buscaban vivir \u201cuna experiencia \u00fanica\u201d. Ella es artista, adem\u00e1s, y <a href=\"https:\/\/elpais.com\/cultura\/2016\/06\/05\/actualidad\/1465143525_558150.html\" target=\"_self\" rel=\"nofollow noopener\" title=\"https:\/\/elpais.com\/cultura\/2016\/06\/05\/actualidad\/1465143525_558150.html\">sigue el trabajo de Tunick.<\/a> Como Jes\u00fas Rosado, que desde Segovia ha viajado a los cuatro lugares de Espa\u00f1a en los que el fot\u00f3grafo ha actuado. El escenario, pintoresco para el neoyorquino, lo compon\u00eda un peque\u00f1o ej\u00e9rcito de olivos de peque\u00f1o porte, de un dos o tres a\u00f1os de edad. Los voluntarios, adem\u00e1s de desnudos, deb\u00edan pintarse de verde. <\/p>\n<p>M\u00e1s informaci\u00f3n<\/p>\n<p class=\"\">Atr\u00e1s queda \u2015cuatro d\u00e9cadas, de hecho\u2015 el tiempo en el que Spencer Tunick repart\u00eda folletos a mano durante horas <a href=\"https:\/\/elpais.com\/cultura\/2016\/06\/05\/actualidad\/1465143525_558150.html\" target=\"_self\" rel=\"nofollow noopener\" title=\"https:\/\/elpais.com\/cultura\/2016\/06\/05\/actualidad\/1465143525_558150.html\">para reclutar voluntarios para sus fotograf\u00edas. <\/a>Las hac\u00eda en Nueva York, en 1992, y con una sola persona. Eran acciones semiclandestinas y con un horario limitado: al amanecer de los fines de semana de la \u00e9poca c\u00e1lida. Un par de a\u00f1os despu\u00e9s, los voluntarios superaban el centenar y Tunick ya no dispon\u00eda de fines de semana suficientes para fotografiar a todos uno a uno. Comenz\u00f3 entonces, a peque\u00f1a escala aun, lo que ahora hace de Tunick un fot\u00f3grafo mundialmente reconocido. <\/p>\n<p class=\"\">A aquella primera cita convoc\u00f3 a 100 y se presentaron 28. Este s\u00e1bado de mediados de septiembre, la situaci\u00f3n ha cambiado radicalmente. Si antes su actividad era semiclandestina por temor a la polic\u00eda \u2015aunque en Nueva York el desnudo por razones art\u00edsticas es legal, apunta, algo que no ocurre en otros estados\u2015, ahora no desvela la localizaci\u00f3n de sus instalaciones hasta el \u00faltimo momento porque no quiere que \u201cnadie vaya antes a hacer fotos o a preparar su posado\u201d. <\/p>\n<p><img decoding=\"auto\" class=\"_re lazyload a_m-h\" height=\"276\"  width=\"414\"  src=\"https:\/\/www.europesays.com\/es\/wp-content\/uploads\/2025\/09\/XRMNRGB2TRAUPJCZTRQM3VZOHE.jpg\" loading=\"lazy\"\/>Spencer Tunick, durante su sesi\u00f3n fotogr\u00e1fica &#8216;Retrato Alhambra 1925&#8217;, hoy s\u00e1bado 20 de septiembre en Albolote (Granada).\u00c1lex C\u00e1mara<\/p>\n<p class=\"\">Tunick ha disparado decenas de veces en esta jornada granadina pero finalmente solo entregar\u00e1 una al contratante, en este caso una empresa cervezera, para la que ha creado la obra Retrato Alhambra 1925. Tambi\u00e9n los voluntarios ser\u00e1n remunerados con una copia por su esfuerzo. La jornada art\u00edstica, que el sol no ha puesto f\u00e1cil, ha comenzado a las ocho de la ma\u00f1ana, con la llegada de los voluntarios, de varias decenas de nacionalidades. De Reino Unido, por ejemplo, ven\u00eda el grupo de Hanna, que cuenta que ha llegado con tres personas m\u00e1s porque se animaron mientras beb\u00edan en un pub londinense. Buscaron la siguiente instalaci\u00f3n de Tunick, que result\u00f3 ser la de Granada, y se inscribieron. <\/p>\n<p class=\"\">La primera tarea de los voluntarios ha sido pintarse de verde. Para ello, han recibido un tarro de pintura, espec\u00edficamente creada para la ocasi\u00f3n y apta para el cuerpo humano. Con la mano, cada uno se ha te\u00f1ido el frontal de su cuerpo y alguien ha tenido que ayudarles para la espalda. \u201cLa primera ducha de agua y jab\u00f3n debe eliminar toda la pintura; si no, a la segunda\u201d, aclara el artista. <a href=\"https:\/\/elpais.com\/elpais\/2018\/10\/03\/album\/1538592633_717962.html\" target=\"_self\" rel=\"nofollow noopener\" title=\"https:\/\/elpais.com\/elpais\/2018\/10\/03\/album\/1538592633_717962.html\">La mezcla de desnudez y pintura no es frecuente en la fotograf\u00eda de Tunick<\/a> pero tampoco es la primera vez que ocurre. Comenz\u00f3, recuerda el artista a EL PA\u00cdS, en el festival The Big Chill, en 2010, en Nueva York y lo repite de cuando en cuando. <\/p>\n<p><img decoding=\"auto\" class=\"_re lazyload a_m-h\" height=\"276\"  width=\"414\"  src=\"https:\/\/www.europesays.com\/es\/wp-content\/uploads\/2025\/09\/A3DDQNVPRFF3XPUB2VWQEY6JK4.jpg\" loading=\"lazy\"\/>Cientos de voluntarios desnudos participan en la sesi\u00f3n fotogr\u00e1fica de Spencer Tunick, hoy s\u00e1bado 20 de septiembre en Albolote (Granada).\u00c1lex C\u00e1mara<\/p>\n<p class=\"\">Como tampoco es frecuente en este artista, mucho m\u00e1s urbano que rural, el uso de entornos como el de este s\u00e1bado, en el t\u00e9rmino municipal de Albolote. En una charla con los medios previa a la instalaci\u00f3n, Tunick ha rechazado esa idea de que el ser humano y la naturaleza sean algo a considerar \u00edntimamente unido. Para \u00e9l, las personas son elementos urbanos sin lugar a dudas y el trabajo de este s\u00e1bado era m\u00e1s llevar la ciudad al campo que unir dos elementos naturales. <\/p>\n<p class=\"\">Poco antes de las 11 de la ma\u00f1ana, cientos de personas asomaban al fondo del olivar, que los esperaba con sus \u00e1rboles en perfecta alineaci\u00f3n geom\u00e9trica. De hecho, la elecci\u00f3n del entorno para esta acci\u00f3n tiene su origen en esa perfecci\u00f3n precisamente. En su primer viaje a Granada, en coche, el artista vio a trav\u00e9s de la ventanilla una formaci\u00f3n que le record\u00f3 \u201cprimero a Roy Lichtenstein y su arte pop y luego, a ej\u00e9rcitos marchando en diferentes direcciones, una cosa militarista\u201d. \u201cCuando ca\u00ed en que aquello era naturaleza, decid\u00ed que ser\u00eda interesante<a href=\"https:\/\/elpais.com\/elpais\/2018\/10\/03\/album\/1538592633_717962.html\" target=\"_self\" rel=\"nofollow noopener\" title=\"https:\/\/elpais.com\/elpais\/2018\/10\/03\/album\/1538592633_717962.html\"> incluir figuras humanas en ese entorno y<\/a> luego cambiar el color de los cuerpos\u201d, agrega. <\/p>\n<p class=\"\">Realiza finalmente su primera instalaci\u00f3n con el color verde, mientras rememora para este diario que su primer intento fue en 2012, para una instalaci\u00f3n contra una planta nuclear en Nueva York que, finalmente, no se llev\u00f3 a cabo. Lo parad\u00f3jico es que era una acci\u00f3n de protesta medioambiental encargada por Robert Kennedy Jr., el actual ministro de Salud antivacunas del gobierno de Trump.<\/p>\n<p><img decoding=\"auto\" class=\"_re lazyload a_m-h\" height=\"276\"  width=\"414\"  src=\"https:\/\/www.europesays.com\/es\/wp-content\/uploads\/2025\/09\/3JNJGME6Z5A73B66U6BRSUZFUA.jpg\" loading=\"lazy\"\/>Spencer Tunick, con el meg\u00e1fono, durante la sesi\u00f3n fotogr\u00e1fica.\u00c1lex C\u00e1mara<\/p>\n<p class=\"\">Media hora despu\u00e9s de la llegada al olivar de los voluntarios, Tunick ya siente que puede comenzar a disparar su c\u00e1mara. Antes, desde un lugar elevado ha dado instrucciones a los voluntarios para la primera de las tres escenas planificadas para la sesi\u00f3n. La preparaci\u00f3n ha requerido mover a gente de un lado a otro, retrasar a algunas personas por ser demasiado grandes, distribuirlos seg\u00fan su criterio, etc.<a href=\"https:\/\/elpais.com\/elpais\/2018\/10\/03\/album\/1538592633_717962.html\" target=\"_self\" rel=\"nofollow noopener\" title=\"https:\/\/elpais.com\/elpais\/2018\/10\/03\/album\/1538592633_717962.html\"> Media hora de instrucciones y movimientos en definitiva.<\/a> A partir de ah\u00ed, a fotografiar de posturas diversas: \u201cBrazos abajo\u201d, \u201cmanos al coraz\u00f3n\u201d, \u201cmiramos al suelo\u201d, \u201cnos damos la vuelta y miramos a la monta\u00f1a que hay detr\u00e1s\u201d, \u201cmanos juntas, como rezando\u201d. Entre medias, varios desvanecimientos y mareos por el sol que ha empezado a apretar antes de tiempo. Las otras dos escenas, una segunda con claveles rojos y una tercera que al principio de la ma\u00f1ana anunci\u00f3 como \u201cla m\u00e1s provocativa\u201d, las ha completado sin presencia de la prensa, que solo pudo observar la primera. <\/p>\n<p class=\"\">Los d\u00edas anteriores se sent\u00eda seguro, sin nervios. \u201cNunca me preocupa mi capacidad para hacer una obra que me guste. S\u00e9 que eso puedo hacerlo\u201d. En las pr\u00f3ximas semanas, el autor aquilatar\u00e1 el trabajo de este s\u00e1bado y dar\u00e1 a conocer la fotograf\u00eda que, en su opini\u00f3n, mejor refleje lo ocurrido en Granada. <\/p>\n<p><img decoding=\"auto\" class=\"_re lazyload a_m-h\" height=\"276\"  width=\"414\"  src=\"https:\/\/www.europesays.com\/es\/wp-content\/uploads\/2025\/09\/AGHSQ6EQI5ENRN2UK6RJUNF64A.jpg\" loading=\"lazy\"\/>Uno de los modelos voluntarios para el proyecto fotogr\u00e1fico de Spencer Tunick, hoy s\u00e1bado 20 de septiembre en Albolote (Granada).\u00c1lex C\u00e1mara<\/p>\n","protected":false},"excerpt":{"rendered":"Hace semanas que Spencer Tunick, el artista neoyorquino que fotograf\u00eda grandes masas de personas desnudas en distintos lugares&hellip;\n","protected":false},"author":2,"featured_media":127716,"comment_status":"","ping_status":"","sticky":false,"template":"","format":"standard","meta":{"footnotes":""},"categories":[173],"tags":[229,233,231,230,209,232,41324,234,146,147,25,24,244,10328,23,6878,226],"class_list":{"0":"post-127715","1":"post","2":"type-post","3":"status-publish","4":"format-standard","5":"has-post-thumbnail","7":"category-arte-y-diseno","8":"tag-arte","9":"tag-arte-y-diseno","10":"tag-arts","11":"tag-arts-and-design","12":"tag-cultura","13":"tag-design","14":"tag-desnudo-pictorico","15":"tag-diseno","16":"tag-entertainment","17":"tag-entretenimiento","18":"tag-es","19":"tag-espana","20":"tag-fotografia","21":"tag-fotografos","22":"tag-spain","23":"tag-spencer-tunick","24":"tag-viajes"},"share_on_mastodon":{"url":"","error":""},"_links":{"self":[{"href":"https:\/\/www.europesays.com\/es\/wp-json\/wp\/v2\/posts\/127715","targetHints":{"allow":["GET"]}}],"collection":[{"href":"https:\/\/www.europesays.com\/es\/wp-json\/wp\/v2\/posts"}],"about":[{"href":"https:\/\/www.europesays.com\/es\/wp-json\/wp\/v2\/types\/post"}],"author":[{"embeddable":true,"href":"https:\/\/www.europesays.com\/es\/wp-json\/wp\/v2\/users\/2"}],"replies":[{"embeddable":true,"href":"https:\/\/www.europesays.com\/es\/wp-json\/wp\/v2\/comments?post=127715"}],"version-history":[{"count":0,"href":"https:\/\/www.europesays.com\/es\/wp-json\/wp\/v2\/posts\/127715\/revisions"}],"wp:featuredmedia":[{"embeddable":true,"href":"https:\/\/www.europesays.com\/es\/wp-json\/wp\/v2\/media\/127716"}],"wp:attachment":[{"href":"https:\/\/www.europesays.com\/es\/wp-json\/wp\/v2\/media?parent=127715"}],"wp:term":[{"taxonomy":"category","embeddable":true,"href":"https:\/\/www.europesays.com\/es\/wp-json\/wp\/v2\/categories?post=127715"},{"taxonomy":"post_tag","embeddable":true,"href":"https:\/\/www.europesays.com\/es\/wp-json\/wp\/v2\/tags?post=127715"}],"curies":[{"name":"wp","href":"https:\/\/api.w.org\/{rel}","templated":true}]}}