{"id":127719,"date":"2025-09-20T16:12:16","date_gmt":"2025-09-20T16:12:16","guid":{"rendered":"https:\/\/www.europesays.com\/es\/127719\/"},"modified":"2025-09-20T16:12:16","modified_gmt":"2025-09-20T16:12:16","slug":"frankenstein-de-guillermo-del-toro-se-proyectara-en-salas-imax-por-tiempo-limitado-antes-de-su-llegada-a-netflix","status":"publish","type":"post","link":"https:\/\/www.europesays.com\/es\/127719\/","title":{"rendered":"Frankenstein de Guillermo del Toro se proyectar\u00e1 en salas Imax por tiempo limitado antes de su llegada a Netflix"},"content":{"rendered":"<p>Netflix estrenar\u00e1 en las salas Imax durante un tiempo limitado Frankenstein, la nueva pel\u00edcula del aclamado cineasta Guillermo del Toro que protagoniza Oscar Isaac.<\/p>\n<p>Aunque <a href=\"https:\/\/www.hobbyconsolas.com\/reportajes\/netflix-espana-planes-precio-compartir-cuenta-catalogo-1150345\" title=\"Netflix Espa\u00f1a: planes, precio, compartir cuenta, cat\u00e1logo y m\u00e1s\" rel=\"nofollow noopener\" target=\"_blank\">Netflix<\/a> no es muy partidaria de lanzar sus pel\u00edculas originales en los cines, hay ocasiones en las que hace una excepci\u00f3n y estrena algunos t\u00edtulos en las salas antes de su incorporaci\u00f3n a la plataforma (sobre todo cuando quieren ganar premios con ellas).<\/p>\n<p>Tal va a ser el caso con <a href=\"https:\/\/www.hobbyconsolas.com\/noticias\/netflix-pone-fecha-estreno-frankenstein-guillermo-toro-concede-estreno-limitado-cines-1478921\" title=\"Netflix pone fecha de estreno al Frankenstein de Guillermo del Toro y le concede un estreno limitado en cines\" rel=\"nofollow noopener\" target=\"_blank\">Frankenstein<\/a>, la nueva <strong>pel\u00edcula<\/strong> de Guillermo del Toro donde el cineasta adapta el cl\u00e1sico literario de Mary Shelley a trav\u00e9s de una historia ideada por el propio director.<\/p>\n<p><img alt=\"Estas son las mejores tablets para ver pel\u00edculas y series\" loading=\"lazy\" width=\"127\" height=\"74\" decoding=\"async\" data-nimg=\"1\" style=\"color:transparent\"  src=\"https:\/\/www.europesays.com\/es\/wp-content\/uploads\/2025\/09\/1758175216_712_teclast-m30-pro-2165281.jpg\"\/>Estas son las mejores tablets para ver pel\u00edculas y series<\/p>\n<p>Si sueles ver series cuando viajas o en varias partes de casa, estas tablets pueden ser buenas compa\u00f1eras para el consumo de entretenimiento.<\/p>\n<p><a class=\"product-button\" href=\"https:\/\/www.hobbyconsolas.com\/reportajes\/estas-son-mejores-tablets-ver-peliculas-series-estes-donde-estes-800065\" title=\"Estas son las mejores tablets para ver pel\u00edculas y series\" data-gacat=\"Tarjetas\" data-gaact=\"impresion-tarjeta\" target=\"_blank\" rel=\"noreferrer nofollow noopener\">Ver listado<\/a><\/p>\n<p>En el libro seguimos la historia de Victor Frankenstein, un estudiante de ciencias naturales de la universidad de Ingolstadt que <strong>consigue dar vida a un ser de apariencia humana, pero de dos metros y medio de altura y aspecto repulsivo<\/strong>.<\/p>\n<p>Consciente del horror que ha creado, Frankenstein rechaza con espanto el resultado de su experimento y huye de su laboratorio. Al regresar descubre que el monstruo ha desaparecido y piensa que todo ha acabado. Pero en realidad es el principio de su pesadilla, pues <strong>la criatura comienza a despertar odio a la humanidad al sentir el rechazo hacia su persona<\/strong>.<\/p>\n<p>Frankenstein de Guillermo del Toro llegar\u00e1 por tiempo limitado a las salas Imax<\/p>\n<p>Tal como recoge <a href=\"https:\/\/deadline.com\/2025\/09\/imax-to-screen-netflix-frankenstein-limited-1236548359\/\" target=\"_blank\" rel=\"nofollow noopener\" title=\"Deadline\">Deadline<\/a>, la nueva pel\u00edcula de <strong>Netflix<\/strong> no solo se exhibir\u00e1 en los cines, sino que tambi\u00e9n contar\u00e1 con un lanzamiento en las salas <a href=\"https:\/\/www.hobbyconsolas.com\/reportajes\/imax-formato-apasiona-directores-como-christopher-nolan-denis-villeneuve-1475652\" title=\"Qu\u00e9 es IMAX: el formato que apasiona a directores como Christopher Nolan o Denis Villeneuve\" rel=\"nofollow noopener\" target=\"_blank\">Imax<\/a>, aunque en un n\u00famero reducido de ellas.<\/p>\n<p>\u00abEs una pel\u00edcula de cine. Frankenstein e Imax son una gran sinergia. Es grande. Imax es grande, ruidoso\u00bb, comparti\u00f3 Rich Gelfond, CEO de Imax, agregando que <strong>estar\u00e1 en un n\u00famero reducido de salas en \u00abun par de semanas\u00bb<\/strong>.<\/p>\n<p>Adem\u00e1s de <a href=\"https:\/\/www.hobbyconsolas.com\/listas\/grandes-personajes-interpretados-actores-no-habian-actuado-nunca-casi-nunca-756971\" title=\"Grandes personajes interpretados por actores que no hab\u00edan actuado nunca (o casi nunca)\" rel=\"nofollow noopener\" target=\"_blank\">Oscar Isaac<\/a>, conforman el reparto de la cinta Jacob Elordi, Mia Goth, Christoph Waltz, David Bradley, Lars Mikkelsen, Christian Convery, Sofia Galasso y Felix Kammerer.<\/p>\n<p><strong>Frankenstein<\/strong><strong> se estrena en las salas de cine de Espa\u00f1a el pr\u00f3ximo 24 de octubre de 2025 y estar\u00e1 disponible en el cat\u00e1logo de Netflix a partir del 7 de noviembre<\/strong>. \u00bfTienes ganas de ver la nueva <a href=\"https:\/\/www.hobbyconsolas.com\/listas\/monsterverso-peliculas-series-franquicia-legendary-orden-verlas-1459075\" title=\"Monsterverso: pel\u00edculas y series de la franquicia de Legendary y orden para verlas\" rel=\"nofollow noopener\" target=\"_blank\">pel\u00edcula<\/a> de Guillermo del Toro en la sala Imax?<\/p>\n<p>Conoce <a href=\"https:\/\/www.hobbyconsolas.com\/como-trabajamos\" title=\"&quot;C\u00f3mo trabajamos en HobbyConsolas&quot;\" target=\"_blank\" rel=\"nofollow noopener\">c\u00f3mo trabajamos<\/a> en HobbyConsolas.<\/p>\n<p class=\"more-info_p__isR8T\">Etiquetas: <a href=\"https:\/\/www.hobbyconsolas.com\/tags\/netflix\" rel=\"nofollow noopener\" target=\"_blank\">Netflix<\/a><\/p>\n","protected":false},"excerpt":{"rendered":"Netflix estrenar\u00e1 en las salas Imax durante un tiempo limitado Frankenstein, la nueva pel\u00edcula del aclamado cineasta Guillermo&hellip;\n","protected":false},"author":2,"featured_media":127720,"comment_status":"","ping_status":"","sticky":false,"template":"","format":"standard","meta":{"footnotes":""},"categories":[169],"tags":[177,146,147,25,24,176,175,23],"class_list":{"0":"post-127719","1":"post","2":"type-post","3":"status-publish","4":"format-standard","5":"has-post-thumbnail","7":"category-cine","8":"tag-cine","9":"tag-entertainment","10":"tag-entretenimiento","11":"tag-es","12":"tag-espana","13":"tag-film","14":"tag-movies","15":"tag-spain"},"share_on_mastodon":{"url":"","error":""},"_links":{"self":[{"href":"https:\/\/www.europesays.com\/es\/wp-json\/wp\/v2\/posts\/127719","targetHints":{"allow":["GET"]}}],"collection":[{"href":"https:\/\/www.europesays.com\/es\/wp-json\/wp\/v2\/posts"}],"about":[{"href":"https:\/\/www.europesays.com\/es\/wp-json\/wp\/v2\/types\/post"}],"author":[{"embeddable":true,"href":"https:\/\/www.europesays.com\/es\/wp-json\/wp\/v2\/users\/2"}],"replies":[{"embeddable":true,"href":"https:\/\/www.europesays.com\/es\/wp-json\/wp\/v2\/comments?post=127719"}],"version-history":[{"count":0,"href":"https:\/\/www.europesays.com\/es\/wp-json\/wp\/v2\/posts\/127719\/revisions"}],"wp:featuredmedia":[{"embeddable":true,"href":"https:\/\/www.europesays.com\/es\/wp-json\/wp\/v2\/media\/127720"}],"wp:attachment":[{"href":"https:\/\/www.europesays.com\/es\/wp-json\/wp\/v2\/media?parent=127719"}],"wp:term":[{"taxonomy":"category","embeddable":true,"href":"https:\/\/www.europesays.com\/es\/wp-json\/wp\/v2\/categories?post=127719"},{"taxonomy":"post_tag","embeddable":true,"href":"https:\/\/www.europesays.com\/es\/wp-json\/wp\/v2\/tags?post=127719"}],"curies":[{"name":"wp","href":"https:\/\/api.w.org\/{rel}","templated":true}]}}