{"id":127721,"date":"2025-09-20T16:13:13","date_gmt":"2025-09-20T16:13:13","guid":{"rendered":"https:\/\/www.europesays.com\/es\/127721\/"},"modified":"2025-09-20T16:13:13","modified_gmt":"2025-09-20T16:13:13","slug":"el-plan-es-pelear-un-podio","status":"publish","type":"post","link":"https:\/\/www.europesays.com\/es\/127721\/","title":{"rendered":"El plan es pelear un podio"},"content":{"rendered":"<p data-journey-content=\"true\" data-node-id=\"3\" class=\"css-6wxqfj emevuu60\">Carlos Sainz llegaba al GP de Azerbaiy\u00e1n con la intenci\u00f3n de cortar una de sus peores rachas desde que se uni\u00f3 a la F\u00f3rmula 1 en 2015, y es la de llevar seis Grandes Premios consecutivos sin sumar ni un solo punto. Sobre el papel, el \u201855\u2019 aseguraba que el trazado de Bak\u00fa podr\u00eda favorecer las condiciones del FW47, que quitando las curvas largas, tiene potencial. De hecho, tras los primeros entrenamientos libres, el espa\u00f1ol afirm\u00f3 que el <a href=\"https:\/\/www.caranddriver.com\/es\/formula-1\/a67960632\/carlos-sainz-recupera-sonrisa-williams-f1-gp-azerbaiyan-ritmo-bueno\/\" target=\"_blank\" data-vars-ga-outbound-link=\"https:\/\/www.caranddriver.com\/es\/formula-1\/a67960632\/carlos-sainz-recupera-sonrisa-williams-f1-gp-azerbaiyan-ritmo-bueno\/\" data-vars-ga-ux-element=\"Hyperlink\" data-vars-ga-call-to-action=\"ritmo de carrera que ten\u00eda Williams F1 \u201ces competitivo\u201d.\" data-node-id=\"3.1\" class=\"body-link css-168zq96 emevuu60\" rel=\"nofollow noopener\">ritmo de carrera que ten\u00eda Williams F1 \u201ces competitivo\u201d.<\/a><\/p>\n<p>Carlos Sainz hace so\u00f1ar a Williams F1<\/p>\n<p data-journey-content=\"true\" data-node-id=\"7\" class=\"css-6wxqfj emevuu60\">En la Q1, <strong data-node-id=\"7.1\">el espa\u00f1ol se ver\u00eda perjudicado por el caos de las banderas rojas provocadas por su propio compa\u00f1ero de equipo<\/strong>, Nico H\u00fclkenberg y Franco Colapinto, en especial con el accidente del alem\u00e1n, que pillaba al espa\u00f1ol en vuelta. A pesar de ello, el de Williams lograba pasar sin demasiados problemas a la Q2, donde tambi\u00e9n lograba colocarse entre los diez primeros, materializando as\u00ed su tercer pase a la Q3 en los \u00faltimos diez Grandes Premios.  <\/p>\n<p data-journey-content=\"true\" data-node-id=\"9\" class=\"css-6wxqfj emevuu60\">Y llegaba la hora de la verdad, a pesar de que el C6 y el C5 estaban siendo <a href=\"https:\/\/www.caranddriver.com\/es\/formula-1\/a67785131\/carlos-sainz-confuso-rendimiento-williams-entender-desconcertado\/\" target=\"_blank\" data-vars-ga-outbound-link=\"https:\/\/www.caranddriver.com\/es\/formula-1\/a67785131\/carlos-sainz-confuso-rendimiento-williams-entender-desconcertado\/\" data-vars-ga-ux-element=\"Hyperlink\" data-vars-ga-call-to-action=\"dos gomas que no terminaban de acomodarse al FW47\" data-node-id=\"9.1\" class=\"body-link css-168zq96 emevuu60\" rel=\"nofollow noopener\">dos gomas que no terminaban de acomodarse al FW47<\/a>, el espa\u00f1ol logr\u00f3 cerrar su primera vuelta ante la amenaza de lluvia, <strong data-node-id=\"9.3\">que se sumar\u00eda a la bandera roja provocada por Charles Leclerc. Esto permitir\u00eda so\u00f1ar a Carlos Sainz con la pole,<\/strong> algo que incluso ir\u00eda a m\u00e1s tras una nueva bandera roja de Oscar Piastri a falta de tres minutos para el final. Sin embargo, al retomarse la clasificaci\u00f3n, Max Verstappen lograr\u00eda arrebatarle el tiempo m\u00e1s r\u00e1pido, relegando al espa\u00f1ol a la 2\u00aa posici\u00f3n.<\/p>\n<p><img draggable=\"true\" alt=\"carlos sainz williams f1\" title=\"Carlos Sainz Williams F1\" loading=\"lazy\" width=\"5553\" height=\"3702\" decoding=\"async\" data-nimg=\"1\" style=\"color:transparent;width:100%;height:auto;\"   src=\"https:\/\/www.europesays.com\/es\/wp-content\/uploads\/2025\/09\/gettyimages-2235864885-68ceb49797e62.jpg\" class=\"css-0 e1g79fud0\"\/><a target=\"_blank\" rel=\"noopener nofollow\" data-theme-key=\"base-link\" href=\"https:\/\/pinterest.com\/pin\/create\/button\/?url=https:\/\/www.caranddriver.com\/es\/formula-1\/a67977111\/carlos-sainz-punetazo-williams-f1-gp-azerbaiyan-plan-pelear-podio\/&amp;description=&amp;media=https:\/\/hips.hearstapps.com\/hmg-prod\/images\/gettyimages-2235864885-68ceb49797e62.jpg?resize=1600:*\" class=\"pinterest css-on9hn5 e1c1bym14\"><img decoding=\"async\" data-dynamic-svg=\"true\" src=\"https:\/\/www.caranddriver.com\/_assets\/design-tokens\/fre\/static\/icons\/social\/pinterest.e8cf655.svg?primary=%2523ffffff\" loading=\"lazy\" data-testid=\"dynamic-svg-base\" height=\"auto\" width=\"auto\" alt=\"pinterest\" class=\"css-4lml0h e1mlxuuw1\"\/><\/a><\/p>\n<p>ALEXANDER NEMENOV<\/p>\n<p data-journey-content=\"true\" data-node-id=\"14\" class=\"css-6wxqfj emevuu60\">\u201cObviamente, en el momento en que un coche de primer nivel iba a hacer una vuelta as\u00ed, pues nosotros \u00edbamos a estar esas cuatro o cinco d\u00e9cimas por detr\u00e1s como siempre. Pero fue solo uno de ellos, que adem\u00e1s fue Max, as\u00ed que no estoy sorprendido.<strong data-node-id=\"14.1\"> Y por lo dem\u00e1s, logramos vencerlos a todos. Y s\u00ed, est\u00e1bamos segundos, lo cual es una gran noticia<\/strong>\u201d, dec\u00eda el piloto de Williams.<\/p>\n<p data-journey-content=\"true\" data-node-id=\"16\" class=\"css-6wxqfj emevuu60\">\u201cEstoy cumpliendo en la clasificaci\u00f3n cuando cuenta. Y desafortunadamente, solo el a\u00f1o en t\u00e9rminos de carreras y puntos no va como queremos. <strong data-node-id=\"16.1\">Pero mientras la velocidad est\u00e9 ah\u00ed, cosas como las de hoy demuestran que los puntos y las buenas carreras vendr\u00e1n<\/strong>\u201d, prosigui\u00f3.<\/p>\n<p data-journey-content=\"true\" data-node-id=\"18\" class=\"css-6wxqfj emevuu60\">\u201cVoy a planificar todo para ma\u00f1ana.<strong data-node-id=\"18.1\"> Intentar\u00e9 meterme en el podio. Voy a dar lo mejor de m\u00ed para darle a Williams el primer podio. Si es posible, genial.<\/strong> Y si no lo es, ya veremos\u00bb\u201d, concluy\u00f3 <a href=\"https:\/\/www.caranddriver.com\/es\/formula-1\/pilotos\/a3615\/carlos-sainz\/\" target=\"_blank\" data-vars-ga-outbound-link=\"https:\/\/www.caranddriver.com\/es\/formula-1\/pilotos\/a3615\/carlos-sainz\/\" data-vars-ga-ux-element=\"Hyperlink\" data-vars-ga-call-to-action=\"Carlos Sainz. \" data-node-id=\"18.3\" class=\"body-link css-168zq96 emevuu60\" rel=\"nofollow noopener\">Carlos Sainz. <\/a><\/p>\n<p data-journey-content=\"true\" data-node-id=\"20\" class=\"css-6wxqfj emevuu60\">Es as\u00ed como el piloto de Williams ha terminado en la 2\u00aa posici\u00f3n tras una clasificaci\u00f3n marcada por las banderas rojas y las condiciones meteorol\u00f3gicas en Q3.<\/p>\n<p>Contenidos relacionados<\/p>\n","protected":false},"excerpt":{"rendered":"Carlos Sainz llegaba al GP de Azerbaiy\u00e1n con la intenci\u00f3n de cortar una de sus peores rachas desde&hellip;\n","protected":false},"author":2,"featured_media":127722,"comment_status":"","ping_status":"","sticky":false,"template":"","format":"standard","meta":{"footnotes":""},"categories":[93],"tags":[168,253,25,24,23,167],"class_list":{"0":"post-127721","1":"post","2":"type-post","3":"status-publish","4":"format-standard","5":"has-post-thumbnail","7":"category-deportes","8":"tag-deportes","9":"tag-discover","10":"tag-es","11":"tag-espana","12":"tag-spain","13":"tag-sports"},"share_on_mastodon":{"url":"","error":""},"_links":{"self":[{"href":"https:\/\/www.europesays.com\/es\/wp-json\/wp\/v2\/posts\/127721","targetHints":{"allow":["GET"]}}],"collection":[{"href":"https:\/\/www.europesays.com\/es\/wp-json\/wp\/v2\/posts"}],"about":[{"href":"https:\/\/www.europesays.com\/es\/wp-json\/wp\/v2\/types\/post"}],"author":[{"embeddable":true,"href":"https:\/\/www.europesays.com\/es\/wp-json\/wp\/v2\/users\/2"}],"replies":[{"embeddable":true,"href":"https:\/\/www.europesays.com\/es\/wp-json\/wp\/v2\/comments?post=127721"}],"version-history":[{"count":0,"href":"https:\/\/www.europesays.com\/es\/wp-json\/wp\/v2\/posts\/127721\/revisions"}],"wp:featuredmedia":[{"embeddable":true,"href":"https:\/\/www.europesays.com\/es\/wp-json\/wp\/v2\/media\/127722"}],"wp:attachment":[{"href":"https:\/\/www.europesays.com\/es\/wp-json\/wp\/v2\/media?parent=127721"}],"wp:term":[{"taxonomy":"category","embeddable":true,"href":"https:\/\/www.europesays.com\/es\/wp-json\/wp\/v2\/categories?post=127721"},{"taxonomy":"post_tag","embeddable":true,"href":"https:\/\/www.europesays.com\/es\/wp-json\/wp\/v2\/tags?post=127721"}],"curies":[{"name":"wp","href":"https:\/\/api.w.org\/{rel}","templated":true}]}}